{"id":1568,"date":"2020-11-26T07:43:34","date_gmt":"2020-11-26T13:43:34","guid":{"rendered":"http:\/\/losperiodistas.com.mx\/portal\/?p=1568"},"modified":"2020-11-26T07:43:34","modified_gmt":"2020-11-26T13:43:34","slug":"mexico-podria-alcanzar-280000-muertes-en-exceso-por-covid-19-al-terminar-el-2020-analisis","status":"publish","type":"post","link":"https:\/\/losperiodistas.com.mx\/portal\/mexico-podria-alcanzar-280000-muertes-en-exceso-por-covid-19-al-terminar-el-2020-analisis\/","title":{"rendered":"M\u00e9xico podr\u00eda alcanzar 280,000 muertes en exceso por COVID-19 al terminar el 2020: an\u00e1lisis"},"content":{"rendered":"\n<p style=\"font-size:18px\"><em>Hasta finales de octubre se estimaba que hab\u00eda 193, 170 muertes extra en el pa\u00eds por la pandemia<\/em><\/p>\n\n\n\n<p class=\"has-vivid-cyan-blue-color has-text-color has-medium-font-size\">INFOBAE<\/p>\n\n\n\n<p>La pandemia por coronavirus en M\u00e9xico ha sumido al pa\u00eds en una profunda crisis sanitaria, econ\u00f3mica y social de la cual intenta recuperarse actualmente. Sin embargo<strong>, el exceso de muertes podr\u00eda superar los 2,800 casos al concluir el 2020.<\/strong><\/p>\n\n\n\n<p>El exceso de mortalidad hace referencia a<strong>&nbsp;la diferencia que existe en el n\u00famero de actas de defunci\u00f3n registradas en comparaci\u00f3n con a\u00f1os anteriores.&nbsp;<\/strong>Por la pandemia, en M\u00e9xico se han registrado&nbsp;<strong>193,170 actas<\/strong>&nbsp;de defunci\u00f3n extras&nbsp;<strong>hasta finales de octubre.<\/strong><\/p>\n\n\n\n<p>Estas cifras fueron reportadas por el<strong>\u00a0Centro de Nacional de Programas Preventivos y Control de Enfermedades\u00a0<\/strong>(Cenaprece) y el Instituto Nacional de Estad\u00edstica y Georgraf\u00eda (Inegi). Sin embargo, un an\u00e1lisis publicado en el peri\u00f3dico\u00a0<em>El Universal<\/em>\u00a0estima que\u00a0<strong>este n\u00famero podr\u00eda aumentar hasta las 280,000 muertes en exceso,\u00a0<\/strong>basado en los n\u00fameros reportados a su vez por la Secretar\u00eda de Salud (SSa) y las otras dos instituciones.\u00a0<\/p>\n\n\n\n<p>El matem\u00e1tico&nbsp;<em>Ra\u00fal Roja<\/em>s explic\u00f3 que los decesos por coronavirus en el pa\u00eds ser\u00edan<strong>&nbsp;2.5 veces m\u00e1s que los reportados por la SSa&nbsp;<\/strong>porque esta no considera dentro de las cifras oficiales a los difuntos que sin una prueba diagn\u00f3stica.<img fetchpriority=\"high\" decoding=\"async\" alt=\"En total se acumulan 1,070,487casos positivos y 103,597 fallecimientos causados por la enfermedad de coronavirus en M\u00e9xico (Foto: EFE\/ Jorge N\u00fa\u00f1ez)\n\" height=\"3712\" src=\"https:\/\/www.infobae.com\/new-resizer\/V-ATA0inYhKp36FgW1fN-fGqnrY=\/420x280\/filters:format(jpg):quality(85)\/\/cloudfront-us-east-1.images.arcpublishing.com\/infobae\/DK63ZN3L25B5VAWRV7WGFETX5Y.jpg\" width=\"5568\">En total se acumulan 1,070,487casos positivos y 103,597 fallecimientos causados por la enfermedad de coronavirus en M\u00e9xico (Foto: EFE\/ Jorge N\u00fa\u00f1ez)<\/p>\n\n\n\n<p>Se\u00f1al\u00f3 que el acta puede mencionar los s\u00edntomas de la enfermedad o tener la opini\u00f3n m\u00e9dica firmada de que la persona fallecida padec\u00eda COVID-19 y aun as\u00ed no ser\u00eda tomada en cuenta para las cifras oficiales.<\/p>\n\n\n\n<p>Ante este panorama,&nbsp;<strong>la estimaci\u00f3n de 193,170 decesos en la primera decena de meses del 2020 podr\u00eda estar incompleta.&nbsp;<\/strong>El medio mexicano recalc\u00f3 que para el momento en el que se dio a conocer la cifra, varios estados de la Rep\u00fablica no habr\u00edan reportado a\u00fan sus estad\u00edsticas.<\/p>\n\n\n\n<p>En especial se refiere a ocho estados:<strong>&nbsp;Chiapas, Guerrero, Oaxaca, Puebla, Sinaloa, Tabasco, Tlaxcala y Yucat\u00e1n<\/strong>, en donde se concentra 25% de la poblaci\u00f3n actual. Asegur\u00f3 que:Aunque los datos de exceso de actas de defunci\u00f3n han estado disponibles durante meses, nadie los toma en cuenta<\/p>\n\n\n\n<p>Inform\u00f3 que los c\u00e1lculos que realiz\u00f3 cuentan con 7% de error, pero que este no se compara con el porcentaje de 150% con el cuentan los datos de la SSa.<\/p>\n\n\n\n<p>Se\u00f1al\u00f3 que<strong>&nbsp;as\u00ed como hubo revuelo cuando las cifras oficiales llegaron a los 100,00 muertos confirmados de coronavirus, tambi\u00e9n tendr\u00eda que haber existido en el momento que el exceso de mortalidad<\/strong>&nbsp;supero esa cantidad de v\u00edctimas. \u201cLos dos mundos paralelos, el de la SSa y la realidad, evolucionan por separado\u201d, escribi\u00f3.<\/p>\n\n\n\n<p>Existe&nbsp;<strong>una falta de empat\u00eda con las personas que perdieron la vida por el coronavirus<\/strong>, asegur\u00f3 el matem\u00e1tico, y compar\u00f3 esta actitud con la forma en la que los Ej\u00e9rcitos pod\u00edan exterminar a sus enemigos o ver aniquilados a sus propios soldados.<img decoding=\"async\" alt=\"La estimaci\u00f3n de 193,170 decesos en la primera decena de meses del 2020 podr\u00eda estar incompleta. (Foto: EFE\/S\u00e1shenka Guti\u00e9rrez)\" height=\"3245\" src=\"https:\/\/www.infobae.com\/new-resizer\/_hadfrnBhcUUWsmF1ftGWQRqzCA=\/420x280\/filters:format(jpg):quality(85)\/\/cloudfront-us-east-1.images.arcpublishing.com\/infobae\/3FPUOKC3QRHFBNJIBL6RBT42IM.jpg\" width=\"4868\">La estimaci\u00f3n de 193,170 decesos en la primera decena de meses del 2020 podr\u00eda estar incompleta. (Foto: EFE\/S\u00e1shenka Guti\u00e9rrez)<\/p>\n\n\n\n<p>En cuanto a la m\u00e1s reciente cifra de la pandemia en M\u00e9xico, la SSa report\u00f3 por segundo d\u00eda consecutivo m\u00e1s de 10,000 contagios y 858 muertes. En total se acumulan&nbsp;<strong>1,070,487casos positivos<\/strong>&nbsp;y<strong>&nbsp;103,597 fallecimientos<\/strong>&nbsp;causados por la enfermedad de coronavirus.<\/p>\n\n\n\n<p>Se tienen a la espera de resultados a 69,555 casos sospechosos, otros 1 mill\u00f3n 293 mil 654negativos y un total de 2 millones 771 mil 888 personas estudiadas desde el primer caso registrado en el pa\u00eds.<\/p>\n\n\n\n<p>En cuanto a las entidades con mayor cantidad de casos activos, es decir, de personas con s\u00edntomas de COVID-19 en los \u00faltimos 14 d\u00edas, son la Ciudad de M\u00e9xico,\u00a0<strong>Guanajuato, Nuevo Le\u00f3n, Estado de M\u00e9xico, Quer\u00e9taro, Coahuila, Durango, Jalisco y Zacatecas.<\/strong><\/p>\n\n\n\n<p>Fuente: https:\/\/www.infobae.com\/america\/mexico\/2020\/11\/26\/mexico-podria-alcanzar-280000-muertes-en-exceso-por-covid-19-al-terminar-el-2020-analisis\/<\/p>\n","protected":false},"excerpt":{"rendered":"<p>Hasta finales de octubre se estimaba que hab\u00eda 193, 170 muertes extra en el pa\u00eds por la pandemia INFOBAE La [&hellip;]<\/p>\n","protected":false},"author":1,"featured_media":1569,"comment_status":"open","ping_status":"open","sticky":false,"template":"","format":"standard","meta":{"site-sidebar-layout":"default","site-content-layout":"","ast-site-content-layout":"default","site-content-style":"default","site-sidebar-style":"default","ast-global-header-display":"","ast-banner-title-visibility":"","ast-main-header-display":"","ast-hfb-above-header-display":"","ast-hfb-below-header-display":"","ast-hfb-mobile-header-display":"","site-post-title":"","ast-breadcrumbs-content":"","ast-featured-img":"","footer-sml-layout":"","theme-transparent-header-meta":"","adv-header-id-meta":"","stick-header-meta":"","header-above-stick-meta":"","header-main-stick-meta":"","header-below-stick-meta":"","astra-migrate-meta-layouts":"default","ast-page-background-enabled":"default","ast-page-background-meta":{"desktop":{"background-color":"var(--ast-global-color-4)","background-image":"","background-repeat":"repeat","background-position":"center center","background-size":"auto","background-attachment":"scroll","background-type":"","background-media":"","overlay-type":"","overlay-color":"","overlay-opacity":"","overlay-gradient":""},"tablet":{"background-color":"","background-image":"","background-repeat":"repeat","background-position":"center center","background-size":"auto","background-attachment":"scroll","background-type":"","background-media":"","overlay-type":"","overlay-color":"","overlay-opacity":"","overlay-gradient":""},"mobile":{"background-color":"","background-image":"","background-repeat":"repeat","background-position":"center center","background-size":"auto","background-attachment":"scroll","background-type":"","background-media":"","overlay-type":"","overlay-color":"","overlay-opacity":"","overlay-gradient":""}},"ast-content-background-meta":{"desktop":{"background-color":"var(--ast-global-color-5)","background-image":"","background-repeat":"repeat","background-position":"center center","background-size":"auto","background-attachment":"scroll","background-type":"","background-media":"","overlay-type":"","overlay-color":"","overlay-opacity":"","overlay-gradient":""},"tablet":{"background-color":"var(--ast-global-color-5)","background-image":"","background-repeat":"repeat","background-position":"center center","background-size":"auto","background-attachment":"scroll","background-type":"","background-media":"","overlay-type":"","overlay-color":"","overlay-opacity":"","overlay-gradient":""},"mobile":{"background-color":"var(--ast-global-color-5)","background-image":"","background-repeat":"repeat","background-position":"center center","background-size":"auto","background-attachment":"scroll","background-type":"","background-media":"","overlay-type":"","overlay-color":"","overlay-opacity":"","overlay-gradient":""}},"footnotes":""},"categories":[8],"tags":[],"class_list":["post-1568","post","type-post","status-publish","format-standard","has-post-thumbnail","hentry","category-noticias"],"_links":{"self":[{"href":"https:\/\/losperiodistas.com.mx\/portal\/wp-json\/wp\/v2\/posts\/1568","targetHints":{"allow":["GET"]}}],"collection":[{"href":"https:\/\/losperiodistas.com.mx\/portal\/wp-json\/wp\/v2\/posts"}],"about":[{"href":"https:\/\/losperiodistas.com.mx\/portal\/wp-json\/wp\/v2\/types\/post"}],"author":[{"embeddable":true,"href":"https:\/\/losperiodistas.com.mx\/portal\/wp-json\/wp\/v2\/users\/1"}],"replies":[{"embeddable":true,"href":"https:\/\/losperiodistas.com.mx\/portal\/wp-json\/wp\/v2\/comments?post=1568"}],"version-history":[{"count":1,"href":"https:\/\/losperiodistas.com.mx\/portal\/wp-json\/wp\/v2\/posts\/1568\/revisions"}],"predecessor-version":[{"id":1570,"href":"https:\/\/losperiodistas.com.mx\/portal\/wp-json\/wp\/v2\/posts\/1568\/revisions\/1570"}],"wp:featuredmedia":[{"embeddable":true,"href":"https:\/\/losperiodistas.com.mx\/portal\/wp-json\/wp\/v2\/media\/1569"}],"wp:attachment":[{"href":"https:\/\/losperiodistas.com.mx\/portal\/wp-json\/wp\/v2\/media?parent=1568"}],"wp:term":[{"taxonomy":"category","embeddable":true,"href":"https:\/\/losperiodistas.com.mx\/portal\/wp-json\/wp\/v2\/categories?post=1568"},{"taxonomy":"post_tag","embeddable":true,"href":"https:\/\/losperiodistas.com.mx\/portal\/wp-json\/wp\/v2\/tags?post=1568"}],"curies":[{"name":"wp","href":"https:\/\/api.w.org\/{rel}","templated":true}]}}