{"id":1565,"date":"2020-11-26T07:10:45","date_gmt":"2020-11-26T13:10:45","guid":{"rendered":"http:\/\/losperiodistas.com.mx\/portal\/?p=1565"},"modified":"2020-11-26T07:10:45","modified_gmt":"2020-11-26T13:10:45","slug":"dos-anos-de-gobierno-de-amlo-como-va-el-combate-a-la-corrupcion","status":"publish","type":"post","link":"https:\/\/losperiodistas.com.mx\/portal\/dos-anos-de-gobierno-de-amlo-como-va-el-combate-a-la-corrupcion\/","title":{"rendered":"Dos a\u00f1os de gobierno de AMLO: c\u00f3mo va el combate a la corrupci\u00f3n"},"content":{"rendered":"\n<p style=\"font-size:18px\"><em>A cuatro a\u00f1os de las reformas para la creaci\u00f3n del Sistema Nacional Anticorrupci\u00f3n, a\u00fan falta nombrar a los magistrados especializados en la materia.<\/em><\/p>\n\n\n\n<p class=\"has-vivid-cyan-blue-color has-text-color has-medium-font-size\">EL ECONOMISTA<\/p>\n\n\n\n<h2 class=\"wp-block-heading\">Extraditado, pero libre bajo palabra<\/h2>\n\n\n\n<p>En febrero de este a\u00f1o, autoridades espa\u00f1olas anunciaron la detenci\u00f3n, en una zona residencial de M\u00e1laga, de Emilio \u201cL\u201d, director de Pemex entre el 2012 y 2016, en el sexenio de Enrique Pe\u00f1a Nieto. En junio acept\u00f3 su extradici\u00f3n a M\u00e9xico bajo un acuerdo con la Fiscal\u00eda General de la Rep\u00fablica para ser tratado como testigo colaborador en casos como Odebrecht. Tras un breve paso por un hospital privado, debido a que al llegar al pa\u00eds present\u00f3 anemia, se le permiti\u00f3 ir a su casa con libertad bajo palabra.<\/p>\n\n\n\n<h2 class=\"wp-block-heading\">Buscar\u00e1 trato como el de Emilio Lozoya<\/h2>\n\n\n\n<p>A quien fuera titular de Desarrollo Social y Desarrollo Agrario, Territorial y Urbano en el sexenio pasado, Rosario \u201cR\u201d, se le dict\u00f3 prisi\u00f3n preventiva en agosto del 2019 al vincul\u00e1rsele con la \u201cEstafa Maestra\u201d, mecanismo por el cual se desviaron m\u00e1s de 5,000 millones de pesos de recursos p\u00fablicos. Desde entonces permanece en el penal de Santa Martha Acatitla. Al principio se dijo perseguida pol\u00edtica de la gesti\u00f3n de Andr\u00e9s Manuel L\u00f3pez Obrador; el martes pasado anunci\u00f3 que colaborar\u00e1 con la Fiscal\u00eda General en el caso.<\/p>\n\n\n\n<h2 class=\"wp-block-heading\">La Fiscal\u00eda General, todav\u00eda sin pruebas<\/h2>\n\n\n\n<p>El extitular de Hacienda y Relaciones Exteriores, Luis Videgaray, es se\u00f1alado por el caso de la \u201cEstafa Maestra\u201d y Odebrecht, espec\u00edficamente por quienes fueran sus compa\u00f1eros de gabinete: Rosario \u201cR\u201d y Emilio \u201cL\u201d. En la v\u00edspera, el exfuncionario, que se encuentra en Estados Unidos, se desvincul\u00f3 de las acusaciones.<\/p>\n\n\n\n<p>La Fiscal\u00eda General de la Rep\u00fablica solicit\u00f3 recientemente una orden de aprehensi\u00f3n en su contra por el caso Odebrecht, la cual fue negada por un juez federal al considerar que estaba mal integrada.<\/p>\n\n\n\n<h2 class=\"wp-block-heading\">Negoci\u00f3 gobierno su regreso al pa\u00eds<\/h2>\n\n\n\n<p>Por solicitud de la Agencia para el Control de Drogas de Estados Unidos (DEA, por su sigla en ingl\u00e9s), el secretario de la Defensa Nacional entre el 2012 y 2018, Salvador Cienfuegos fue arrestado en los \u00c1ngeles, California, en octubre pasado por presuntos v\u00ednculos con el narcotraficante Juan Francisco Patr\u00f3n, el H2, abatido en el 2017 por la Marina. Despu\u00e9s de negociaciones entre el gobierno mexicano y el estadounidense para retirar los cargos, arrib\u00f3 a M\u00e9xico en donde se le inform\u00f3 que ser\u00e1 investigado, tras lo cual se fue a su casa.<\/p>\n\n\n\n<h2 class=\"wp-block-heading\">Un juicio en proceso, en Estados Unidos<\/h2>\n\n\n\n<p>En diciembre del 2019, el exsecretario de Seguridad P\u00fablica en el sexenio de Felipe Calder\u00f3n Hinojosa, Genaro Garc\u00eda Luna, fue detenido en Estados Unidos por sus presuntos v\u00ednculos con el tr\u00e1fico de drogas, espec\u00edficamente coca\u00edna, desde M\u00e9xico hacia Estados Unidos; adem\u00e1s de posibles relaciones con el C\u00e1rtel de Sinaloa.<\/p>\n\n\n\n<p>Actualmente afronta el proceso en una corte de Nueva York. El exfuncionario se ha declarado inocente de los cargos que le imputan las autoridades de la Uni\u00f3n Americana. El expresidente Calder\u00f3n, por su parte, se ha desvinculado de \u00e9l.<\/p>\n\n\n\n<h2 class=\"wp-block-heading\">Batallan para su retorno a M\u00e9xico<\/h2>\n\n\n\n<p>El exgobernador de Chihuahua, C\u00e9sar \u201cD\u201d, fue detenido en Miami, Florida, en julio pasado durante la visita del presidente Andr\u00e9s Manuel L\u00f3pez Obrador a Washington para reunirse con su hom\u00f3logo Donald Trump. La detenci\u00f3n se dio por solicitudes de extradici\u00f3n del gobierno mexicano para afrontar acusaciones por presuntos desv\u00edos de recursos. El exgobernador busca no ser extraditado. A su vez, Javier Duarte, exgobernador de Veracruz, ya encarcelado y sentenciado, ofreci\u00f3 colaborar con la FGR en el caso Odebrecht.<\/p>\n\n\n\n<h3 class=\"wp-block-heading\">Recuperar recursos, un pendiente<\/h3>\n\n\n\n<h2 class=\"wp-block-heading\">Hay cambios s\u00ed, pero a\u00fan no se reflejan, se\u00f1alan<\/h2>\n\n\n\n<p>A dos a\u00f1os de la entrada en funciones de la actual administraci\u00f3n encabezada por Andr\u00e9s Manuel L\u00f3pez Obrador, el combate a la corrupci\u00f3n no ha registrado grandes cambios ya que, si bien ahora los casos se han vuelto m\u00e1s medi\u00e1ticos, no hay resultados en cuanto a sentencias o recuperaci\u00f3n de recursos, coincidieron especialistas.<\/p>\n\n\n\n<p>En los dos primeros a\u00f1os de la gesti\u00f3n de L\u00f3pez Obrador han sido diversos los funcionarios de alto mando de las gestiones de Felipe Calder\u00f3n Hinojosa y de Enrique Pe\u00f1a Nieto, as\u00ed como exgobernadores, los se\u00f1alados por supuesta corrupci\u00f3n.<\/p>\n\n\n\n<p>Algunos de ellos afrontan en la actualidad procesos penales en M\u00e9xico; otros han sido se\u00f1alados en Estados Unidos.<\/p>\n\n\n\n<p>Sin embargo, casos como el de Emilio \u201cL\u201d, extitular de Pemex entre 2012 y 2016, en el sexenio de Enrique Pe\u00f1a Nieto, vinculado con presuntos sobornos, se encuentran en libertad bajo palabra ante la promesa de colaborar para resolver \u00e9ste y otros casos como Odebrecht, situaci\u00f3n que ha causado cr\u00edticas de especialistas.<\/p>\n\n\n\n<p>\u201cLa principal diferencia de esta administraci\u00f3n con las anteriores es el compromiso declarado contra la corrupci\u00f3n. El presidente ha movido el eje de la llamada lucha contra la corrupci\u00f3n a la Fiscal\u00eda General, el SAT y la UIF, y hay una percepci\u00f3n social de que el gobierno est\u00e1 trabajando en esta tarea.<\/p>\n\n\n\n<p>\u201cSin embargo, la corrupci\u00f3n en tr\u00e1mites y servicios, que incluye a los gobiernos federal y estatales, sigue creciendo. Y lamentablemente la gran corrupci\u00f3n trasnacional sigue sin sancionarse en M\u00e9xico. Sobre los casos m\u00e1s sonados, todav\u00eda no hay sentencias y ning\u00fan activo desviado ha sido recuperado. Hay cambios s\u00ed, pero todav\u00eda no est\u00e1n reflej\u00e1ndose\u201d, asegur\u00f3 Eduardo Boh\u00f3rquez, director de Transparencia Mexicana.<\/p>\n\n\n\n<p>El activista a\u00f1adi\u00f3 que la administraci\u00f3n lopezobradorista ha dejado de lado al Sistema Nacional Anticorrupci\u00f3n y han enfocado los esfuerzos del combate al flagelo a trav\u00e9s de la Fiscal\u00eda, el Servicio de Administraci\u00f3n Tributaria y la Unidad de Inteligencia Financiera.<\/p>\n\n\n\n<p>\u201cEl mayor faltante no est\u00e1 en las herramientas o los dise\u00f1os normativos, sino en los resultados, todav\u00eda no hay redes de corrupci\u00f3n desmanteladas, los casos de los exgobernadores siguen pendientes de juicio, y no hay recuperaci\u00f3n de activos ni reparaci\u00f3n del da\u00f1o a las v\u00edctimas. Hay m\u00e1s herramientas, m\u00e1s facultades, m\u00e1s trabajo, pero los resultados son todav\u00eda muy parecidos a los de anta\u00f1o\u201d, reiter\u00f3 Eduardo Boh\u00f3rquez.<\/p>\n\n\n\n<p>Por su parte, Marco Fern\u00e1ndez, coordinador del programa anticorrupci\u00f3n de M\u00e9xico Eval\u00faa, calific\u00f3 el combate a la corrupci\u00f3n en este gobierno como discursivo, poco efectivo y selectivo.<\/p>\n\n\n\n<p>El tambi\u00e9n acad\u00e9mico del TEC de Monterrey ahond\u00f3 que no hay una estrategia de investigaci\u00f3n y prevenci\u00f3n sistem\u00e1tica contra el problema.<\/p>\n\n\n\n<p>\u201cLa famosa escoba que barrer\u00eda la corrupci\u00f3n, que prometi\u00f3 el presidente, pues sus cerdas no llegan cuando los personajes son cercanos a Palacio; ah\u00ed est\u00e1 por ejemplo el caso del se\u00f1or (Manuel) Bartlett (titular de la Comisi\u00f3n Federal de Electricidad) que fue, no solamente exonerado, sino que ni siquiera se hizo una investigaci\u00f3n para poder explicar la multiplicaci\u00f3n de bienes que tiene el se\u00f1or, que no son consistentes con su historial como funcionario p\u00fablico que ha sido toda la vida\u201d, dijo el experto.<\/p>\n\n\n\n<p>Fern\u00e1ndez apunt\u00f3 que otra contradicci\u00f3n del presidente L\u00f3pez Obrador es que en campa\u00f1a asegur\u00f3 que no se abusar\u00eda en su mandato de las adjudicaciones directas y hoy en d\u00eda esto es un patr\u00f3n de su gobierno.<\/p>\n\n\n\n<p>A su vez, mencion\u00f3 que miembros del gabinete han utilizado huecos en la ley para no declarar la totalidad de sus bienes.<\/p>\n\n\n\n<p>En este sentido, en febrero del a\u00f1o pasado, se conoci\u00f3 el caso de la secretaria de Gobernaci\u00f3n, Olga S\u00e1nchez Cordero, quien es due\u00f1a de un departamento en el estado de Texas, en Estados Unidos, el cual no declar\u00f3.<\/p>\n\n\n\n<p>Para la integrante del Instituto de Investigaciones Jur\u00eddicas de la UNAM, Issa Luna Pla, las sanciones emitidas en casos de corrupci\u00f3n por la Secretar\u00eda de la Funci\u00f3n P\u00fablica, si bien tienen un impacto medi\u00e1tico, al llegar ante un juez no est\u00e1n bien fundamentados y \u201cno est\u00e1n convirti\u00e9ndose en casos que causen alguna sentencia\u201d.<\/p>\n\n\n\n<p>La especialista en acceso a la informaci\u00f3n mencion\u00f3 que otra cosa que preocupa es que la actual administraci\u00f3n no tiene inter\u00e9s en llevar un control de los archivos, lo que puede afectar es que \u201cen un futuro muy cercano no tengamos informaci\u00f3n o archivos sobre los actos administrativos y la constataci\u00f3n de hechos de probable corrupci\u00f3n y esa es una preocupaci\u00f3n grave porque lo que vamos a tener es una administraci\u00f3n p\u00fablica que no documenta sus actos\u201d.<\/p>\n\n\n\n<h2 class=\"wp-block-heading\">Fideicomisos<\/h2>\n\n\n\n<p>En tanto, Salvador Mora, experto de la UNAM en anticorrupci\u00f3n, refiri\u00f3 que en temas como los fideicomisos, los cuales han sido se\u00f1alados de corrupci\u00f3n por el Ejecutivo federal, han sido s\u00f3lo parte del discurso, sin embargo, no hay pruebas concretas sobre esto.<\/p>\n\n\n\n<p>A\u00f1adi\u00f3 que la actual estrategia desplegada por el gobierno no garantiza la viabilidad de la transparencia y rendici\u00f3n de cuentas, ni ataca la corrupci\u00f3n.<\/p>\n\n\n\n<p>\u201cEl uso de la figura legal que utiliza la exsecretaria Rosario \u2018R\u2019, el mismo Lozoya son figuras que al final del camino est\u00e1n buscando no solamente cooperaci\u00f3n para evitar una pena mayor sino tambi\u00e9n evitar de alguna manera exculpados y ser liberado de las causas (&#8230;) el presidente de la Rep\u00fablica juega con un discurso del cual ni siquiera ellos est\u00e1n limpios del tema de corrupci\u00f3n, de transparencia, el tema de ser responsables como funcionarios p\u00fablicos; el caso del hermano (P\u00edo L\u00f3pez) es pat\u00e9tico en ese sentido\u201d, complet\u00f3. (Con informaci\u00f3n de H\u00e9ctor Molina)<\/p>\n\n\n\n<h2 class=\"wp-block-heading\">Luis Videgaray es investigado por la UIF<\/h2>\n\n\n\n<p>Luis Videgaray Caso, exsecretario de Hacienda y de Relaciones Exteriores durante el gobierno de Enrique Pe\u00f1a Nieto, es investigado por la Unidad de Inteligencia Financiera (UIF) como parte del caso Emilio \u201cL\u201d, indagatoria a la que se sumar\u00edan las eventuales declaraciones de Rosario \u201cR\u201d en relaci\u00f3n con la llamada \u201cEstafa Maestra\u201d, inform\u00f3 Santiago Nieto Castillo.<\/p>\n\n\n\n<p>\u201cVamos a esperar a si la Fiscal\u00eda General de la Rep\u00fablica (FGR) nos hace alg\u00fan requerimiento particular sobre el se\u00f1or Videgaray\u201d, dijo el titular de la UIF, ya que desde que Emilio \u201cL\u201d, exdirector de Petr\u00f3leos Mexicanos (Pemex), hizo se\u00f1alamientos en su contra como parte de la denuncia que de manera formal present\u00f3 ante la Fiscal\u00eda, se abri\u00f3 una investigaci\u00f3n.<\/p>\n\n\n\n<p>Desde el Senado, tras reunirse con los coordinadores de los grupos parlamentarios, Nieto Castillo record\u00f3 que la UIF ya present\u00f3 \u201cdos denuncias en contra de Rosario \u2018R\u2019, Ram\u00f3n Sosamontes y Emilio Zebad\u00faa por presuntos desv\u00edos de recursos relacionados con lo que conocemos como la \u2018Estafa Maestra\u2019\u201d. \u201cExistieron estos desv\u00edos\u201d, refrend\u00f3 el funcionario.<\/p>\n\n\n\n<p>En tanto, la exsecretaria de Sedesol y Sedatu, Rosario \u201cR\u201d, refrend\u00f3 que buscar\u00e1 un criterio de oportunidad con la FGR.<\/p>\n\n\n\n<p>\u201cReitero mi compromiso de hablar con la verdad. He pedido a mis abogados Epigmenio Mendieta y Sergio Ram\u00edrez, generen estrategia jur\u00eddica conjunta para acceder a un criterio de oportunidad, consciente de lo que significa. Seguro habr\u00e1 quienes nieguen los hechos, pero las pruebas hablar\u00e1n\u201d, expuso la exfuncionaria a trav\u00e9s de su cuenta de Twitter.<\/p>\n\n\n\n<p>Por la ma\u00f1ana, el presidente Andr\u00e9s Manuel L\u00f3pez Obrador celebr\u00f3 que Rosario \u201cR\u201d haya decidido colaborar como testigo, al indicar que este mecanismo permite conocer m\u00e1s sobre la corrupci\u00f3n y castigar a los responsables. (Con informaci\u00f3n de R. Ramos, J. Monroy y M. P\u00e9rez)<\/p>\n\n\n\n<p>Fuente: https:\/\/www.eleconomista.com.mx\/politica\/Dos-anos-de-gobierno-como-van-las-acusaciones-20201125-0152.html<\/p>\n","protected":false},"excerpt":{"rendered":"<p>A cuatro a\u00f1os de las reformas para la creaci\u00f3n del Sistema Nacional Anticorrupci\u00f3n, a\u00fan falta nombrar a los magistrados especializados [&hellip;]<\/p>\n","protected":false},"author":1,"featured_media":1566,"comment_status":"open","ping_status":"open","sticky":false,"template":"","format":"standard","meta":{"site-sidebar-layout":"default","site-content-layout":"","ast-site-content-layout":"default","site-content-style":"default","site-sidebar-style":"default","ast-global-header-display":"","ast-banner-title-visibility":"","ast-main-header-display":"","ast-hfb-above-header-display":"","ast-hfb-below-header-display":"","ast-hfb-mobile-header-display":"","site-post-title":"","ast-breadcrumbs-content":"","ast-featured-img":"","footer-sml-layout":"","theme-transparent-header-meta":"","adv-header-id-meta":"","stick-header-meta":"","header-above-stick-meta":"","header-main-stick-meta":"","header-below-stick-meta":"","astra-migrate-meta-layouts":"default","ast-page-background-enabled":"default","ast-page-background-meta":{"desktop":{"background-color":"var(--ast-global-color-4)","background-image":"","background-repeat":"repeat","background-position":"center center","background-size":"auto","background-attachment":"scroll","background-type":"","background-media":"","overlay-type":"","overlay-color":"","overlay-opacity":"","overlay-gradient":""},"tablet":{"background-color":"","background-image":"","background-repeat":"repeat","background-position":"center center","background-size":"auto","background-attachment":"scroll","background-type":"","background-media":"","overlay-type":"","overlay-color":"","overlay-opacity":"","overlay-gradient":""},"mobile":{"background-color":"","background-image":"","background-repeat":"repeat","background-position":"center center","background-size":"auto","background-attachment":"scroll","background-type":"","background-media":"","overlay-type":"","overlay-color":"","overlay-opacity":"","overlay-gradient":""}},"ast-content-background-meta":{"desktop":{"background-color":"var(--ast-global-color-5)","background-image":"","background-repeat":"repeat","background-position":"center center","background-size":"auto","background-attachment":"scroll","background-type":"","background-media":"","overlay-type":"","overlay-color":"","overlay-opacity":"","overlay-gradient":""},"tablet":{"background-color":"var(--ast-global-color-5)","background-image":"","background-repeat":"repeat","background-position":"center center","background-size":"auto","background-attachment":"scroll","background-type":"","background-media":"","overlay-type":"","overlay-color":"","overlay-opacity":"","overlay-gradient":""},"mobile":{"background-color":"var(--ast-global-color-5)","background-image":"","background-repeat":"repeat","background-position":"center center","background-size":"auto","background-attachment":"scroll","background-type":"","background-media":"","overlay-type":"","overlay-color":"","overlay-opacity":"","overlay-gradient":""}},"footnotes":""},"categories":[8],"tags":[],"class_list":["post-1565","post","type-post","status-publish","format-standard","has-post-thumbnail","hentry","category-noticias"],"_links":{"self":[{"href":"https:\/\/losperiodistas.com.mx\/portal\/wp-json\/wp\/v2\/posts\/1565","targetHints":{"allow":["GET"]}}],"collection":[{"href":"https:\/\/losperiodistas.com.mx\/portal\/wp-json\/wp\/v2\/posts"}],"about":[{"href":"https:\/\/losperiodistas.com.mx\/portal\/wp-json\/wp\/v2\/types\/post"}],"author":[{"embeddable":true,"href":"https:\/\/losperiodistas.com.mx\/portal\/wp-json\/wp\/v2\/users\/1"}],"replies":[{"embeddable":true,"href":"https:\/\/losperiodistas.com.mx\/portal\/wp-json\/wp\/v2\/comments?post=1565"}],"version-history":[{"count":1,"href":"https:\/\/losperiodistas.com.mx\/portal\/wp-json\/wp\/v2\/posts\/1565\/revisions"}],"predecessor-version":[{"id":1567,"href":"https:\/\/losperiodistas.com.mx\/portal\/wp-json\/wp\/v2\/posts\/1565\/revisions\/1567"}],"wp:featuredmedia":[{"embeddable":true,"href":"https:\/\/losperiodistas.com.mx\/portal\/wp-json\/wp\/v2\/media\/1566"}],"wp:attachment":[{"href":"https:\/\/losperiodistas.com.mx\/portal\/wp-json\/wp\/v2\/media?parent=1565"}],"wp:term":[{"taxonomy":"category","embeddable":true,"href":"https:\/\/losperiodistas.com.mx\/portal\/wp-json\/wp\/v2\/categories?post=1565"},{"taxonomy":"post_tag","embeddable":true,"href":"https:\/\/losperiodistas.com.mx\/portal\/wp-json\/wp\/v2\/tags?post=1565"}],"curies":[{"name":"wp","href":"https:\/\/api.w.org\/{rel}","templated":true}]}}