{"id":1562,"date":"2020-11-26T05:30:09","date_gmt":"2020-11-26T11:30:09","guid":{"rendered":"http:\/\/losperiodistas.com.mx\/portal\/?p=1562"},"modified":"2020-11-26T05:30:09","modified_gmt":"2020-11-26T11:30:09","slug":"la-era-de-la-mordaza-cultura","status":"publish","type":"post","link":"https:\/\/losperiodistas.com.mx\/portal\/la-era-de-la-mordaza-cultura\/","title":{"rendered":"La era de la mordaza cultura"},"content":{"rendered":"\n<p><em>Madrid acoge las Jornadas sobre Censura y Libertad de Creaci\u00f3n, en las que colaboran el C\u00edrculo de Bellas Artes, el Museo Reina Sof\u00eda y el Thyssen-Bornemisza, entre otros<\/em><\/p>\n\n\n\n<p class=\"has-vivid-cyan-blue-color has-text-color has-medium-font-size\">REBECA ARGUDO\/ LA RAZ\u00d3N<\/p>\n\n\n\n<p>A lo largo de la \u00faltima d\u00e9cada y debido, sobre todo, a la irrupci\u00f3n de corrientes ideol\u00f3gicas identitarias de marcado car\u00e1cter radical, la libertad de expresi\u00f3n, de informaci\u00f3n y de creaci\u00f3n, tanto en nuestro pa\u00eds como fuera de \u00e9l, se est\u00e1n viendo seriamente comprometidas. Los casos de censura suben, y, parad\u00f3jicamente, lo hacen desde posturas supuestamente progresistas, en nombre de las causas m\u00e1s justas y tratando de imponer, de manera intransigente y casi totalitaria, una extremada correcci\u00f3n pol\u00edtica al conjunto de la sociedad. No es de extra\u00f1ar que se extienda un clima de preocupaci\u00f3n ante esta tendencia intolerante y totalitaria, propensa al pensamiento \u00fanico y que desprecia salvajemente la discrepancia. De hecho, el pasado 7 de julio se produjo una primera reacci\u00f3n en nuestro pa\u00eds a este fen\u00f3meno: 150 intelectuales, artistas y periodistas espa\u00f1oles que abarcaban todo el espectro ideol\u00f3gico firmaban y hac\u00edan p\u00fablico un manifiesto en defensa de la libertad de expresi\u00f3n. Ven\u00eda a sumarse esta iniciativa a la carta abierta que un grupo de relevantes personalidades de la cultura public\u00f3 en la revista \u00abHarper\u2019s\u00bb, en EE UU, y que denunciaba el uso perverso de causas justas para ejercer la censura y la cancelaci\u00f3n, suponiendo un peligro evidente para el libre ejercicio de la libertad de expresi\u00f3n, informaci\u00f3n y creaci\u00f3n.<\/p>\n\n\n\n<p>En los \u00faltimos a\u00f1os, efectivamente, se han incrementado los casos de censura, as\u00ed como la presencia medi\u00e1tica de los mismos y una mayor judicializaci\u00f3n. Ejemplos como el del rapero Valtonyc, los titiriteros Alfonso L\u00e1zaro de La Fuente y Ra\u00fal Garc\u00eda P\u00e9rez, o los del humorista Dani Mateo y el \u00absketch\u00bb de la bandera, el secuestro del libro \u00abFari\u00f1a\u00bb, de Nacho Carretero \u2013ponente tambi\u00e9n en estas jornadas\u2013 o el poema sat\u00edrico sobre Irene Montero, publicado por un juez jubilado, entre otros, son quiz\u00e1 algunos de los que m\u00e1s repercusi\u00f3n han tenido, pero no los \u00fanicos. La hist\u00f3rica feminista Lidia Falc\u00f3n, para poner otro ejemplo, fue denunciada por delito de odio tras ser acusada de tr\u00e1nsfoba por su firma, como presidenta del Partido Feminista de Espa\u00f1a, de un comunicado en contra del proyecto de la ley Trans. El poeta Camilo de Ory, la twittera Casandra o el colectivo Homo Velamine vendr\u00edan a incrementar la lista de los que han visto comprometida \u2013y judicializada\u2013 su libertad creativa y de expresi\u00f3n.&nbsp;<strong>A esto se suman, adem\u00e1s, acciones desde los poderes p\u00fablicos tan inquietantes como la iniciativa de Podemos aprobada en el Congreso de ejercer un control en las redes<\/strong>&nbsp;y agilizar la retirada inmediata de determinadas publicaciones por razones de \u00abpropagaci\u00f3n de odio\u00bb y el anuncio por parte del Gobierno de S\u00e1nchez de la creaci\u00f3n de una comisi\u00f3n que velar\u00e1 por protegernos a todos de un concepto tan l\u00edquido como es el de la \u00abdesinformaci\u00f3n\u00bb. No es de extra\u00f1ar, pues, que en medio de este clima sea necesaria una reflexi\u00f3n profunda al respecto y surjan iniciativas como las Jornadas sobre Censura y Libertad de Creaci\u00f3n, organizadas por la Fundaci\u00f3n Gabeiras, en colaboraci\u00f3n con el C\u00edrculo de Bellas Artes, el Museo Nacional Centro de Arte Reina Sof\u00eda y el Thyssen, entre otros, y que se celebran estos d\u00edas en Madrid.<\/p>\n\n\n\n<p>As\u00ed, hasta ma\u00f1ana, destacadas personalidades del \u00e1mbito jur\u00eddico y art\u00edstico se dan cita en este evento, en el que a trav\u00e9s de mesas de debate, ponencias y conversaciones se reflexiona y dialoga sobre los conceptos de censura y libertad creativa. Roger Dedeu, abogado y presidente de la Fundaci\u00f3n Gabeiras, explica c\u00f3mo, ante el incremento evidente de estos casos, comenzaron a recibir infinidad de consultas al respecto por parte tanto de museos como de galer\u00edas, e, incluso, de los propios artistas, que ten\u00edan dificultades a la hora de identificar los l\u00edmites exactos a los que ce\u00f1irse en cuanto a la creatividad art\u00edstica en sus diferentes vertientes. \u00abEs entonces cuando nos dimos cuenta \u2013explica\u2013 de que a nivel te\u00f3rico y doctrinal\u00a0<strong>en el \u00e1mbito jur\u00eddico no se hab\u00eda parado nadie a reflexionar de una manera cient\u00edfica sobre estos conceptos, censura y libertad creativa,<\/strong>\u00a0y consideramos que es necesaria dicha aproximaci\u00f3n desde los dos \u00e1mbitos: el jur\u00eddico y el art\u00edstico\u00bb. Dos mundos de cuyo encuentro se pueden extraer unas primeras l\u00edneas de conclusiones y actuaciones que puedan derivar en estudios m\u00e1s profundos al respecto.<\/p>\n\n\n\n<p>Escarlata Gutierrez, fiscal adjunta de la Secci\u00f3n Territorial de la Fiscal\u00eda Provincial de Ciudad Real y una de las ponentes en el \u00e1rea jur\u00eddica, apunta al respecto que el l\u00edmite a la libertad de creaci\u00f3n es claro y aparece expresamente marcado en el mismo art\u00edculo 20 de la Constituci\u00f3n: \u00abEl respeto a los derechos reconocidos en este T\u00edtulo de la Constituci\u00f3n, en los preceptos de las leyes que lo desarrollen y, especialmente, en el derecho al honor, a la intimidad, a la propia imagen y a la protecci\u00f3n de la juventud y de la infancia\u00bb. Por su parte, Concha J\u00e9rez, reconocida artista canaria y medalla de Oro al M\u00e9rito a las Bellas Artes en 2011, considera que los l\u00edmites ser\u00edan, en la pr\u00e1ctica, dos: los que marca expresamente la ley y la \u00e9tica del propio artista. \u00abNo me refiero tanto a cuestiones que puedan ser escandalosas\u00bb, puntualiza, \u00absino a que el artista se convierta en un carro\u00f1ero de los problemas sociales\u00bb.<\/p>\n\n\n\n<p><strong>Un pol\u00e9mico Premio Nacional<\/strong> <\/p>\n\n\n\n<p>Mucho m\u00e1s all\u00e1 va Cristina Morales, pol\u00e9mico Premio Nacional de Narrativa 2019, que seg\u00fan Ep, y en referencia al caso de la twittera procesada, equipara la legitimidad de hacer un chiste en nombre de la libertad creativa con la de cometer un atentado contra la vida de otra persona: \u00abTal vez en el caso de Cassandra lo interesante no era preguntarse si es leg\u00edtimo condenarte a una pena de prisi\u00f3n por hacer un chiste sobre un fascista muerto.&nbsp;<strong>Tal vez lo interesante era plantearse si el atentado a Carrero Blanco fue leg\u00edtimo (pregunta para la que ya tengo respuesta)<\/strong>\u00bb.<\/p>\n\n\n\n<p>In\u00e9s Par\u00eds, directora y socia fundadora de CIMA, la asociaci\u00f3n de mujeres cineastas y de medios audiovisuales, se muestra contraria a cualquier censura e insiste en que el feminismo no deber\u00eda ser una ideolog\u00eda censora, pero s\u00ed debe exigir diversidad. Par\u00eds no cree que la pol\u00edtica de cuotas o el sistema de puntos por el cual se beneficia a las pel\u00edculas que cuentan con mujeres en determinados puestos relevantes supongan una injerencia en la libertad creativa, ni un tipo de censura previa al \u00abpenalizar\u00bb determinadas obras por su \u00abmasculinidad\u00bb. \u00abInjerencia es todo. Lo que hay es una censura previa que nos perjudica a las mujeres, una censura del mercado, que es la que determina qu\u00e9 se va a hacer y qu\u00e9 no. Porque los referentes son masculino\u00bb, y a\u00f1ade: \u00abLo que nos enriquece a todos es la diversidad\u00bb.<\/p>\n\n\n\n<p>\u00ab<strong>La creaci\u00f3n art\u00edstica deber\u00eda recibir al menos igual protecci\u00f3n que la libertad de expresi\u00f3n<\/strong>, puesto que puede transmitir ideas, pero su protecci\u00f3n deber\u00eda ir m\u00e1s all\u00e1. En otras palabras, la protecci\u00f3n de la libertad de arte debe ser superior a la de la libertad de expresi\u00f3n porque cuando protegemos una creaci\u00f3n art\u00edstica protegemos algo m\u00e1s que la mera libertad de expresi\u00f3n\u00bb, conclu\u00eda ayer Laura D\u00edaz Bueso, catedr\u00e1tica de la Universidad Complutense de Madrid y directora general de Asuntos Constitucionales y Coordinaci\u00f3n Jur\u00eddica del Gobierno de Espa\u00f1a. Con m\u00e1s de 800 inscripciones presenciales, pese a las medidas de seguridad impuestas por la pandemia, los organizadores se muestran satisfechos por la acogida que han tenido las jornadas. \u00abHay inter\u00e9s desde toda Espa\u00f1a y, sobre todo, desde Centroam\u00e9rica y Am\u00e9rica del Sur, donde hay much\u00edsimos participantes inscritos para presenciar desde all\u00ed las ponencias v\u00eda streaming\u00bb.<\/p>\n\n\n\n<h3 class=\"wp-block-heading\">Autocensura, el lado oscuro de la prohibici\u00f3n<\/h3>\n\n\n\n<p>Concha Jerez, pionera del arte conceptual, considera que el verdadero problema es, m\u00e1s que la censura, la autocensura. \u00abEl artista acude a ella como mecanismo antes de sufrir la censura. Est\u00e1 tan generalizado este fen\u00f3meno que resulta espeluznante que alguien pueda verse empujado a hacerlo por cuestiones, ya no solo sociales y pol\u00edticas, sino laborales\u00bb. La fiscal Escarlata Guti\u00e9rrez se\u00f1ala que esto se produce por el miedo que tiene el artista por la difusi\u00f3n de noticias relativas a casos en los que se ha iniciado un procedimiento penal o civil contra otros. E \u00abIndependientemente de que haya terminado en absoluci\u00f3n o desestimaci\u00f3n de las pretensiones\u00bb, explica. \u00ab\u00bfQu\u00e9 queremos de nuestra sociedad democr\u00e1tica? \u00bfQue seamos correctos y no planteemos los problemas?\u00bb, se pregunta Concha Jerez. \u00abNo creo que sea la v\u00eda adecuada\u00bb, a\u00f1ade. La artista, de 79 a\u00f1os, considera que el c\u00f3mo nos planteamos la sociedad en tanto individuos integrantes de la misma es una cuesti\u00f3n a debatir \u00abpara evitar inhibiciones, as\u00ed como las limitaciones creativas\u00bb.<\/p>\n\n\n\n<p>Fuente: https:\/\/www.larazon.es\/cultura\/20201126\/23gxreg35zguhbuigq42kqnvgq.html<\/p>\n","protected":false},"excerpt":{"rendered":"<p>Madrid acoge las Jornadas sobre Censura y Libertad de Creaci\u00f3n, en las que colaboran el C\u00edrculo de Bellas Artes, el [&hellip;]<\/p>\n","protected":false},"author":1,"featured_media":1563,"comment_status":"open","ping_status":"open","sticky":false,"template":"","format":"standard","meta":{"site-sidebar-layout":"default","site-content-layout":"","ast-site-content-layout":"default","site-content-style":"default","site-sidebar-style":"default","ast-global-header-display":"","ast-banner-title-visibility":"","ast-main-header-display":"","ast-hfb-above-header-display":"","ast-hfb-below-header-display":"","ast-hfb-mobile-header-display":"","site-post-title":"","ast-breadcrumbs-content":"","ast-featured-img":"","footer-sml-layout":"","theme-transparent-header-meta":"","adv-header-id-meta":"","stick-header-meta":"","header-above-stick-meta":"","header-main-stick-meta":"","header-below-stick-meta":"","astra-migrate-meta-layouts":"default","ast-page-background-enabled":"default","ast-page-background-meta":{"desktop":{"background-color":"var(--ast-global-color-4)","background-image":"","background-repeat":"repeat","background-position":"center center","background-size":"auto","background-attachment":"scroll","background-type":"","background-media":"","overlay-type":"","overlay-color":"","overlay-opacity":"","overlay-gradient":""},"tablet":{"background-color":"","background-image":"","background-repeat":"repeat","background-position":"center center","background-size":"auto","background-attachment":"scroll","background-type":"","background-media":"","overlay-type":"","overlay-color":"","overlay-opacity":"","overlay-gradient":""},"mobile":{"background-color":"","background-image":"","background-repeat":"repeat","background-position":"center center","background-size":"auto","background-attachment":"scroll","background-type":"","background-media":"","overlay-type":"","overlay-color":"","overlay-opacity":"","overlay-gradient":""}},"ast-content-background-meta":{"desktop":{"background-color":"var(--ast-global-color-5)","background-image":"","background-repeat":"repeat","background-position":"center center","background-size":"auto","background-attachment":"scroll","background-type":"","background-media":"","overlay-type":"","overlay-color":"","overlay-opacity":"","overlay-gradient":""},"tablet":{"background-color":"var(--ast-global-color-5)","background-image":"","background-repeat":"repeat","background-position":"center center","background-size":"auto","background-attachment":"scroll","background-type":"","background-media":"","overlay-type":"","overlay-color":"","overlay-opacity":"","overlay-gradient":""},"mobile":{"background-color":"var(--ast-global-color-5)","background-image":"","background-repeat":"repeat","background-position":"center center","background-size":"auto","background-attachment":"scroll","background-type":"","background-media":"","overlay-type":"","overlay-color":"","overlay-opacity":"","overlay-gradient":""}},"footnotes":""},"categories":[8],"tags":[],"class_list":["post-1562","post","type-post","status-publish","format-standard","has-post-thumbnail","hentry","category-noticias"],"_links":{"self":[{"href":"https:\/\/losperiodistas.com.mx\/portal\/wp-json\/wp\/v2\/posts\/1562","targetHints":{"allow":["GET"]}}],"collection":[{"href":"https:\/\/losperiodistas.com.mx\/portal\/wp-json\/wp\/v2\/posts"}],"about":[{"href":"https:\/\/losperiodistas.com.mx\/portal\/wp-json\/wp\/v2\/types\/post"}],"author":[{"embeddable":true,"href":"https:\/\/losperiodistas.com.mx\/portal\/wp-json\/wp\/v2\/users\/1"}],"replies":[{"embeddable":true,"href":"https:\/\/losperiodistas.com.mx\/portal\/wp-json\/wp\/v2\/comments?post=1562"}],"version-history":[{"count":1,"href":"https:\/\/losperiodistas.com.mx\/portal\/wp-json\/wp\/v2\/posts\/1562\/revisions"}],"predecessor-version":[{"id":1564,"href":"https:\/\/losperiodistas.com.mx\/portal\/wp-json\/wp\/v2\/posts\/1562\/revisions\/1564"}],"wp:featuredmedia":[{"embeddable":true,"href":"https:\/\/losperiodistas.com.mx\/portal\/wp-json\/wp\/v2\/media\/1563"}],"wp:attachment":[{"href":"https:\/\/losperiodistas.com.mx\/portal\/wp-json\/wp\/v2\/media?parent=1562"}],"wp:term":[{"taxonomy":"category","embeddable":true,"href":"https:\/\/losperiodistas.com.mx\/portal\/wp-json\/wp\/v2\/categories?post=1562"},{"taxonomy":"post_tag","embeddable":true,"href":"https:\/\/losperiodistas.com.mx\/portal\/wp-json\/wp\/v2\/tags?post=1562"}],"curies":[{"name":"wp","href":"https:\/\/api.w.org\/{rel}","templated":true}]}}