{"id":1559,"date":"2020-11-26T05:18:11","date_gmt":"2020-11-26T11:18:11","guid":{"rendered":"http:\/\/losperiodistas.com.mx\/portal\/?p=1559"},"modified":"2020-11-26T05:18:11","modified_gmt":"2020-11-26T11:18:11","slug":"los-derechos-de-las-mujeres-una-historia-en-puebla","status":"publish","type":"post","link":"https:\/\/losperiodistas.com.mx\/portal\/los-derechos-de-las-mujeres-una-historia-en-puebla\/","title":{"rendered":"\u201cLos Derechos de las Mujeres: Una Historia en Puebla\u00bb"},"content":{"rendered":"\n<p class=\"has-vivid-cyan-blue-color has-text-color has-medium-font-size\">REDACCI\u00d3N<\/p>\n\n\n\n<p>En el marco del D\u00eda Internacional de la erradicaci\u00f3n de la violencia contra las mujeres, el Gobierno de la Ciudad, encabezado por Claudia Rivera Vivanco, realiz\u00f3 el conversatorio \u201cLos Derechos de las Mujeres: Una Historia en Puebla\u00bb, moderado por la directora de Atenci\u00f3n y Prevenci\u00f3n de la Violencia de la Secretar\u00eda para la Igualdad Sustantiva de G\u00e9nero, Vianeth Rojas Arenas.<\/p>\n\n\n\n<p>Durante su intervenci\u00f3n, la Presidenta Municipal, reconoci\u00f3 la lucha que han dado las mujeres por los derechos que hoy son ejercidos. Tambi\u00e9n, se\u00f1al\u00f3 la importancia de nombrar cada tipo de violencia, con cada una de sus caracter\u00edsticas espec\u00edficas, para hacerla visible.<\/p>\n\n\n\n<p>\u201cYo puedo asumirme de esta manera, soy parte del resultado de la lucha de generaciones que estuvieron antes de m\u00ed y me dieron la oportunidad de irme incorporando a espacios que, durante d\u00e9cadas, fueron reservados para uso exclusivo de los hombres\u201d, manifest\u00f3 Rivera Vivanco.<\/p>\n\n\n\n<p>De igual forma, Catalina P\u00e9rez Osorio, titular de la dependencia, realiz\u00f3 un recorrido hist\u00f3rico por la lucha de las mujeres, as\u00ed como sus logros en la capital poblana. De manera espec\u00edfica, indic\u00f3 que M\u00e9xico ha transitado por diversos niveles de lucha, donde las mujeres han dejado plasmadas sus inquietudes y necesidades.<\/p>\n\n\n\n<p>\u201cMuchos de los derechos que hoy tenemos, fueron arrancados. Hoy se dice que las chicas en el Congreso est\u00e1n ah\u00ed de manera pac\u00edfica, ellas justifican haber tomado el Congreso. Pero nosotras en el pasado hicimos cosas similares, presionamos\u201d, destac\u00f3 P\u00e9rez Osorio.<\/p>\n\n\n\n<p>Otra participaci\u00f3n, fue la de Roc\u00edo Garc\u00eda Olmedo, diputada de la LX Legislatura del Congreso de Puebla, quien abord\u00f3 los avances en materia legislativa a favor de los derechos de las mujeres; sin embargo, resalt\u00f3 que se han incrementado las formas de violencia contra las mujeres durante la contingencia sanitaria que se vive.<\/p>\n\n\n\n<p>\u201cLas conquistas de nuestros derechos, de los derechos de las mujeres, corren en paralelo y transversalmente, justamente con el an\u00e1lisis de las violencias que de cualquier tipo se ejercen contra nosotras las mujeres\u201d, enfatiz\u00f3 la diputada poblana.<\/p>\n\n\n\n<p>De igual forma, Galilea Cari\u00f1o Cepeda, cofundadora del Observatorio de Violencia Social y de G\u00e9nero de la IBERO Puebla, plante\u00f3 durante su exposici\u00f3n inquietudes y preocupaciones en torno a esta fecha, como lo es el corto y \u00fanico periodo de visibilizaci\u00f3n de este tipo de violencia.<\/p>\n\n\n\n<p>\u201cEste tono benevolente y comprensivo se ha vuelto peligroso, porque centrar la atenci\u00f3n de las mujeres como v\u00edctimas \u00fanicamente en este lapso de tiempo [\u2026] no revierte ni repara los da\u00f1os y afectaciones en las sobrevivientes de violencia, directas e indirectas\u201d, puntualiz\u00f3 Cari\u00f1o Cepeda.<\/p>\n\n\n\n<p>Fuente: <a rel=\"noreferrer noopener\" href=\"https:\/\/bit.ly\/33j5LjR\" target=\"_blank\">https:\/\/bit.ly\/33j5LjR<\/a><\/p>\n","protected":false},"excerpt":{"rendered":"<p>REDACCI\u00d3N En el marco del D\u00eda Internacional de la erradicaci\u00f3n de la violencia contra las mujeres, el Gobierno de la [&hellip;]<\/p>\n","protected":false},"author":1,"featured_media":1560,"comment_status":"open","ping_status":"open","sticky":false,"template":"","format":"standard","meta":{"site-sidebar-layout":"default","site-content-layout":"","ast-site-content-layout":"default","site-content-style":"default","site-sidebar-style":"default","ast-global-header-display":"","ast-banner-title-visibility":"","ast-main-header-display":"","ast-hfb-above-header-display":"","ast-hfb-below-header-display":"","ast-hfb-mobile-header-display":"","site-post-title":"","ast-breadcrumbs-content":"","ast-featured-img":"","footer-sml-layout":"","theme-transparent-header-meta":"","adv-header-id-meta":"","stick-header-meta":"","header-above-stick-meta":"","header-main-stick-meta":"","header-below-stick-meta":"","astra-migrate-meta-layouts":"default","ast-page-background-enabled":"default","ast-page-background-meta":{"desktop":{"background-color":"var(--ast-global-color-4)","background-image":"","background-repeat":"repeat","background-position":"center center","background-size":"auto","background-attachment":"scroll","background-type":"","background-media":"","overlay-type":"","overlay-color":"","overlay-opacity":"","overlay-gradient":""},"tablet":{"background-color":"","background-image":"","background-repeat":"repeat","background-position":"center center","background-size":"auto","background-attachment":"scroll","background-type":"","background-media":"","overlay-type":"","overlay-color":"","overlay-opacity":"","overlay-gradient":""},"mobile":{"background-color":"","background-image":"","background-repeat":"repeat","background-position":"center center","background-size":"auto","background-attachment":"scroll","background-type":"","background-media":"","overlay-type":"","overlay-color":"","overlay-opacity":"","overlay-gradient":""}},"ast-content-background-meta":{"desktop":{"background-color":"var(--ast-global-color-5)","background-image":"","background-repeat":"repeat","background-position":"center center","background-size":"auto","background-attachment":"scroll","background-type":"","background-media":"","overlay-type":"","overlay-color":"","overlay-opacity":"","overlay-gradient":""},"tablet":{"background-color":"var(--ast-global-color-5)","background-image":"","background-repeat":"repeat","background-position":"center center","background-size":"auto","background-attachment":"scroll","background-type":"","background-media":"","overlay-type":"","overlay-color":"","overlay-opacity":"","overlay-gradient":""},"mobile":{"background-color":"var(--ast-global-color-5)","background-image":"","background-repeat":"repeat","background-position":"center center","background-size":"auto","background-attachment":"scroll","background-type":"","background-media":"","overlay-type":"","overlay-color":"","overlay-opacity":"","overlay-gradient":""}},"footnotes":""},"categories":[8],"tags":[],"class_list":["post-1559","post","type-post","status-publish","format-standard","has-post-thumbnail","hentry","category-noticias"],"_links":{"self":[{"href":"https:\/\/losperiodistas.com.mx\/portal\/wp-json\/wp\/v2\/posts\/1559","targetHints":{"allow":["GET"]}}],"collection":[{"href":"https:\/\/losperiodistas.com.mx\/portal\/wp-json\/wp\/v2\/posts"}],"about":[{"href":"https:\/\/losperiodistas.com.mx\/portal\/wp-json\/wp\/v2\/types\/post"}],"author":[{"embeddable":true,"href":"https:\/\/losperiodistas.com.mx\/portal\/wp-json\/wp\/v2\/users\/1"}],"replies":[{"embeddable":true,"href":"https:\/\/losperiodistas.com.mx\/portal\/wp-json\/wp\/v2\/comments?post=1559"}],"version-history":[{"count":1,"href":"https:\/\/losperiodistas.com.mx\/portal\/wp-json\/wp\/v2\/posts\/1559\/revisions"}],"predecessor-version":[{"id":1561,"href":"https:\/\/losperiodistas.com.mx\/portal\/wp-json\/wp\/v2\/posts\/1559\/revisions\/1561"}],"wp:featuredmedia":[{"embeddable":true,"href":"https:\/\/losperiodistas.com.mx\/portal\/wp-json\/wp\/v2\/media\/1560"}],"wp:attachment":[{"href":"https:\/\/losperiodistas.com.mx\/portal\/wp-json\/wp\/v2\/media?parent=1559"}],"wp:term":[{"taxonomy":"category","embeddable":true,"href":"https:\/\/losperiodistas.com.mx\/portal\/wp-json\/wp\/v2\/categories?post=1559"},{"taxonomy":"post_tag","embeddable":true,"href":"https:\/\/losperiodistas.com.mx\/portal\/wp-json\/wp\/v2\/tags?post=1559"}],"curies":[{"name":"wp","href":"https:\/\/api.w.org\/{rel}","templated":true}]}}