{"id":1556,"date":"2020-11-26T05:09:17","date_gmt":"2020-11-26T11:09:17","guid":{"rendered":"http:\/\/losperiodistas.com.mx\/portal\/?p=1556"},"modified":"2020-11-26T05:09:17","modified_gmt":"2020-11-26T11:09:17","slug":"la-policia-mexicana-detiene-al-supuesto-cerebro-de-la-masacre-de-una-familia-mormona-hace-un-ano","status":"publish","type":"post","link":"https:\/\/losperiodistas.com.mx\/portal\/la-policia-mexicana-detiene-al-supuesto-cerebro-de-la-masacre-de-una-familia-mormona-hace-un-ano\/","title":{"rendered":"La Polic\u00eda mexicana detiene al supuesto \u2018cerebro\u2019 de la masacre de una familia mormona hace un a\u00f1o"},"content":{"rendered":"\n<p class=\"has-vivid-cyan-blue-color has-text-color has-medium-font-size\">NOTICIASDE<\/p>\n\n\n\n<p>MADRID, 26 (EUROPA PRESS) Las fuerzas de seguridad mexicanas han detenido a un hombre como presunto autor intelectual de la masacre de seis ni\u00f1os y tres mujeres de una familia mormona, los LeBar\u00f3n, a principios de noviembre de 2019, cerca de la frontera entre M\u00e9xico y Estados Unidos.<\/p>\n\n\n\n<p>La Fiscal\u00eda ha informado de que el arresto se produjo el 23 de enero en las inmediaciones de la localidad Juan Mata Ortiz, situada en el municipio de Nuevo Casas Grandes, en el estado de Chihuahua. En la operaci\u00f3n, adem\u00e1s del supuesto \u2018cerebro\u2019 del crimen, identificado como Roberto, tambi\u00e9n fueron detenidos otros dos hombres, \u00abpresuntos integrantes de un grupo criminal\u00bb.<\/p>\n\n\n\n<p>El supuesto l\u00edder tendr\u00eda por apodos \u2018El 32\u2019 y \u2018El Mudo\u2019 y, seg\u00fan el diario \u2018Milenio\u2019, encabezaba el c\u00e1rtel de \u2018La L\u00ednea\u2019 en la zona donde se encontraba. Las autoridades han atribuido la matanza a una disputa entre \u2018La L\u00ednea\u2019 y \u2018Los Salazar\u2019, si bien no est\u00e1n claros los motivos exactos por los que las mujeres y los ni\u00f1os fueron tiroteados.<\/p>\n\n\n\n<p>Los tres sospechosos han sido trasladados a la Subprocuradur\u00eda Especializada en Investigaci\u00f3n de Delincuencia Organizada (SEIDO), en Ciudad de M\u00e9xico. Durante el operativo, las autoridades tambi\u00e9n se han incautado de varias armas y municiones, seg\u00fan la nota de la Fiscal\u00eda.<\/p>\n\n\n\n<p>Con estas tres detenciones, son ya 17 los presuntos integrantes del grupo detenidos desde el inicio de las investigaciones. El Ministerio P\u00fablico ha subrayado en su nombre y en el del Gobierno el \u00abcompromiso de justicia a las v\u00edctimas de este lamentable caso\u00bb, en el que intercedi\u00f3 tambi\u00e9n Estados Unidos dado que varios de los miembros de la familia LeBar\u00f3n ten\u00edan doble nacionalidad.<\/p>\n\n\n\n<p>Fuente: https:\/\/www.noticiasde.es\/espana\/la-policia-mexicana-detiene-al-supuesto-cerebro-de-la-masacre-de-una-familia-mormona-hace-un-ano\/<\/p>\n","protected":false},"excerpt":{"rendered":"<p>NOTICIASDE MADRID, 26 (EUROPA PRESS) Las fuerzas de seguridad mexicanas han detenido a un hombre como presunto autor intelectual de [&hellip;]<\/p>\n","protected":false},"author":1,"featured_media":1557,"comment_status":"open","ping_status":"open","sticky":false,"template":"","format":"standard","meta":{"site-sidebar-layout":"default","site-content-layout":"","ast-site-content-layout":"default","site-content-style":"default","site-sidebar-style":"default","ast-global-header-display":"","ast-banner-title-visibility":"","ast-main-header-display":"","ast-hfb-above-header-display":"","ast-hfb-below-header-display":"","ast-hfb-mobile-header-display":"","site-post-title":"","ast-breadcrumbs-content":"","ast-featured-img":"","footer-sml-layout":"","theme-transparent-header-meta":"","adv-header-id-meta":"","stick-header-meta":"","header-above-stick-meta":"","header-main-stick-meta":"","header-below-stick-meta":"","astra-migrate-meta-layouts":"default","ast-page-background-enabled":"default","ast-page-background-meta":{"desktop":{"background-color":"var(--ast-global-color-4)","background-image":"","background-repeat":"repeat","background-position":"center center","background-size":"auto","background-attachment":"scroll","background-type":"","background-media":"","overlay-type":"","overlay-color":"","overlay-opacity":"","overlay-gradient":""},"tablet":{"background-color":"","background-image":"","background-repeat":"repeat","background-position":"center center","background-size":"auto","background-attachment":"scroll","background-type":"","background-media":"","overlay-type":"","overlay-color":"","overlay-opacity":"","overlay-gradient":""},"mobile":{"background-color":"","background-image":"","background-repeat":"repeat","background-position":"center center","background-size":"auto","background-attachment":"scroll","background-type":"","background-media":"","overlay-type":"","overlay-color":"","overlay-opacity":"","overlay-gradient":""}},"ast-content-background-meta":{"desktop":{"background-color":"var(--ast-global-color-5)","background-image":"","background-repeat":"repeat","background-position":"center center","background-size":"auto","background-attachment":"scroll","background-type":"","background-media":"","overlay-type":"","overlay-color":"","overlay-opacity":"","overlay-gradient":""},"tablet":{"background-color":"var(--ast-global-color-5)","background-image":"","background-repeat":"repeat","background-position":"center center","background-size":"auto","background-attachment":"scroll","background-type":"","background-media":"","overlay-type":"","overlay-color":"","overlay-opacity":"","overlay-gradient":""},"mobile":{"background-color":"var(--ast-global-color-5)","background-image":"","background-repeat":"repeat","background-position":"center center","background-size":"auto","background-attachment":"scroll","background-type":"","background-media":"","overlay-type":"","overlay-color":"","overlay-opacity":"","overlay-gradient":""}},"footnotes":""},"categories":[8],"tags":[],"class_list":["post-1556","post","type-post","status-publish","format-standard","has-post-thumbnail","hentry","category-noticias"],"_links":{"self":[{"href":"https:\/\/losperiodistas.com.mx\/portal\/wp-json\/wp\/v2\/posts\/1556","targetHints":{"allow":["GET"]}}],"collection":[{"href":"https:\/\/losperiodistas.com.mx\/portal\/wp-json\/wp\/v2\/posts"}],"about":[{"href":"https:\/\/losperiodistas.com.mx\/portal\/wp-json\/wp\/v2\/types\/post"}],"author":[{"embeddable":true,"href":"https:\/\/losperiodistas.com.mx\/portal\/wp-json\/wp\/v2\/users\/1"}],"replies":[{"embeddable":true,"href":"https:\/\/losperiodistas.com.mx\/portal\/wp-json\/wp\/v2\/comments?post=1556"}],"version-history":[{"count":1,"href":"https:\/\/losperiodistas.com.mx\/portal\/wp-json\/wp\/v2\/posts\/1556\/revisions"}],"predecessor-version":[{"id":1558,"href":"https:\/\/losperiodistas.com.mx\/portal\/wp-json\/wp\/v2\/posts\/1556\/revisions\/1558"}],"wp:featuredmedia":[{"embeddable":true,"href":"https:\/\/losperiodistas.com.mx\/portal\/wp-json\/wp\/v2\/media\/1557"}],"wp:attachment":[{"href":"https:\/\/losperiodistas.com.mx\/portal\/wp-json\/wp\/v2\/media?parent=1556"}],"wp:term":[{"taxonomy":"category","embeddable":true,"href":"https:\/\/losperiodistas.com.mx\/portal\/wp-json\/wp\/v2\/categories?post=1556"},{"taxonomy":"post_tag","embeddable":true,"href":"https:\/\/losperiodistas.com.mx\/portal\/wp-json\/wp\/v2\/tags?post=1556"}],"curies":[{"name":"wp","href":"https:\/\/api.w.org\/{rel}","templated":true}]}}