{"id":1544,"date":"2020-11-26T04:46:40","date_gmt":"2020-11-26T10:46:40","guid":{"rendered":"http:\/\/losperiodistas.com.mx\/portal\/?p=1544"},"modified":"2020-11-26T04:46:40","modified_gmt":"2020-11-26T10:46:40","slug":"empoderamiento-economico-femenino-necesario-para-combatir-la-violencia-de-genero","status":"publish","type":"post","link":"https:\/\/losperiodistas.com.mx\/portal\/empoderamiento-economico-femenino-necesario-para-combatir-la-violencia-de-genero\/","title":{"rendered":"Empoderamiento econ\u00f3mico femenino, necesario para combatir la violencia de g\u00e9nero"},"content":{"rendered":"\n<p style=\"font-size:18px\"><em>Para hacerle frente a la violencia de g\u00e9nero, se requiere de el empoderamiento econ\u00f3mica de las mujeres, se\u00f1al\u00f3 una experta en la materia.<\/em><\/p>\n\n\n\n<p class=\"has-vivid-cyan-blue-color has-text-color has-medium-font-size\">ARTURO ORDAZ D\u00cdAZ\/ FORBES<\/p>\n\n\n\n<p>El empoderamiento econ\u00f3mico de las mujeres es uno de los factores para que puedan hacerle frente al contexto de violencia que viven, puesto que una econom\u00eda s\u00f3lida da independencia y libertad, asever\u00f3 Raquel Ram\u00edrez Salgado, experta en temas feministas y en ciencias sociales por la Universidad Nacional Aut\u00f3noma de M\u00e9xico (UNAM).<\/p>\n\n\n\n<p>En el marco del D\u00eda Internacional de la Eliminaci\u00f3n de la Violencia contra la Mujer, la acad\u00e9mica record\u00f3 que el empoderamiento femenino es un proceso integral, ya que adem\u00e1s del \u00e1mbito econ\u00f3mico, se requiere de los componentes cognitivo, psicol\u00f3gico y pol\u00edtico, seg\u00fan la teor\u00eda de la psic\u00f3loga peruano-estadounidense Nelly Stromquist.<\/p>\n\n\n\n<p>En entrevista para Forbes M\u00e9xico apunt\u00f3 que las mujeres necesitan tener acceso a los recursos econ\u00f3micos, puesto que han crecido en un contexto desigual, donde poseen menos recursos materiales y dinero.<\/p>\n\n\n\n<p>Incluso, ahond\u00f3, la mayor\u00eda de las veces reciben un sueldo menor aunque realizan el mismo trabajo que los hombres.<\/p>\n\n\n\n<p><em>Lee tambi\u00e9n:&nbsp;<a href=\"https:\/\/www.forbes.com.mx\/la-independencia-economica-es-parte-del-empoderamiento-femenino-indican\/\">Empoderamiento femenino debe ser econ\u00f3mico, psicol\u00f3gico, cognitivo y pol\u00edtico: expertas<\/a><\/em><\/p>\n\n\n\n<p>Seg\u00fan cifras de Acci\u00f3n Ciudadana Contra la Pobreza, hay 21.6 mujeres excluidas del mercado laboral, adem\u00e1s 16.9 millones de ellas no pueden buscar trabajo porque realizan labores de cuidado del hogar.<\/p>\n\n\n\n<p>De igual manera la organizaci\u00f3n indic\u00f3 el 72% de las trabajadoras reciben un ingreso que no les alcanza para comprar m\u00e1s que lo b\u00e1sico de la canasta de alimentos.<\/p>\n\n\n\n<p>\u201cEs importante tener recursos materiales, eso nos da arraigo y capacidades de decidir. No nos tenemos que sujetarnos a una persona que nos violenta y que depende nuestra sobrevivencia de ello.<\/p>\n\n\n\n<p>\u201cNecesitamos recursos para la l\u00f3gica econ\u00f3mica del mundo en que vivimos, y en la medida en que las mujeres reciban la retribuci\u00f3n de lo que hacemos, vamos a comprender que nuestro trabajo es valioso\u201d, agreg\u00f3 la experta de la UNAM.<\/p>\n\n\n\n<p>Aclar\u00f3 que ello no se debe expresar como un acceso al consumismo, sino que el dinero debe emplearse para el bienestar y la toma de decisiones distintas, como el cuidado a la salud mental y f\u00edsica.<\/p>\n\n\n\n<p>El ingreso promedio mensual de los hombres por una jornada de 40 a 48 horas es de 6,14 pesos, mientras que el monto para las mujeres es de 5,472; lo cual da una brecha salarial de 668 pesos.<\/p>\n\n\n\n<p><em>Te puede interesar:&nbsp;<a href=\"https:\/\/www.forbes.com.mx\/noticias-mujeres-trabajan-mas-horas-hogar-oficina-hombres\/\">Las mujeres trabajan m\u00e1s horas en el hogar y la oficina que los hombres: Inegi<\/a><\/em><\/p>\n\n\n\n<p>Para alcanzar el ingreso de los varones, una mujer tendr\u00eda que trabajar meses de 34 d\u00edas o a\u00f1os de 13.5 meses, y en algunos sectores la brecha es a\u00fan m\u00e1s grande; de acuerdo con n\u00fameros de Acci\u00f3n Ciudadana Contra la Pobreza.<\/p>\n\n\n\n<h2 class=\"wp-block-heading\" id=\"h-violencia-de-g-nero-en-el-campo-laboral\">Violencia de g\u00e9nero en el campo laboral<\/h2>\n\n\n\n<p>La experta de la m\u00e1xima casa de estudio record\u00f3 que a\u00fan existe la segregaci\u00f3n ocupacional en los centros de trabajo, ya que los puestos directivos, las gerencias y presidencias todav\u00eda est\u00e1n ocupadas en su mayor\u00eda por hombres.<\/p>\n\n\n\n<p>Adem\u00e1s, resalt\u00f3 que en los \u00faltimos cinco a\u00f1os ha surgido movimientos en varias industrias, como #MeeToo, para evidenciar que las mujeres con m\u00e1s privilegios respecto a otras tambi\u00e9n son v\u00edctimas de violencia de g\u00e9nero.<\/p>\n\n\n\n<p>Bajo ese tenor, insisti\u00f3 en la necesidad de darle seguimiento a los casos de hostigamiento y acoso secual en los corporativos, as\u00ed como generar estrategias pr\u00e1cticas y discursos que no pongan a las f\u00e9minas en posiciones vulnerables.<\/p>\n\n\n\n<p><em><a href=\"https:\/\/www.forbes.com.mx\/forbes-women\/\" target=\"_blank\" rel=\"noreferrer noopener\">Sigue toda la informaci\u00f3n sobre Forbes Women<\/a><\/em><\/p>\n\n\n\n<p>Urgi\u00f3 a establecer un balance entre la vida privada y el trabajo laboral, para que los hombres se involucren m\u00e1s en las labores dom\u00e9sticas, para que las mujeres no carguen con jornada dobles.<\/p>\n\n\n\n<p>Las mujeres destinan en promedio 25.7 horas a la semana para labores dentro del hogar, mientras los hombres ocupan 11 horas para la misma actividad, a pesar de que ambos est\u00e9n en el campo laboral, seg\u00fan cifras del Instituto Nacional de Estad\u00edstica y Geograf\u00eda (Inegi).<\/p>\n\n\n\n<p>Aunado a ello, el 66% del tiempo de las f\u00e9minas lo ocupan en labores de trabajo no remunerado en el hogar y el 30% es para el mercado de trabajo; a contra parte, los hombres dedican el 67% a su oficio mientras el 30% para trabajos dom\u00e9sticos, indic\u00f3 la Encuesta Nacional sobre Uso del Tiempo (ENUT) de 2019.<\/p>\n\n\n\n<p>Fuente: https:\/\/www.forbes.com.mx\/noticias-empoderamiento-economico-femenino-combatir-violencia-genero\/<\/p>\n","protected":false},"excerpt":{"rendered":"<p>Para hacerle frente a la violencia de g\u00e9nero, se requiere de el empoderamiento econ\u00f3mica de las mujeres, se\u00f1al\u00f3 una experta [&hellip;]<\/p>\n","protected":false},"author":1,"featured_media":1545,"comment_status":"open","ping_status":"open","sticky":false,"template":"","format":"standard","meta":{"site-sidebar-layout":"default","site-content-layout":"","ast-site-content-layout":"default","site-content-style":"default","site-sidebar-style":"default","ast-global-header-display":"","ast-banner-title-visibility":"","ast-main-header-display":"","ast-hfb-above-header-display":"","ast-hfb-below-header-display":"","ast-hfb-mobile-header-display":"","site-post-title":"","ast-breadcrumbs-content":"","ast-featured-img":"","footer-sml-layout":"","theme-transparent-header-meta":"","adv-header-id-meta":"","stick-header-meta":"","header-above-stick-meta":"","header-main-stick-meta":"","header-below-stick-meta":"","astra-migrate-meta-layouts":"default","ast-page-background-enabled":"default","ast-page-background-meta":{"desktop":{"background-color":"var(--ast-global-color-4)","background-image":"","background-repeat":"repeat","background-position":"center center","background-size":"auto","background-attachment":"scroll","background-type":"","background-media":"","overlay-type":"","overlay-color":"","overlay-opacity":"","overlay-gradient":""},"tablet":{"background-color":"","background-image":"","background-repeat":"repeat","background-position":"center center","background-size":"auto","background-attachment":"scroll","background-type":"","background-media":"","overlay-type":"","overlay-color":"","overlay-opacity":"","overlay-gradient":""},"mobile":{"background-color":"","background-image":"","background-repeat":"repeat","background-position":"center center","background-size":"auto","background-attachment":"scroll","background-type":"","background-media":"","overlay-type":"","overlay-color":"","overlay-opacity":"","overlay-gradient":""}},"ast-content-background-meta":{"desktop":{"background-color":"var(--ast-global-color-5)","background-image":"","background-repeat":"repeat","background-position":"center center","background-size":"auto","background-attachment":"scroll","background-type":"","background-media":"","overlay-type":"","overlay-color":"","overlay-opacity":"","overlay-gradient":""},"tablet":{"background-color":"var(--ast-global-color-5)","background-image":"","background-repeat":"repeat","background-position":"center center","background-size":"auto","background-attachment":"scroll","background-type":"","background-media":"","overlay-type":"","overlay-color":"","overlay-opacity":"","overlay-gradient":""},"mobile":{"background-color":"var(--ast-global-color-5)","background-image":"","background-repeat":"repeat","background-position":"center center","background-size":"auto","background-attachment":"scroll","background-type":"","background-media":"","overlay-type":"","overlay-color":"","overlay-opacity":"","overlay-gradient":""}},"footnotes":""},"categories":[8],"tags":[],"class_list":["post-1544","post","type-post","status-publish","format-standard","has-post-thumbnail","hentry","category-noticias"],"_links":{"self":[{"href":"https:\/\/losperiodistas.com.mx\/portal\/wp-json\/wp\/v2\/posts\/1544","targetHints":{"allow":["GET"]}}],"collection":[{"href":"https:\/\/losperiodistas.com.mx\/portal\/wp-json\/wp\/v2\/posts"}],"about":[{"href":"https:\/\/losperiodistas.com.mx\/portal\/wp-json\/wp\/v2\/types\/post"}],"author":[{"embeddable":true,"href":"https:\/\/losperiodistas.com.mx\/portal\/wp-json\/wp\/v2\/users\/1"}],"replies":[{"embeddable":true,"href":"https:\/\/losperiodistas.com.mx\/portal\/wp-json\/wp\/v2\/comments?post=1544"}],"version-history":[{"count":1,"href":"https:\/\/losperiodistas.com.mx\/portal\/wp-json\/wp\/v2\/posts\/1544\/revisions"}],"predecessor-version":[{"id":1546,"href":"https:\/\/losperiodistas.com.mx\/portal\/wp-json\/wp\/v2\/posts\/1544\/revisions\/1546"}],"wp:featuredmedia":[{"embeddable":true,"href":"https:\/\/losperiodistas.com.mx\/portal\/wp-json\/wp\/v2\/media\/1545"}],"wp:attachment":[{"href":"https:\/\/losperiodistas.com.mx\/portal\/wp-json\/wp\/v2\/media?parent=1544"}],"wp:term":[{"taxonomy":"category","embeddable":true,"href":"https:\/\/losperiodistas.com.mx\/portal\/wp-json\/wp\/v2\/categories?post=1544"},{"taxonomy":"post_tag","embeddable":true,"href":"https:\/\/losperiodistas.com.mx\/portal\/wp-json\/wp\/v2\/tags?post=1544"}],"curies":[{"name":"wp","href":"https:\/\/api.w.org\/{rel}","templated":true}]}}