{"id":15382,"date":"2021-11-01T05:39:21","date_gmt":"2021-11-01T11:39:21","guid":{"rendered":"http:\/\/losperiodistas.com.mx\/portal\/?p=15382"},"modified":"2021-11-01T07:50:00","modified_gmt":"2021-11-01T13:50:00","slug":"aprobacion-de-amlo-subio-a-64-en-octubre","status":"publish","type":"post","link":"https:\/\/losperiodistas.com.mx\/portal\/aprobacion-de-amlo-subio-a-64-en-octubre\/","title":{"rendered":"Aprobaci\u00f3n de AMLO subi\u00f3 a 64% en octubre | El Economista"},"content":{"rendered":"\n<p style=\"font-size:18px\"><em>En octubre del a\u00f1o en curso, 64% de las personas en promedio aval\u00f3 al presidente Andr\u00e9s Manuel L\u00f3pez Obrador; este es el tercer registro m\u00e1s alto desde que inici\u00f3 la medici\u00f3n de aprobaci\u00f3n y la cifra m\u00e1s alta desde octubre de 2019 (63%), precis\u00f3 la encuesta de Mitofsky para El Economista.<\/em><\/p>\n\n\n\n<p><\/p>\n\n\n\n<figure class=\"wp-block-image size-large\"><img fetchpriority=\"high\" decoding=\"async\" width=\"1024\" height=\"518\" src=\"https:\/\/losperiodistas.com.mx\/portal\/wp-content\/uploads\/2021\/11\/Captura-de-Pantalla-2021-11-01-a-las-5.34.01-1024x518.jpg\" alt=\"\" class=\"wp-image-15383\" srcset=\"https:\/\/losperiodistas.com.mx\/portal\/wp-content\/uploads\/2021\/11\/Captura-de-Pantalla-2021-11-01-a-las-5.34.01-1024x518.jpg 1024w, https:\/\/losperiodistas.com.mx\/portal\/wp-content\/uploads\/2021\/11\/Captura-de-Pantalla-2021-11-01-a-las-5.34.01-300x152.jpg 300w, https:\/\/losperiodistas.com.mx\/portal\/wp-content\/uploads\/2021\/11\/Captura-de-Pantalla-2021-11-01-a-las-5.34.01-768x389.jpg 768w, https:\/\/losperiodistas.com.mx\/portal\/wp-content\/uploads\/2021\/11\/Captura-de-Pantalla-2021-11-01-a-las-5.34.01-1536x777.jpg 1536w, https:\/\/losperiodistas.com.mx\/portal\/wp-content\/uploads\/2021\/11\/Captura-de-Pantalla-2021-11-01-a-las-5.34.01-2048x1036.jpg 2048w, https:\/\/losperiodistas.com.mx\/portal\/wp-content\/uploads\/2021\/11\/Captura-de-Pantalla-2021-11-01-a-las-5.34.01-585x295.jpg 585w\" sizes=\"(max-width: 1024px) 100vw, 1024px\" \/><\/figure>\n\n\n\n<p><\/p>\n\n\n\n<p class=\"has-vivid-cyan-blue-color has-text-color has-medium-font-size\">ROLANDO RAMOS \/ EL ECONOMISTA<\/p>\n\n\n\n<figure class=\"wp-block-image size-large\"><img decoding=\"async\" width=\"1024\" height=\"780\" src=\"https:\/\/losperiodistas.com.mx\/portal\/wp-content\/uploads\/2021\/11\/Captura-de-Pantalla-2021-11-01-a-las-5.35.24-1024x780.jpg\" alt=\"\" class=\"wp-image-15384\" srcset=\"https:\/\/losperiodistas.com.mx\/portal\/wp-content\/uploads\/2021\/11\/Captura-de-Pantalla-2021-11-01-a-las-5.35.24-1024x780.jpg 1024w, https:\/\/losperiodistas.com.mx\/portal\/wp-content\/uploads\/2021\/11\/Captura-de-Pantalla-2021-11-01-a-las-5.35.24-300x229.jpg 300w, https:\/\/losperiodistas.com.mx\/portal\/wp-content\/uploads\/2021\/11\/Captura-de-Pantalla-2021-11-01-a-las-5.35.24-768x585.jpg 768w, https:\/\/losperiodistas.com.mx\/portal\/wp-content\/uploads\/2021\/11\/Captura-de-Pantalla-2021-11-01-a-las-5.35.24.jpg 1496w\" sizes=\"(max-width: 1024px) 100vw, 1024px\" \/><\/figure>\n\n\n\n<figure class=\"wp-block-image size-large\"><img decoding=\"async\" width=\"1024\" height=\"759\" src=\"https:\/\/losperiodistas.com.mx\/portal\/wp-content\/uploads\/2021\/11\/Captura-de-Pantalla-2021-11-01-a-las-5.35.57-1024x759.jpg\" alt=\"\" class=\"wp-image-15385\" srcset=\"https:\/\/losperiodistas.com.mx\/portal\/wp-content\/uploads\/2021\/11\/Captura-de-Pantalla-2021-11-01-a-las-5.35.57-1024x759.jpg 1024w, https:\/\/losperiodistas.com.mx\/portal\/wp-content\/uploads\/2021\/11\/Captura-de-Pantalla-2021-11-01-a-las-5.35.57-300x222.jpg 300w, https:\/\/losperiodistas.com.mx\/portal\/wp-content\/uploads\/2021\/11\/Captura-de-Pantalla-2021-11-01-a-las-5.35.57-768x569.jpg 768w, https:\/\/losperiodistas.com.mx\/portal\/wp-content\/uploads\/2021\/11\/Captura-de-Pantalla-2021-11-01-a-las-5.35.57.jpg 1498w\" sizes=\"(max-width: 1024px) 100vw, 1024px\" \/><\/figure>\n\n\n\n<p>En octubre del a\u00f1o en curso, 64% de las personas en promedio aval\u00f3 al&nbsp;<strong>presidente Andr\u00e9s Manuel L\u00f3pez Obrador<\/strong>; este es el tercer registro m\u00e1s alto desde que inici\u00f3 la medici\u00f3n de aprobaci\u00f3n y la cifra m\u00e1s alta desde octubre de 2019 (63%), precis\u00f3 la&nbsp;<strong>encuesta de Mitofsky para El Economista<\/strong>&nbsp;sobre evaluaci\u00f3n del Ejecutivo federal.<\/p>\n\n\n\n<p>Por otra parte,&nbsp;<a href=\"https:\/\/www.eleconomista.com.mx\/politica\/TEPJF-definira-el-lunes-si-permitiran-firmas-en-papel-para-apoyo-a-consulta-de-revocacion-de-mandato-20211031-0007.html\" target=\"_blank\" rel=\"noreferrer noopener\">a cinco meses de que se realice la posible consulta sobre revocaci\u00f3n de mandato<\/a>, 62% de los mexicanos elegir\u00eda que L\u00f3pez Obrador contin\u00fae en el cargo hasta concluir su mandato. Dicha cifra es medio punto porcentual superior a la alcanzada por el tabasque\u00f1o en el mismo mes de hace dos a\u00f1os, aunque respecto de noviembre del 2020 es 5.1% superior.&nbsp;<\/p>\n\n\n\n<figure class=\"wp-block-image\"><img decoding=\"async\" src=\"https:\/\/www.eleconomista.com.mx\/export\/sites\/eleconomista\/img\/2021\/11\/01\/aprobacion-presidencial3_011121w.jpg_1806772158.jpg\" alt=\"\" title=\"\"\/><\/figure>\n\n\n\n<p>Fuente: https:\/\/www.eleconomista.com.mx\/politica\/Aprobacion-de-AMLO-subio-a-64-en-octubre-20211101-0003.html<\/p>\n","protected":false},"excerpt":{"rendered":"<p>En octubre del a\u00f1o en curso, 64% de las personas en promedio aval\u00f3 al presidente Andr\u00e9s Manuel L\u00f3pez Obrador; este [&hellip;]<\/p>\n","protected":false},"author":1,"featured_media":15383,"comment_status":"open","ping_status":"open","sticky":false,"template":"","format":"standard","meta":{"site-sidebar-layout":"default","site-content-layout":"","ast-site-content-layout":"default","site-content-style":"default","site-sidebar-style":"default","ast-global-header-display":"","ast-banner-title-visibility":"","ast-main-header-display":"","ast-hfb-above-header-display":"","ast-hfb-below-header-display":"","ast-hfb-mobile-header-display":"","site-post-title":"","ast-breadcrumbs-content":"","ast-featured-img":"","footer-sml-layout":"","theme-transparent-header-meta":"","adv-header-id-meta":"","stick-header-meta":"","header-above-stick-meta":"","header-main-stick-meta":"","header-below-stick-meta":"","astra-migrate-meta-layouts":"default","ast-page-background-enabled":"default","ast-page-background-meta":{"desktop":{"background-color":"var(--ast-global-color-4)","background-image":"","background-repeat":"repeat","background-position":"center center","background-size":"auto","background-attachment":"scroll","background-type":"","background-media":"","overlay-type":"","overlay-color":"","overlay-opacity":"","overlay-gradient":""},"tablet":{"background-color":"","background-image":"","background-repeat":"repeat","background-position":"center center","background-size":"auto","background-attachment":"scroll","background-type":"","background-media":"","overlay-type":"","overlay-color":"","overlay-opacity":"","overlay-gradient":""},"mobile":{"background-color":"","background-image":"","background-repeat":"repeat","background-position":"center center","background-size":"auto","background-attachment":"scroll","background-type":"","background-media":"","overlay-type":"","overlay-color":"","overlay-opacity":"","overlay-gradient":""}},"ast-content-background-meta":{"desktop":{"background-color":"var(--ast-global-color-5)","background-image":"","background-repeat":"repeat","background-position":"center center","background-size":"auto","background-attachment":"scroll","background-type":"","background-media":"","overlay-type":"","overlay-color":"","overlay-opacity":"","overlay-gradient":""},"tablet":{"background-color":"var(--ast-global-color-5)","background-image":"","background-repeat":"repeat","background-position":"center center","background-size":"auto","background-attachment":"scroll","background-type":"","background-media":"","overlay-type":"","overlay-color":"","overlay-opacity":"","overlay-gradient":""},"mobile":{"background-color":"var(--ast-global-color-5)","background-image":"","background-repeat":"repeat","background-position":"center center","background-size":"auto","background-attachment":"scroll","background-type":"","background-media":"","overlay-type":"","overlay-color":"","overlay-opacity":"","overlay-gradient":""}},"footnotes":""},"categories":[8],"tags":[5210,116],"class_list":["post-15382","post","type-post","status-publish","format-standard","has-post-thumbnail","hentry","category-noticias","tag-amlo-aprobacion","tag-mitofsky"],"_links":{"self":[{"href":"https:\/\/losperiodistas.com.mx\/portal\/wp-json\/wp\/v2\/posts\/15382","targetHints":{"allow":["GET"]}}],"collection":[{"href":"https:\/\/losperiodistas.com.mx\/portal\/wp-json\/wp\/v2\/posts"}],"about":[{"href":"https:\/\/losperiodistas.com.mx\/portal\/wp-json\/wp\/v2\/types\/post"}],"author":[{"embeddable":true,"href":"https:\/\/losperiodistas.com.mx\/portal\/wp-json\/wp\/v2\/users\/1"}],"replies":[{"embeddable":true,"href":"https:\/\/losperiodistas.com.mx\/portal\/wp-json\/wp\/v2\/comments?post=15382"}],"version-history":[{"count":2,"href":"https:\/\/losperiodistas.com.mx\/portal\/wp-json\/wp\/v2\/posts\/15382\/revisions"}],"predecessor-version":[{"id":15412,"href":"https:\/\/losperiodistas.com.mx\/portal\/wp-json\/wp\/v2\/posts\/15382\/revisions\/15412"}],"wp:featuredmedia":[{"embeddable":true,"href":"https:\/\/losperiodistas.com.mx\/portal\/wp-json\/wp\/v2\/media\/15383"}],"wp:attachment":[{"href":"https:\/\/losperiodistas.com.mx\/portal\/wp-json\/wp\/v2\/media?parent=15382"}],"wp:term":[{"taxonomy":"category","embeddable":true,"href":"https:\/\/losperiodistas.com.mx\/portal\/wp-json\/wp\/v2\/categories?post=15382"},{"taxonomy":"post_tag","embeddable":true,"href":"https:\/\/losperiodistas.com.mx\/portal\/wp-json\/wp\/v2\/tags?post=15382"}],"curies":[{"name":"wp","href":"https:\/\/api.w.org\/{rel}","templated":true}]}}