{"id":15377,"date":"2021-11-01T05:28:51","date_gmt":"2021-11-01T11:28:51","guid":{"rendered":"http:\/\/losperiodistas.com.mx\/portal\/?p=15377"},"modified":"2021-11-01T05:28:52","modified_gmt":"2021-11-01T11:28:52","slug":"ricardo-monreal-aseguro-victoria-presidencial-sobre-sheinbaum-y-ebrard-en-2024-infobae","status":"publish","type":"post","link":"https:\/\/losperiodistas.com.mx\/portal\/ricardo-monreal-aseguro-victoria-presidencial-sobre-sheinbaum-y-ebrard-en-2024-infobae\/","title":{"rendered":"Ricardo Monreal asegur\u00f3 victoria presidencial sobre Sheinbaum y Ebrard en 2024 | Infobae"},"content":{"rendered":"\n<p style=\"font-size:18px\"><em>El senador morenista asegur\u00f3 que \u201cal norte le toca tener un Presidente de la Rep\u00fablica\u201d, pues el \u00faltimo mandatario que se dijo de esta parte del territorio nacional fue Carlos Salinas de Gortari, quien realiz\u00f3 su vida en el centro de la CDMX<\/em><\/p>\n\n\n\n<p><\/p>\n\n\n\n<figure class=\"wp-block-image size-large\"><img fetchpriority=\"high\" decoding=\"async\" width=\"1024\" height=\"573\" src=\"https:\/\/losperiodistas.com.mx\/portal\/wp-content\/uploads\/2021\/11\/Captura-de-Pantalla-2021-11-01-a-las-5.25.20-1024x573.jpg\" alt=\"\" class=\"wp-image-15380\" srcset=\"https:\/\/losperiodistas.com.mx\/portal\/wp-content\/uploads\/2021\/11\/Captura-de-Pantalla-2021-11-01-a-las-5.25.20-1024x573.jpg 1024w, https:\/\/losperiodistas.com.mx\/portal\/wp-content\/uploads\/2021\/11\/Captura-de-Pantalla-2021-11-01-a-las-5.25.20-300x168.jpg 300w, https:\/\/losperiodistas.com.mx\/portal\/wp-content\/uploads\/2021\/11\/Captura-de-Pantalla-2021-11-01-a-las-5.25.20-768x430.jpg 768w, https:\/\/losperiodistas.com.mx\/portal\/wp-content\/uploads\/2021\/11\/Captura-de-Pantalla-2021-11-01-a-las-5.25.20.jpg 1522w\" sizes=\"(max-width: 1024px) 100vw, 1024px\" \/><figcaption>Ricardo Monreal, Claudia Sheinbaum y Marcelo Ebrard son los nombres que m\u00e1s han sonado para relevar a AMLO por parte de la 4T (Fotos: Reuters \/\/ Senado \/\/ Reuters)<\/figcaption><\/figure>\n\n\n\n<p><\/p>\n\n\n\n<p class=\"has-vivid-cyan-blue-color has-text-color has-medium-font-size\">INFOBAE<\/p>\n\n\n\n<p>Andr\u00e9s Manuel L\u00f3pez Obrador (AMLO) est\u00e1 a punto de cumplir tres a\u00f1os como presidente de la Rep\u00fablica.<strong>&nbsp;Entre cr\u00edticas, aspiraciones y deseos, su mandato se ha dado con varios tropiezos<\/strong>, los cuales provocaron que la sucesi\u00f3n en 2024 sea un tema del cual se hable con tanta anticipaci\u00f3n.<\/p>\n\n\n\n<p>Varios son los nombres que de los partidos de oposici\u00f3n han surgido para desbancarlo de Palacio Nacional: Ricardo Anaya, Alejandro Moreno, Samuel Garc\u00eda y hasta la propia Lilly T\u00e9llez. No obstante,\u00a0<strong>personajes afines a la Cuarta Transformaci\u00f3n (4T), fieles al mandatario, tambi\u00e9n se han posicionado al respecto<\/strong>.<\/p>\n\n\n\n<p>Tres han sido las personas que m\u00e1s han resonado durante las \u00faltimas semanas: Claudia Sheinbaum Pardo, Jefa de Gobierno de la Ciudad de M\u00e9xico (<a href=\"https:\/\/www.infobae.com\/america\/mexico\/2021\/10\/14\/sheinbaum-tiene-el-apoyo-de-lopez-obrador-riva-palacio-descarto-a-ebrard-y-monreal-de-la-presidencia-2024\/\" target=\"_blank\" rel=\"noreferrer noopener\">y que llevar\u00eda la delantera<\/a>); Marcelo Ebrard, titular de la Secretar\u00eda de Relaciones Exteriores (SRE); y Ricardo Monreal, senador del Movimiento de Regeneraci\u00f3n Nacional (Morena).<\/p>\n\n\n\n<p>Este \u00faltimo es quien en m\u00e1s ocasiones se ha manifestado respecto a sus posibilidades como pr\u00f3ximo presidente, y este domingo no fue la excepci\u00f3n, ya que\u00a0<strong>asegur\u00f3 con fortaleza que vencer\u00e1 a sus m\u00e1s cercanos competidores<\/strong>, a pesar de que, hasta el momento, no existe ninguna encuesta o actividad electoral dentro del partido guinda.<\/p>\n\n\n\n<p><img decoding=\"async\" height=\"1080\" width=\"1920\" srcset=\"https:\/\/www.infobae.com\/new-resizer\/-0AexF4U0v2m2WUHzweNlWzkoSI=\/420x236\/filters:format(jpg):quality(85)\/cloudfront-us-east-1.images.arcpublishing.com\/infobae\/JPALKDTG45AQ5OEYJ6UY3NM2UY.jpg 420w,https:\/\/www.infobae.com\/new-resizer\/XvjzBN0HqRzk9DQzXrnX7u2m1TI=\/768x432\/filters:format(jpg):quality(85)\/cloudfront-us-east-1.images.arcpublishing.com\/infobae\/JPALKDTG45AQ5OEYJ6UY3NM2UY.jpg 768w,https:\/\/www.infobae.com\/new-resizer\/E2ey3Kr_-3nV6uaJJB_O3255Bpw=\/992x558\/filters:format(jpg):quality(85)\/cloudfront-us-east-1.images.arcpublishing.com\/infobae\/JPALKDTG45AQ5OEYJ6UY3NM2UY.jpg 992w,https:\/\/www.infobae.com\/new-resizer\/N2R-t_0xEDW_NO-cqt254bcmDTY=\/1200x675\/filters:format(jpg):quality(85)\/cloudfront-us-east-1.images.arcpublishing.com\/infobae\/JPALKDTG45AQ5OEYJ6UY3NM2UY.jpg 1200w,https:\/\/www.infobae.com\/new-resizer\/4N93Wq02NdIc4OtL1-X2pTFqVNM=\/1440x810\/filters:format(jpg):quality(85)\/cloudfront-us-east-1.images.arcpublishing.com\/infobae\/JPALKDTG45AQ5OEYJ6UY3NM2UY.jpg 1440w\" alt=\"Monreal se\u00f1al\u00f3 que ganar\u00e1 &quot;a la buena&quot; la candidatura para 2024 (Foto: Cuartoscuro)\" src=\"https:\/\/www.infobae.com\/new-resizer\/-0AexF4U0v2m2WUHzweNlWzkoSI=\/420x236\/filters:format(jpg):quality(85)\/cloudfront-us-east-1.images.arcpublishing.com\/infobae\/JPALKDTG45AQ5OEYJ6UY3NM2UY.jpg%20420w\">Monreal se\u00f1al\u00f3 que ganar\u00e1 \u00aba la buena\u00bb la candidatura para 2024 (Foto: Cuartoscuro)<\/p>\n\n\n\n<p>Fue durante una entrevista para el noticiero&nbsp;<em>Viva la Noticia<\/em>&nbsp;de Sinaloa, donde afirm\u00f3 que lleg\u00f3 el momento de que alg\u00fan ciudadano \u201c<strong>al norte le toca tener un Presidente de la Rep\u00fablica<\/strong>\u201d.<\/p>\n\n\n\n<p>\u201cHasta ahora, con seriedad, sin excluir a nadie, veo en el horizonte a Marcelo Ebrard, que ha hecho muy buen trabajo, excelente trabajo, dir\u00eda yo; y a Claudia Sheinbaum, que es una buena jefa de Gobierno y que ha crecido en imagen y est\u00e1 trabajando con mucho \u00e1nimo en la Ciudad de M\u00e9xico. As\u00ed es que v<strong>a a ser una contienda respetuosa, en su momento, pero creo que les voy a ganar a los dos<\/strong>\u201d,&nbsp;<a href=\"https:\/\/www.infobae.com\/america\/mexico\/2021\/10\/16\/ricardo-monreal-confirmo-que-buscara-la-presidencia\/\" target=\"_blank\" rel=\"noreferrer noopener\">ahond\u00f3 el legislador<\/a>.<\/p>\n\n\n\n<p>Asimismo, mencion\u00f3 que el \u00faltimo mandatario de esta parte del territorio nacional fue\u00a0<strong>Carlos Salinas de Gortari, aunque \u201csu vida se hizo en el centro, en la Ciudad de M\u00e9xico<\/strong>, su padre hab\u00eda sido del norte\u201d. Por ello, se anot\u00f3 como el pr\u00f3ximo norte\u00f1o en llegar a ser el pr\u00f3ximo jefe de estado.Ahora s\u00ed hay un aut\u00e9ntico norte\u00f1o: yo soy de Zacatecas y somos parte del norte.<\/p>\n\n\n\n<p><img decoding=\"async\" height=\"534\" width=\"800\" srcset=\"https:\/\/www.infobae.com\/new-resizer\/wD4-XCeRnNJoJrUgxxlCkXaWBJQ=\/420x280\/filters:format(jpg):quality(85)\/cloudfront-us-east-1.images.arcpublishing.com\/infobae\/Q4ATKEUYZ5EAULUCFHVPSJKUC4.jpg 420w,https:\/\/www.infobae.com\/new-resizer\/Epf1mEhKxjke9jq2McmKkKlOdk0=\/768x512\/filters:format(jpg):quality(85)\/cloudfront-us-east-1.images.arcpublishing.com\/infobae\/Q4ATKEUYZ5EAULUCFHVPSJKUC4.jpg 768w,https:\/\/www.infobae.com\/new-resizer\/MDMssJIDYkMpnytEGS-zl9BRKOI=\/992x661\/filters:format(jpg):quality(85)\/cloudfront-us-east-1.images.arcpublishing.com\/infobae\/Q4ATKEUYZ5EAULUCFHVPSJKUC4.jpg 992w,https:\/\/www.infobae.com\/new-resizer\/AdC6WjVQBga4ijHo4q3hCUPOqqU=\/1200x800\/filters:format(jpg):quality(85)\/cloudfront-us-east-1.images.arcpublishing.com\/infobae\/Q4ATKEUYZ5EAULUCFHVPSJKUC4.jpg 1200w,https:\/\/www.infobae.com\/new-resizer\/qoQ_tf2Xb_znZTr1G_e22ImKpIc=\/1440x960\/filters:format(jpg):quality(85)\/cloudfront-us-east-1.images.arcpublishing.com\/infobae\/Q4ATKEUYZ5EAULUCFHVPSJKUC4.jpg 1440w\" alt=\"El legislador morenista destac\u00f3 que su nombre estar\u00e1 escrito en la boleta de las pr\u00f3ximas elecciones presidenciales (Foto: REUTERS\/Toya Sarno Jordan)\" src=\"https:\/\/www.infobae.com\/new-resizer\/wD4-XCeRnNJoJrUgxxlCkXaWBJQ=\/420x280\/filters:format(jpg):quality(85)\/cloudfront-us-east-1.images.arcpublishing.com\/infobae\/Q4ATKEUYZ5EAULUCFHVPSJKUC4.jpg%20420w\"><\/p>\n\n\n\n<p>El legislador morenista destac\u00f3 que su nombre estar\u00e1 escrito en la boleta de las pr\u00f3ximas elecciones presidenciales (Foto: REUTERS\/Toya Sarno Jordan)<\/p>\n\n\n\n<p>Sobre el m\u00e9todo de selecci\u00f3n del pr\u00f3ximo candidato morenista a la presidencia en 20224,&nbsp;<strong>Monreal prefiere que se realice mediante una elecci\u00f3n interna y no por encuesta<\/strong>, esto con el objetivo de buscar la uni\u00f3n y evitar la ruptura al interior de la fuerza pol\u00edtica que intenta presidir.<\/p>\n\n\n\n<p>\u201cElecciones primarias que puedan empujar la unidad, elecciones primarias que no nos dividan, que nos unan, que no nos excluyan,&nbsp;<strong>que nos incluyan, que no haya ruptura, sino que haya incorporaci\u00f3n de todos a este proceso del 24<\/strong>\u2033, puntualiz\u00f3.<\/p>\n\n\n\n<p>Finalmente, resalt\u00f3 que<a href=\"https:\/\/www.infobae.com\/america\/mexico\/2021\/10\/02\/ricardo-monreal-quiere-candidatura-presidencial-en-2024-pese-al-apoyo-de-amlo-a-sheinbaum-voy-a-ganarles-a-la-buena\/\" target=\"_blank\" rel=\"noreferrer noopener\">&nbsp;s\u00ed buscar\u00e1 integrarse a la contienda contra Sheinbaum y Ebrard para ganarles \u201ca la buena\u201d<\/a>&nbsp;la posibilidad de escribir su nombre en la boleta electoral que los ciudadanos utilizar\u00e1n en tres a\u00f1os para elegir al pr\u00f3ximo presidente.<\/p>\n\n\n\n<p>\u201c<strong>Cuando venga la convocatoria de elecci\u00f3n de candidato a la Presidencia de la Rep\u00fablica all\u00ed estar\u00e9 puntualmente a la cita<\/strong>, como lo he afirmado abiertamente, sin tapujos y sin ninguna actitud de simulaci\u00f3n o de tapadismo: voy a estar en la boleta, si Dios quiere\u201d, sentenci\u00f3 Ricardo Monreal.<\/p>\n\n\n\n<p>Fuente: https:\/\/www.infobae.com\/america\/mexico\/2021\/11\/01\/ricardo-monreal-aseguro-victoria-presidencial-sobre-sheinbaum-y-ebrard-en-2024\/<\/p>\n","protected":false},"excerpt":{"rendered":"<p>El senador morenista asegur\u00f3 que \u201cal norte le toca tener un Presidente de la Rep\u00fablica\u201d, pues el \u00faltimo mandatario que [&hellip;]<\/p>\n","protected":false},"author":1,"featured_media":15380,"comment_status":"open","ping_status":"open","sticky":false,"template":"","format":"standard","meta":{"site-sidebar-layout":"default","site-content-layout":"","ast-site-content-layout":"default","site-content-style":"default","site-sidebar-style":"default","ast-global-header-display":"","ast-banner-title-visibility":"","ast-main-header-display":"","ast-hfb-above-header-display":"","ast-hfb-below-header-display":"","ast-hfb-mobile-header-display":"","site-post-title":"","ast-breadcrumbs-content":"","ast-featured-img":"","footer-sml-layout":"","theme-transparent-header-meta":"","adv-header-id-meta":"","stick-header-meta":"","header-above-stick-meta":"","header-main-stick-meta":"","header-below-stick-meta":"","astra-migrate-meta-layouts":"default","ast-page-background-enabled":"default","ast-page-background-meta":{"desktop":{"background-color":"var(--ast-global-color-4)","background-image":"","background-repeat":"repeat","background-position":"center center","background-size":"auto","background-attachment":"scroll","background-type":"","background-media":"","overlay-type":"","overlay-color":"","overlay-opacity":"","overlay-gradient":""},"tablet":{"background-color":"","background-image":"","background-repeat":"repeat","background-position":"center center","background-size":"auto","background-attachment":"scroll","background-type":"","background-media":"","overlay-type":"","overlay-color":"","overlay-opacity":"","overlay-gradient":""},"mobile":{"background-color":"","background-image":"","background-repeat":"repeat","background-position":"center center","background-size":"auto","background-attachment":"scroll","background-type":"","background-media":"","overlay-type":"","overlay-color":"","overlay-opacity":"","overlay-gradient":""}},"ast-content-background-meta":{"desktop":{"background-color":"var(--ast-global-color-5)","background-image":"","background-repeat":"repeat","background-position":"center center","background-size":"auto","background-attachment":"scroll","background-type":"","background-media":"","overlay-type":"","overlay-color":"","overlay-opacity":"","overlay-gradient":""},"tablet":{"background-color":"var(--ast-global-color-5)","background-image":"","background-repeat":"repeat","background-position":"center center","background-size":"auto","background-attachment":"scroll","background-type":"","background-media":"","overlay-type":"","overlay-color":"","overlay-opacity":"","overlay-gradient":""},"mobile":{"background-color":"var(--ast-global-color-5)","background-image":"","background-repeat":"repeat","background-position":"center center","background-size":"auto","background-attachment":"scroll","background-type":"","background-media":"","overlay-type":"","overlay-color":"","overlay-opacity":"","overlay-gradient":""}},"footnotes":""},"categories":[8],"tags":[5209,645,4120,2098],"class_list":["post-15377","post","type-post","status-publish","format-standard","has-post-thumbnail","hentry","category-noticias","tag-claudia-sheinbaum-pardo","tag-marcelo-ebrard","tag-mexico-2024","tag-ricardo-monreal"],"_links":{"self":[{"href":"https:\/\/losperiodistas.com.mx\/portal\/wp-json\/wp\/v2\/posts\/15377","targetHints":{"allow":["GET"]}}],"collection":[{"href":"https:\/\/losperiodistas.com.mx\/portal\/wp-json\/wp\/v2\/posts"}],"about":[{"href":"https:\/\/losperiodistas.com.mx\/portal\/wp-json\/wp\/v2\/types\/post"}],"author":[{"embeddable":true,"href":"https:\/\/losperiodistas.com.mx\/portal\/wp-json\/wp\/v2\/users\/1"}],"replies":[{"embeddable":true,"href":"https:\/\/losperiodistas.com.mx\/portal\/wp-json\/wp\/v2\/comments?post=15377"}],"version-history":[{"count":1,"href":"https:\/\/losperiodistas.com.mx\/portal\/wp-json\/wp\/v2\/posts\/15377\/revisions"}],"predecessor-version":[{"id":15381,"href":"https:\/\/losperiodistas.com.mx\/portal\/wp-json\/wp\/v2\/posts\/15377\/revisions\/15381"}],"wp:featuredmedia":[{"embeddable":true,"href":"https:\/\/losperiodistas.com.mx\/portal\/wp-json\/wp\/v2\/media\/15380"}],"wp:attachment":[{"href":"https:\/\/losperiodistas.com.mx\/portal\/wp-json\/wp\/v2\/media?parent=15377"}],"wp:term":[{"taxonomy":"category","embeddable":true,"href":"https:\/\/losperiodistas.com.mx\/portal\/wp-json\/wp\/v2\/categories?post=15377"},{"taxonomy":"post_tag","embeddable":true,"href":"https:\/\/losperiodistas.com.mx\/portal\/wp-json\/wp\/v2\/tags?post=15377"}],"curies":[{"name":"wp","href":"https:\/\/api.w.org\/{rel}","templated":true}]}}