{"id":15372,"date":"2021-11-01T05:20:51","date_gmt":"2021-11-01T11:20:51","guid":{"rendered":"http:\/\/losperiodistas.com.mx\/portal\/?p=15372"},"modified":"2021-11-01T05:20:52","modified_gmt":"2021-11-01T11:20:52","slug":"joe-biden-dio-negativo-por-covid-19-el-domingo-cnn","status":"publish","type":"post","link":"https:\/\/losperiodistas.com.mx\/portal\/joe-biden-dio-negativo-por-covid-19-el-domingo-cnn\/","title":{"rendered":"Joe Biden dio negativo por covid-19 el domingo | CNN"},"content":{"rendered":"\n<figure class=\"wp-block-image size-large\"><img fetchpriority=\"high\" decoding=\"async\" width=\"1024\" height=\"577\" src=\"https:\/\/losperiodistas.com.mx\/portal\/wp-content\/uploads\/2021\/11\/Captura-de-Pantalla-2021-11-01-a-las-5.17.46-1024x577.jpg\" alt=\"\" class=\"wp-image-15375\" srcset=\"https:\/\/losperiodistas.com.mx\/portal\/wp-content\/uploads\/2021\/11\/Captura-de-Pantalla-2021-11-01-a-las-5.17.46-1024x577.jpg 1024w, https:\/\/losperiodistas.com.mx\/portal\/wp-content\/uploads\/2021\/11\/Captura-de-Pantalla-2021-11-01-a-las-5.17.46-300x169.jpg 300w, https:\/\/losperiodistas.com.mx\/portal\/wp-content\/uploads\/2021\/11\/Captura-de-Pantalla-2021-11-01-a-las-5.17.46-768x433.jpg 768w, https:\/\/losperiodistas.com.mx\/portal\/wp-content\/uploads\/2021\/11\/Captura-de-Pantalla-2021-11-01-a-las-5.17.46.jpg 1518w\" sizes=\"(max-width: 1024px) 100vw, 1024px\" \/><\/figure>\n\n\n\n<p><\/p>\n\n\n\n<p class=\"has-vivid-cyan-blue-color has-text-color has-medium-font-size\">KEVIN LIPTAK \/ CNN<\/p>\n\n\n\n<p><strong>(CNN) &#8212;<\/strong>&nbsp;El presidente de Estados Unidos,&nbsp;<a href=\"https:\/\/cnnespanol.cnn.com\/video\/joe-biden-g20-cop26-estados-unidos-europa-panorama-mundial-pkg\/\">Joe Biden<\/a>, dio negativo por covid-19 el domingo, dijo el lunes por la ma\u00f1ana la subsecretaria de prensa de la Casa Blanca, Karine Jean-Pierre.<\/p>\n\n\n\n<p>El presidente tom\u00f3 la prueba independientemente del resultado positivo de la secretaria de prensa&nbsp;<a href=\"https:\/\/cnnespanol.cnn.com\/2021\/10\/31\/jen-psaki-covid-19-casa-blanca-biden-vacuna-trax\/\">Jen Psaki<\/a>, que revel\u00f3 en un comunicado el domingo por la tarde. La prueba era necesaria para ingresar al Reino Unido, donde Biden se dirige a la Cumbre del Clima de las Naciones Unidas, conocida como COP26, en Glasgow, Escocia.<\/p>\n\n\n\n<p>Psaki dijo el domingo que vio a Biden por \u00faltima vez cinco d\u00edas antes, \u00abcuando nos sentamos afuera a m\u00e1s de seis pies de distancia y usamos m\u00e1scaras\u00bb.<a href=\"https:\/\/cnnespanol.cnn.com\/wp-content\/uploads\/2021\/10\/descarga-1.jpg?quality=100&amp;strip=info\"><\/a><\/p>\n\n\n\n<p id=\"caption-attachment-1092398\">Jen Psaki, secretaria de prensa de la Casa Blanca.<\/p>\n\n\n\n<p>La Casa Blanca anunci\u00f3 el jueves que Psaki ya no acompa\u00f1ar\u00eda a Biden en su viaje al extranjero \u00abal menos durante los primeros d\u00edas\u00bb, citando una emergencia familiar. En cambio, la subsecretaria de prensa de la Casa Blanca, Karine Jean-Pierre, viaj\u00f3 con el presidente.<\/p>\n\n\n\n<p>Es poco probable que Psaki haya infectado a Biden con covid-19, dijeron varios m\u00e9dicos a CNN el domingo<\/p>\n\n\n\n<p><video src=\"data:video\/mp4;base64,AAAAHGZ0eXBNNFYgAAACAGlzb21pc28yYXZjMQAAAAhmcmVlAAAGF21kYXTeBAAAbGliZmFhYyAxLjI4AABCAJMgBDIARwAAArEGBf\/\/rdxF6b3m2Ui3lizYINkj7u94MjY0IC0gY29yZSAxNDIgcjIgOTU2YzhkOCAtIEguMjY0L01QRUctNCBBVkMgY29kZWMgLSBDb3B5bGVmdCAyMDAzLTIwMTQgLSBodHRwOi8vd3d3LnZpZGVvbGFuLm9yZy94MjY0Lmh0bWwgLSBvcHRpb25zOiBjYWJhYz0wIHJlZj0zIGRlYmxvY2s9MTowOjAgYW5hbHlzZT0weDE6MHgxMTEgbWU9aGV4IHN1Ym1lPTcgcHN5PTEgcHN5X3JkPTEuMDA6MC4wMCBtaXhlZF9yZWY9MSBtZV9yYW5nZT0xNiBjaHJvbWFfbWU9MSB0cmVsbGlzPTEgOHg4ZGN0PTAgY3FtPTAgZGVhZHpvbmU9MjEsMTEgZmFzdF9wc2tpcD0xIGNocm9tYV9xcF9vZmZzZXQ9LTIgdGhyZWFkcz02IGxvb2thaGVhZF90aHJlYWRzPTEgc2xpY2VkX3RocmVhZHM9MCBucj0wIGRlY2ltYXRlPTEgaW50ZXJsYWNlZD0wIGJsdXJheV9jb21wYXQ9MCBjb25zdHJhaW5lZF9pbnRyYT0wIGJmcmFtZXM9MCB3ZWlnaHRwPTAga2V5aW50PTI1MCBrZXlpbnRfbWluPTI1IHNjZW5lY3V0PTQwIGludHJhX3JlZnJlc2g9MCByY19sb29rYWhlYWQ9NDAgcmM9Y3JmIG1idHJlZT0xIGNyZj0yMy4wIHFjb21wPTAuNjAgcXBtaW49MCBxcG1heD02OSBxcHN0ZXA9NCB2YnZfbWF4cmF0ZT03NjggdmJ2X2J1ZnNpemU9MzAwMCBjcmZfbWF4PTAuMCBuYWxfaHJkPW5vbmUgZmlsbGVyPTAgaXBfcmF0aW89MS40MCBhcT0xOjEuMDAAgAAAAFZliIQL8mKAAKvMnJycnJycnJycnXXXXXXXXXXXXXXXXXXXXXXXXXXXXXXXXXXXXXXXXXXXXXXXXXXXXXXXXXXXXXXXXXXXXXXXXXXXXXXXXXXXXXXXXiEASZACGQAjgCEASZACGQAjgAAAAAdBmjgX4GSAIQBJkAIZACOAAAAAB0GaVAX4GSAhAEmQAhkAI4AhAEmQAhkAI4AAAAAGQZpgL8DJIQBJkAIZACOAIQBJkAIZACOAAAAABkGagC\/AySEASZACGQAjgAAAAAZBmqAvwMkhAEmQAhkAI4AhAEmQAhkAI4AAAAAGQZrAL8DJIQBJkAIZACOAAAAABkGa4C\/AySEASZACGQAjgCEASZACGQAjgAAAAAZBmwAvwMkhAEmQAhkAI4AAAAAGQZsgL8DJIQBJkAIZACOAIQBJkAIZACOAAAAABkGbQC\/AySEASZACGQAjgCEASZACGQAjgAAAAAZBm2AvwMkhAEmQAhkAI4AAAAAGQZuAL8DJIQBJkAIZACOAIQBJkAIZACOAAAAABkGboC\/AySEASZACGQAjgAAAAAZBm8AvwMkhAEmQAhkAI4AhAEmQAhkAI4AAAAAGQZvgL8DJIQBJkAIZACOAAAAABkGaAC\/AySEASZACGQAjgCEASZACGQAjgAAAAAZBmiAvwMkhAEmQAhkAI4AhAEmQAhkAI4AAAAAGQZpAL8DJIQBJkAIZACOAAAAABkGaYC\/AySEASZACGQAjgCEASZACGQAjgAAAAAZBmoAvwMkhAEmQAhkAI4AAAAAGQZqgL8DJIQBJkAIZACOAIQBJkAIZACOAAAAABkGawC\/AySEASZACGQAjgAAAAAZBmuAvwMkhAEmQAhkAI4AhAEmQAhkAI4AAAAAGQZsAL8DJIQBJkAIZACOAAAAABkGbIC\/AySEASZACGQAjgCEASZACGQAjgAAAAAZBm0AvwMkhAEmQAhkAI4AhAEmQAhkAI4AAAAAGQZtgL8DJIQBJkAIZACOAAAAABkGbgCvAySEASZACGQAjgCEASZACGQAjgAAAAAZBm6AnwMkhAEmQAhkAI4AhAEmQAhkAI4AhAEmQAhkAI4AhAEmQAhkAI4AAAAhubW9vdgAAAGxtdmhkAAAAAAAAAAAAAAAAAAAD6AAABDcAAQAAAQAAAAAAAAAAAAAAAAEAAAAAAAAAAAAAAAAAAAABAAAAAAAAAAAAAAAAAABAAAAAAAAAAAAAAAAAAAAAAAAAAAAAAAAAAAAAAAAAAwAAAzB0cmFrAAAAXHRraGQAAAADAAAAAAAAAAAAAAABAAAAAAAAA+kAAAAAAAAAAAAAAAAAAAAAAAEAAAAAAAAAAAAAAAAAAAABAAAAAAAAAAAAAAAAAABAAAAAALAAAACQAAAAAAAkZWR0cwAAABxlbHN0AAAAAAAAAAEAAAPpAAAAAAABAAAAAAKobWRpYQAAACBtZGhkAAAAAAAAAAAAAAAAAAB1MAAAdU5VxAAAAAAALWhkbHIAAAAAAAAAAHZpZGUAAAAAAAAAAAAAAABWaWRlb0hhbmRsZXIAAAACU21pbmYAAAAUdm1oZAAAAAEAAAAAAAAAAAAAACRkaW5mAAAAHGRyZWYAAAAAAAAAAQAAAAx1cmwgAAAAAQAAAhNzdGJsAAAAr3N0c2QAAAAAAAAAAQAAAJ9hdmMxAAAAAAAAAAEAAAAAAAAAAAAAAAAAAAAAALAAkABIAAAASAAAAAAAAAABAAAAAAAAAAAAAAAAAAAAAAAAAAAAAAAAAAAAAAAAAAAAGP\/\/AAAALWF2Y0MBQsAN\/+EAFWdCwA3ZAsTsBEAAAPpAADqYA8UKkgEABWjLg8sgAAAAHHV1aWRraEDyXyRPxbo5pRvPAyPzAAAAAAAAABhzdHRzAAAAAAAAAAEAAAAeAAAD6QAAABRzdHNzAAAAAAAAAAEAAAABAAAAHHN0c2MAAAAAAAAAAQAAAAEAAAABAAAAAQAAAIxzdHN6AAAAAAAAAAAAAAAeAAADDwAAAAsAAAALAAAACgAAAAoAAAAKAAAACgAAAAoAAAAKAAAACgAAAAoAAAAKAAAACgAAAAoAAAAKAAAACgAAAAoAAAAKAAAACgAAAAoAAAAKAAAACgAAAAoAAAAKAAAACgAAAAoAAAAKAAAACgAAAAoAAAAKAAAAiHN0Y28AAAAAAAAAHgAAAEYAAANnAAADewAAA5gAAAO0AAADxwAAA+MAAAP2AAAEEgAABCUAAARBAAAEXQAABHAAAASMAAAEnwAABLsAAATOAAAE6gAABQYAAAUZAAAFNQAABUgAAAVkAAAFdwAABZMAAAWmAAAFwgAABd4AAAXxAAAGDQAABGh0cmFrAAAAXHRraGQAAAADAAAAAAAAAAAAAAACAAAAAAAABDcAAAAAAAAAAAAAAAEBAAAAAAEAAAAAAAAAAAAAAAAAAAABAAAAAAAAAAAAAAAAAABAAAAAAAAAAAAAAAAAAAAkZWR0cwAAABxlbHN0AAAAAAAAAAEAAAQkAAADcAABAAAAAAPgbWRpYQAAACBtZGhkAAAAAAAAAAAAAAAAAAC7gAAAykBVxAAAAAAALWhkbHIAAAAAAAAAAHNvdW4AAAAAAAAAAAAAAABTb3VuZEhhbmRsZXIAAAADi21pbmYAAAAQc21oZAAAAAAAAAAAAAAAJGRpbmYAAAAcZHJlZgAAAAAAAAABAAAADHVybCAAAAABAAADT3N0YmwAAABnc3RzZAAAAAAAAAABAAAAV21wNGEAAAAAAAAAAQAAAAAAAAAAAAIAEAAAAAC7gAAAAAAAM2VzZHMAAAAAA4CAgCIAAgAEgICAFEAVBbjYAAu4AAAADcoFgICAAhGQBoCAgAECAAAAIHN0dHMAAAAAAAAAAgAAADIAAAQAAAAAAQAAAkAAAAFUc3RzYwAAAAAAAAAbAAAAAQAAAAEAAAABAAAAAgAAAAIAAAABAAAAAwAAAAEAAAABAAAABAAAAAIAAAABAAAABgAAAAEAAAABAAAABwAAAAIAAAABAAAACAAAAAEAAAABAAAACQAAAAIAAAABAAAACgAAAAEAAAABAAAACwAAAAIAAAABAAAADQAAAAEAAAABAAAADgAAAAIAAAABAAAADwAAAAEAAAABAAAAEAAAAAIAAAABAAAAEQAAAAEAAAABAAAAEgAAAAIAAAABAAAAFAAAAAEAAAABAAAAFQAAAAIAAAABAAAAFgAAAAEAAAABAAAAFwAAAAIAAAABAAAAGAAAAAEAAAABAAAAGQAAAAIAAAABAAAAGgAAAAEAAAABAAAAGwAAAAIAAAABAAAAHQAAAAEAAAABAAAAHgAAAAIAAAABAAAAHwAAAAQAAAABAAAA4HN0c3oAAAAAAAAAAAAAADMAAAAaAAAACQAAAAkAAAAJAAAACQAAAAkAAAAJAAAACQAAAAkAAAAJAAAACQAAAAkAAAAJAAAACQAAAAkAAAAJAAAACQAAAAkAAAAJAAAACQAAAAkAAAAJAAAACQAAAAkAAAAJAAAACQAAAAkAAAAJAAAACQAAAAkAAAAJAAAACQAAAAkAAAAJAAAACQAAAAkAAAAJAAAACQAAAAkAAAAJAAAACQAAAAkAAAAJAAAACQAAAAkAAAAJAAAACQAAAAkAAAAJAAAACQAAAAkAAACMc3RjbwAAAAAAAAAfAAAALAAAA1UAAANyAAADhgAAA6IAAAO+AAAD0QAAA+0AAAQAAAAEHAAABC8AAARLAAAEZwAABHoAAASWAAAEqQAABMUAAATYAAAE9AAABRAAAAUjAAAFPwAABVIAAAVuAAAFgQAABZ0AAAWwAAAFzAAABegAAAX7AAAGFwAAAGJ1ZHRhAAAAWm1ldGEAAAAAAAAAIWhkbHIAAAAAAAAAAG1kaXJhcHBsAAAAAAAAAAAAAAAALWlsc3QAAAAlqXRvbwAAAB1kYXRhAAAAAQAAAABMYXZmNTUuMzMuMTAw\"><\/p>\n\n\n\n<p>\u00abSeg\u00fan la cronolog\u00eda de la prueba negativa de la Sra. Psaki durante varios d\u00edas despu\u00e9s de su \u00faltimo encuentro con el presidente Biden (que tambi\u00e9n estaba afuera y con mascarilla, por lo tanto, de muy bajo riesgo en s\u00ed mismo), es pr\u00e1cticamente imposible que ella haya contagiado de alguna manera al presidente\u00bb, dijo a CNN la Dra. Leana Wen, analista m\u00e9dica de CNN y excomisionada de salud de la ciudad de Baltimore.publicidad<\/p>\n\n\n\n<p>El Dr. Peter Hotez, experto en enfermedades infecciosas del Baylor College of Medicine, tambi\u00e9n dijo que sent\u00eda que Biden estaba bien protegido.Ingrese su correo electr\u00f3nico para suscribirse al bolet\u00edn informativo de cinco cosas de CNN.<\/p>\n\n\n\n<p>\u00abBueno, est\u00e1 tres veces vacunado, as\u00ed que deber\u00eda estar bien, a menos que tenga inmunodeficiencias que no conocemos\u00bb, le dijo Hotez a CNN por correo electr\u00f3nico.<\/p>\n\n\n\n<p>Y el Dr. Jonathan Reiner, profesor de medicina en la Universidad George Washington, tambi\u00e9n se\u00f1al\u00f3 el hecho de que la interacci\u00f3n m\u00e1s reciente entre Psaki y Biden hab\u00eda sido al aire libre.<\/p>\n\n\n\n<p>\u00abLa transmisi\u00f3n en el exterior es mucho menos probable que en el interior. Adem\u00e1s, tanto ella como el presidente llevaban m\u00e1scaras. Eso reducir\u00eda a\u00fan m\u00e1s la probabilidad de transmisi\u00f3n. Adem\u00e1s, recuerde, el presidente hab\u00eda recibido un refuerzo. Datos recientes de Pfizer muestran la tercera dosis, lo que hemos llamado refuerzo, restaura la eficacia de la vacuna a aproximadamente el 95%, as\u00ed que estoy seguro de que el presidente tambi\u00e9n estar\u00e1 bien\u00bb, dijo Reiner a Jessica Dean de CNN.<\/p>\n\n\n\n<p>Fuente: https:\/\/cnnespanol.cnn.com\/2021\/11\/01\/joe-biden-dio-negativo-por-covid-19-el-domingo\/<\/p>\n","protected":false},"excerpt":{"rendered":"<p>KEVIN LIPTAK \/ CNN (CNN) &#8212;&nbsp;El presidente de Estados Unidos,&nbsp;Joe Biden, dio negativo por covid-19 el domingo, dijo el lunes [&hellip;]<\/p>\n","protected":false},"author":1,"featured_media":15375,"comment_status":"open","ping_status":"open","sticky":false,"template":"","format":"standard","meta":{"site-sidebar-layout":"default","site-content-layout":"","ast-site-content-layout":"default","site-content-style":"default","site-sidebar-style":"default","ast-global-header-display":"","ast-banner-title-visibility":"","ast-main-header-display":"","ast-hfb-above-header-display":"","ast-hfb-below-header-display":"","ast-hfb-mobile-header-display":"","site-post-title":"","ast-breadcrumbs-content":"","ast-featured-img":"","footer-sml-layout":"","theme-transparent-header-meta":"","adv-header-id-meta":"","stick-header-meta":"","header-above-stick-meta":"","header-main-stick-meta":"","header-below-stick-meta":"","astra-migrate-meta-layouts":"default","ast-page-background-enabled":"default","ast-page-background-meta":{"desktop":{"background-color":"var(--ast-global-color-4)","background-image":"","background-repeat":"repeat","background-position":"center center","background-size":"auto","background-attachment":"scroll","background-type":"","background-media":"","overlay-type":"","overlay-color":"","overlay-opacity":"","overlay-gradient":""},"tablet":{"background-color":"","background-image":"","background-repeat":"repeat","background-position":"center center","background-size":"auto","background-attachment":"scroll","background-type":"","background-media":"","overlay-type":"","overlay-color":"","overlay-opacity":"","overlay-gradient":""},"mobile":{"background-color":"","background-image":"","background-repeat":"repeat","background-position":"center center","background-size":"auto","background-attachment":"scroll","background-type":"","background-media":"","overlay-type":"","overlay-color":"","overlay-opacity":"","overlay-gradient":""}},"ast-content-background-meta":{"desktop":{"background-color":"var(--ast-global-color-5)","background-image":"","background-repeat":"repeat","background-position":"center center","background-size":"auto","background-attachment":"scroll","background-type":"","background-media":"","overlay-type":"","overlay-color":"","overlay-opacity":"","overlay-gradient":""},"tablet":{"background-color":"var(--ast-global-color-5)","background-image":"","background-repeat":"repeat","background-position":"center center","background-size":"auto","background-attachment":"scroll","background-type":"","background-media":"","overlay-type":"","overlay-color":"","overlay-opacity":"","overlay-gradient":""},"mobile":{"background-color":"var(--ast-global-color-5)","background-image":"","background-repeat":"repeat","background-position":"center center","background-size":"auto","background-attachment":"scroll","background-type":"","background-media":"","overlay-type":"","overlay-color":"","overlay-opacity":"","overlay-gradient":""}},"footnotes":""},"categories":[8],"tags":[5208,696],"class_list":["post-15372","post","type-post","status-publish","format-standard","has-post-thumbnail","hentry","category-noticias","tag-covid-19-negativo","tag-joe-biden"],"_links":{"self":[{"href":"https:\/\/losperiodistas.com.mx\/portal\/wp-json\/wp\/v2\/posts\/15372","targetHints":{"allow":["GET"]}}],"collection":[{"href":"https:\/\/losperiodistas.com.mx\/portal\/wp-json\/wp\/v2\/posts"}],"about":[{"href":"https:\/\/losperiodistas.com.mx\/portal\/wp-json\/wp\/v2\/types\/post"}],"author":[{"embeddable":true,"href":"https:\/\/losperiodistas.com.mx\/portal\/wp-json\/wp\/v2\/users\/1"}],"replies":[{"embeddable":true,"href":"https:\/\/losperiodistas.com.mx\/portal\/wp-json\/wp\/v2\/comments?post=15372"}],"version-history":[{"count":1,"href":"https:\/\/losperiodistas.com.mx\/portal\/wp-json\/wp\/v2\/posts\/15372\/revisions"}],"predecessor-version":[{"id":15376,"href":"https:\/\/losperiodistas.com.mx\/portal\/wp-json\/wp\/v2\/posts\/15372\/revisions\/15376"}],"wp:featuredmedia":[{"embeddable":true,"href":"https:\/\/losperiodistas.com.mx\/portal\/wp-json\/wp\/v2\/media\/15375"}],"wp:attachment":[{"href":"https:\/\/losperiodistas.com.mx\/portal\/wp-json\/wp\/v2\/media?parent=15372"}],"wp:term":[{"taxonomy":"category","embeddable":true,"href":"https:\/\/losperiodistas.com.mx\/portal\/wp-json\/wp\/v2\/categories?post=15372"},{"taxonomy":"post_tag","embeddable":true,"href":"https:\/\/losperiodistas.com.mx\/portal\/wp-json\/wp\/v2\/tags?post=15372"}],"curies":[{"name":"wp","href":"https:\/\/api.w.org\/{rel}","templated":true}]}}