{"id":15362,"date":"2021-10-31T20:01:32","date_gmt":"2021-11-01T02:01:32","guid":{"rendered":"http:\/\/losperiodistas.com.mx\/portal\/?p=15362"},"modified":"2021-10-31T20:01:33","modified_gmt":"2021-11-01T02:01:33","slug":"la-explosion","status":"publish","type":"post","link":"https:\/\/losperiodistas.com.mx\/portal\/la-explosion\/","title":{"rendered":"La explosi\u00f3n"},"content":{"rendered":"\n<p><\/p>\n\n\n\n<p><\/p>\n\n\n\n<figure class=\"wp-block-embed is-type-video is-provider-youtube wp-block-embed-youtube wp-embed-aspect-16-9 wp-has-aspect-ratio\"><div class=\"wp-block-embed__wrapper\">\n<iframe title=\"La explosi\u00f3n\" width=\"500\" height=\"281\" src=\"https:\/\/www.youtube.com\/embed\/sLc61vuvFr0?feature=oembed\" frameborder=\"0\" allow=\"accelerometer; autoplay; clipboard-write; encrypted-media; gyroscope; picture-in-picture; web-share\" referrerpolicy=\"strict-origin-when-cross-origin\" allowfullscreen><\/iframe>\n<\/div><\/figure>\n\n\n\n<p>Por Jes\u00fas Manuel Hern\u00e1ndez<\/p>\n\n\n\n<p class=\"has-vivid-cyan-blue-color has-text-color\" style=\"font-size:26px\"><strong><em>Por Jes\u00fas Manuel Hern\u00e1ndez<\/em><\/strong><\/p>\n\n\n\n<p>Apenas acababa de iniciar la campa\u00f1a \u201cQue reviva Puebla\u201d un ambicioso programa de reactivaci\u00f3n econ\u00f3mica encabezado por el Gobierno de Puebla en busca de beneficiar a todos los poblanos con m\u00e1s de 300 acciones, cuando el nombre de la entidad vuelve a ocupar los titulares de la tragedia, de la corrupci\u00f3n, de la inseguridad.<\/p>\n\n\n\n<p>Si alguien pens\u00f3 que la vacunaci\u00f3n junto al sem\u00e1foro verde y el cambio de gobiernos municipales terminar\u00eda con las desgracias, se equivoc\u00f3, o no observ\u00f3 con lupa los hechos que cotidianamente suceden en la entidad.<\/p>\n\n\n\n<p>Durante el morenovallismo Puebla fue catalogada pr\u00e1cticamente como el centro m\u00e1s importante de robo de combustibles, el huachicoleo. Las Fuerzas Armadas, la Guardia Nacional, hicieron operaciones para frenar el robo de combustible cuyos autores manten\u00edan estrecha relaci\u00f3n con pol\u00edticos de moda.<\/p>\n\n\n\n<p>No hace mucho el propio Presidente Andr\u00e9s Manuel comentaba sobre los \u00e9xitos en esta materia.<\/p>\n\n\n\n<p>Y he aqu\u00ed que la realidad asom\u00f3 la cabeza la madrugada de este 31 de octubre, como antesala de la celebraci\u00f3n de m\u00e1s de tres mil a\u00f1os entre los celtas, All Hallows\u2019 Eve, creencia de que las almas de los difuntos vuelven a sus hogares, y as\u00ed de pronto volvi\u00f3 la noticia del robo de gas.<\/p>\n\n\n\n<p>San Pablo Xochimehuac\u00e1n, Junta Auxiliar del municipio de Puebla, fue el escenario de la tremenda fuga y posterior explosi\u00f3n de gas con saldo en da\u00f1os materiales, varios heridos y por suerte escasa p\u00e9rdida de vidas.<\/p>\n\n\n\n<p>Una toma clandestina de gas, una conexi\u00f3n a los ductos que llevan el combustible de Veracruz&nbsp; a M\u00e9xico y Guadalajara y que pasa en el llamado \u201cTri\u00e1ngulo Rojo\u201d no fue detectada por los gobiernos, municipal, estatal y federal, dej\u00e1ndolos en un escenario poco halagador.<\/p>\n\n\n\n<p>Si bien el enfoque de comunicaci\u00f3n ha sido acertado, trabajo de niveles de gobierno bien coordinado, operaciones inmediatas para evacuar a las personas, instalaci\u00f3n de centros de atenci\u00f3n, etc\u00e9tera, el problema es que en Puebla sigue habiendo robo de combustible y nadie, nadie de los tres niveles de gobierno se hab\u00eda dado cuenta.<\/p>\n\n\n\n<p>Coloquialmente alguien podr\u00eda pensar que hay quien siempre busca \u201cel prietito en el arroz\u201d, quiz\u00e1 sea cierto, pero la evidencia est\u00e1 en todos los medios locales, nacionales e internacionales. Tremenda explosi\u00f3n de gas y de malas noticias.<\/p>\n\n\n\n<p>O por lo menos, as\u00ed me lo parece<\/p>\n\n\n\n<p><a href=\"mailto:losperiodistas.com.mx@gmail.com\">losperiodistas.com.mx@gmail.com<\/a><\/p>\n\n\n\n<p>Video: https:\/\/youtu.be\/sLc61vuvFr0<\/p>\n","protected":false},"excerpt":{"rendered":"<p>Por Jes\u00fas Manuel Hern\u00e1ndez Por Jes\u00fas Manuel Hern\u00e1ndez Apenas acababa de iniciar la campa\u00f1a \u201cQue reviva Puebla\u201d un ambicioso programa [&hellip;]<\/p>\n","protected":false},"author":1,"featured_media":15363,"comment_status":"open","ping_status":"open","sticky":false,"template":"","format":"standard","meta":{"site-sidebar-layout":"default","site-content-layout":"","ast-site-content-layout":"default","site-content-style":"default","site-sidebar-style":"default","ast-global-header-display":"","ast-banner-title-visibility":"","ast-main-header-display":"","ast-hfb-above-header-display":"","ast-hfb-below-header-display":"","ast-hfb-mobile-header-display":"","site-post-title":"","ast-breadcrumbs-content":"","ast-featured-img":"","footer-sml-layout":"","theme-transparent-header-meta":"","adv-header-id-meta":"","stick-header-meta":"","header-above-stick-meta":"","header-main-stick-meta":"","header-below-stick-meta":"","astra-migrate-meta-layouts":"default","ast-page-background-enabled":"default","ast-page-background-meta":{"desktop":{"background-color":"var(--ast-global-color-4)","background-image":"","background-repeat":"repeat","background-position":"center center","background-size":"auto","background-attachment":"scroll","background-type":"","background-media":"","overlay-type":"","overlay-color":"","overlay-opacity":"","overlay-gradient":""},"tablet":{"background-color":"","background-image":"","background-repeat":"repeat","background-position":"center center","background-size":"auto","background-attachment":"scroll","background-type":"","background-media":"","overlay-type":"","overlay-color":"","overlay-opacity":"","overlay-gradient":""},"mobile":{"background-color":"","background-image":"","background-repeat":"repeat","background-position":"center center","background-size":"auto","background-attachment":"scroll","background-type":"","background-media":"","overlay-type":"","overlay-color":"","overlay-opacity":"","overlay-gradient":""}},"ast-content-background-meta":{"desktop":{"background-color":"var(--ast-global-color-5)","background-image":"","background-repeat":"repeat","background-position":"center center","background-size":"auto","background-attachment":"scroll","background-type":"","background-media":"","overlay-type":"","overlay-color":"","overlay-opacity":"","overlay-gradient":""},"tablet":{"background-color":"var(--ast-global-color-5)","background-image":"","background-repeat":"repeat","background-position":"center center","background-size":"auto","background-attachment":"scroll","background-type":"","background-media":"","overlay-type":"","overlay-color":"","overlay-opacity":"","overlay-gradient":""},"mobile":{"background-color":"var(--ast-global-color-5)","background-image":"","background-repeat":"repeat","background-position":"center center","background-size":"auto","background-attachment":"scroll","background-type":"","background-media":"","overlay-type":"","overlay-color":"","overlay-opacity":"","overlay-gradient":""}},"footnotes":""},"categories":[8,5],"tags":[5206,5207,5205,5198],"class_list":["post-15362","post","type-post","status-publish","format-standard","has-post-thumbnail","hentry","category-noticias","category-por-soleares","tag-explosion-gas-puebla","tag-huachicoleo-puebla","tag-robo-gas-lp","tag-san-pablo-xochimehuacan"],"_links":{"self":[{"href":"https:\/\/losperiodistas.com.mx\/portal\/wp-json\/wp\/v2\/posts\/15362","targetHints":{"allow":["GET"]}}],"collection":[{"href":"https:\/\/losperiodistas.com.mx\/portal\/wp-json\/wp\/v2\/posts"}],"about":[{"href":"https:\/\/losperiodistas.com.mx\/portal\/wp-json\/wp\/v2\/types\/post"}],"author":[{"embeddable":true,"href":"https:\/\/losperiodistas.com.mx\/portal\/wp-json\/wp\/v2\/users\/1"}],"replies":[{"embeddable":true,"href":"https:\/\/losperiodistas.com.mx\/portal\/wp-json\/wp\/v2\/comments?post=15362"}],"version-history":[{"count":1,"href":"https:\/\/losperiodistas.com.mx\/portal\/wp-json\/wp\/v2\/posts\/15362\/revisions"}],"predecessor-version":[{"id":15364,"href":"https:\/\/losperiodistas.com.mx\/portal\/wp-json\/wp\/v2\/posts\/15362\/revisions\/15364"}],"wp:featuredmedia":[{"embeddable":true,"href":"https:\/\/losperiodistas.com.mx\/portal\/wp-json\/wp\/v2\/media\/15363"}],"wp:attachment":[{"href":"https:\/\/losperiodistas.com.mx\/portal\/wp-json\/wp\/v2\/media?parent=15362"}],"wp:term":[{"taxonomy":"category","embeddable":true,"href":"https:\/\/losperiodistas.com.mx\/portal\/wp-json\/wp\/v2\/categories?post=15362"},{"taxonomy":"post_tag","embeddable":true,"href":"https:\/\/losperiodistas.com.mx\/portal\/wp-json\/wp\/v2\/tags?post=15362"}],"curies":[{"name":"wp","href":"https:\/\/api.w.org\/{rel}","templated":true}]}}