{"id":15359,"date":"2021-10-31T19:58:34","date_gmt":"2021-11-01T01:58:34","guid":{"rendered":"http:\/\/losperiodistas.com.mx\/portal\/?p=15359"},"modified":"2021-10-31T19:58:35","modified_gmt":"2021-11-01T01:58:35","slug":"universidades-de-amlo-sin-derechos-laborales-proceso","status":"publish","type":"post","link":"https:\/\/losperiodistas.com.mx\/portal\/universidades-de-amlo-sin-derechos-laborales-proceso\/","title":{"rendered":"Universidades de AMLO, sin derechos laborales | Proceso"},"content":{"rendered":"\n<p style=\"font-size:18px\"><em>Al tiempo que L\u00f3pez Obrador no ceja en las cr\u00edticas a la UNAM, las Universidades para el Bienestar Benito Ju\u00e1rez enfrentan un explosivo conflicto laboral: 150 profesores han sido despedidos con el argumento de que firmaron un convenio que les priva de toda prestaci\u00f3n.<\/em><\/p>\n\n\n\n<p><\/p>\n\n\n\n<figure class=\"wp-block-image size-large\"><img fetchpriority=\"high\" decoding=\"async\" width=\"1024\" height=\"575\" src=\"https:\/\/losperiodistas.com.mx\/portal\/wp-content\/uploads\/2021\/10\/Captura-de-Pantalla-2021-10-31-a-las-19.54.46-1024x575.jpg\" alt=\"\" class=\"wp-image-15360\" srcset=\"https:\/\/losperiodistas.com.mx\/portal\/wp-content\/uploads\/2021\/10\/Captura-de-Pantalla-2021-10-31-a-las-19.54.46-1024x575.jpg 1024w, https:\/\/losperiodistas.com.mx\/portal\/wp-content\/uploads\/2021\/10\/Captura-de-Pantalla-2021-10-31-a-las-19.54.46-300x168.jpg 300w, https:\/\/losperiodistas.com.mx\/portal\/wp-content\/uploads\/2021\/10\/Captura-de-Pantalla-2021-10-31-a-las-19.54.46-768x431.jpg 768w, https:\/\/losperiodistas.com.mx\/portal\/wp-content\/uploads\/2021\/10\/Captura-de-Pantalla-2021-10-31-a-las-19.54.46.jpg 1478w\" sizes=\"(max-width: 1024px) 100vw, 1024px\" \/><\/figure>\n\n\n\n<p><\/p>\n\n\n\n<p class=\"has-vivid-cyan-blue-color has-text-color has-medium-font-size\">MATHIEU TOURLIERE \/ REVISTA PROCESO<\/p>\n\n\n\n<p>CIUDAD DE M\u00c9XICO (Proceso).\u2013 A dos a\u00f1os y medio de su creaci\u00f3n, el ambicioso programa de Universidades para el Bienestar Benito Ju\u00e1rez Garc\u00eda (UBBJG) tropez\u00f3 con las renuncias de varios de sus fundadores y qued\u00f3 a merced de las decisiones de su directora, Raquel Sosa Elizaga, quien en los \u00faltimos cuatro meses despidi\u00f3 a m\u00e1s de 150 profesores, equivalente a 15% de su plantilla docente.<\/p>\n\n\n\n<p>El conflicto laboral est\u00e1 a punto de escalar y de llegar ante los tribunales, pues en reuniones de conciliaci\u00f3n auspiciadas por la Secretar\u00eda del Trabajo, el equipo de Sosa se ha negado a reconocer a los profesores como trabajadores: afirma que est\u00e1n contratados con un \u201cconvenio de servicios educativos\u201d que les priva de toda prestaci\u00f3n social. Ello, a pesar de que en septiembre de 2019 Sosa prometi\u00f3 que el tr\u00e1mite para su regularizaci\u00f3n estaba en curso.<\/p>\n\n\n\n<p>Si bien el presidente Andr\u00e9s Manuel L\u00f3pez Obrador ha criticado recientemente la \u201cderechizaci\u00f3n\u201d de la UNAM, los profesores de la universidad que cre\u00f3 la llamada Cuarta Transformaci\u00f3n no tienen plaza \u2013cobran sus salarios como si fueran subsidios de un programa social\u2013 ni seguridad social y mucho menos representaci\u00f3n sindical.<\/p>\n\n\n\n<p>De hecho, en los Presupuestos de Egresos de la Federaci\u00f3n 2020 y 2021, el Organismo Coordinador de las Universidades para el Bienestar Benito Ju\u00e1rez Garc\u00eda (OCUBBJG) fue dotado de mil millones de pesos, de los cuales 987 millones 413 mil pesos fueron destinados para \u201csubsidios\u201d.<\/p>\n\n\n\n<p>Los salarios de los profesores salen de esta partida, mientras que Sosa y sus 20 colaboradores en la estructura org\u00e1nica del OCUBBJG que aparecen actualmente en la plataforma N\u00f3mina Transparente cobran como servidores p\u00fablicos federales. El salario neto mensual de la mujer se eleva a 91 mil 518 pesos, con prestaciones de ley.<\/p>\n\n\n\n<p>Para la elaboraci\u00f3n de este reportaje, Proceso habl\u00f3 con profesores despedidos, quienes insisten en que el programa es bueno en s\u00ed \u2013ofrece seis carreras universitarias a j\u00f3venes en 140 municipios marginados de M\u00e9xico\u2013, pero deploran que su estructura vertical concentre todas las decisiones en la figura \u201cautoritaria\u201d de la directora general, sin contrapeso acad\u00e9mico ni institucional.<\/p>\n\n\n\n<p>Los profesores con procesos de demanda contra el organismo hablan con este semanario bajo condici\u00f3n de mantener el anonimato; han batallado para encontrar trabajo en la docencia y temen represalias.<\/p>\n\n\n\n<p>Dicen que por lo menos al final del primero ciclo escolar 2021 \u2013es decir, antes de su despido\u2013, ninguna sede estaba terminada ni contaba con una conexi\u00f3n de internet o material inform\u00e1tico; los alumnos eran cada vez m\u00e1s numerosos y las jornadas laborales cada vez m\u00e1s pesadas, con m\u00e1s de 10 horas, seis asignaturas por docente y sin presupuesto para comprar gis o materiales b\u00e1sicos.<\/p>\n\n\n\n<p>\u201cTe puedo decir que la universidad se sostiene por la lana de los profes\u201d, dice una profesora que laboraba en la alcald\u00eda Iztapalapa. Y a\u00f1ade: \u201cEn las conferencias ma\u00f1aneras Sosa dice que ella opera el programa de manera muy austera, pero porque ella no provee el dinero a las instalaciones\u201d.<\/p>\n\n\n\n<p>Proceso envi\u00f3 un cuestionario a la SEP y una solicitud de entrevista con Raquel Sosa, que al cierre de esta edici\u00f3n no obtuvieron respuesta.<\/p>\n\n\n\n<h3 class=\"wp-block-heading\">Fragmento del reportaje publicado en la edici\u00f3n 2348 de la revista Proceso, cuya edici\u00f3n digital puede adquirir en\u00a0<a href=\"https:\/\/publicacionesdigitales.proceso.com.mx\/library\" target=\"_blank\" rel=\"noreferrer noopener\">este enlace<\/a>.<\/h3>\n\n\n\n<p>Fuente: https:\/\/www.proceso.com.mx\/reportajes\/2021\/10\/30\/universidades-de-amlo-sin-derechos-laborales-274963.html<\/p>\n","protected":false},"excerpt":{"rendered":"<p>Al tiempo que L\u00f3pez Obrador no ceja en las cr\u00edticas a la UNAM, las Universidades para el Bienestar Benito Ju\u00e1rez [&hellip;]<\/p>\n","protected":false},"author":1,"featured_media":15360,"comment_status":"open","ping_status":"open","sticky":false,"template":"","format":"standard","meta":{"site-sidebar-layout":"default","site-content-layout":"","ast-site-content-layout":"default","site-content-style":"default","site-sidebar-style":"default","ast-global-header-display":"","ast-banner-title-visibility":"","ast-main-header-display":"","ast-hfb-above-header-display":"","ast-hfb-below-header-display":"","ast-hfb-mobile-header-display":"","site-post-title":"","ast-breadcrumbs-content":"","ast-featured-img":"","footer-sml-layout":"","theme-transparent-header-meta":"","adv-header-id-meta":"","stick-header-meta":"","header-above-stick-meta":"","header-main-stick-meta":"","header-below-stick-meta":"","astra-migrate-meta-layouts":"default","ast-page-background-enabled":"default","ast-page-background-meta":{"desktop":{"background-color":"var(--ast-global-color-4)","background-image":"","background-repeat":"repeat","background-position":"center center","background-size":"auto","background-attachment":"scroll","background-type":"","background-media":"","overlay-type":"","overlay-color":"","overlay-opacity":"","overlay-gradient":""},"tablet":{"background-color":"","background-image":"","background-repeat":"repeat","background-position":"center center","background-size":"auto","background-attachment":"scroll","background-type":"","background-media":"","overlay-type":"","overlay-color":"","overlay-opacity":"","overlay-gradient":""},"mobile":{"background-color":"","background-image":"","background-repeat":"repeat","background-position":"center center","background-size":"auto","background-attachment":"scroll","background-type":"","background-media":"","overlay-type":"","overlay-color":"","overlay-opacity":"","overlay-gradient":""}},"ast-content-background-meta":{"desktop":{"background-color":"var(--ast-global-color-5)","background-image":"","background-repeat":"repeat","background-position":"center center","background-size":"auto","background-attachment":"scroll","background-type":"","background-media":"","overlay-type":"","overlay-color":"","overlay-opacity":"","overlay-gradient":""},"tablet":{"background-color":"var(--ast-global-color-5)","background-image":"","background-repeat":"repeat","background-position":"center center","background-size":"auto","background-attachment":"scroll","background-type":"","background-media":"","overlay-type":"","overlay-color":"","overlay-opacity":"","overlay-gradient":""},"mobile":{"background-color":"var(--ast-global-color-5)","background-image":"","background-repeat":"repeat","background-position":"center center","background-size":"auto","background-attachment":"scroll","background-type":"","background-media":"","overlay-type":"","overlay-color":"","overlay-opacity":"","overlay-gradient":""}},"footnotes":""},"categories":[8],"tags":[5203,5204,5202],"class_list":["post-15359","post","type-post","status-publish","format-standard","has-post-thumbnail","hentry","category-noticias","tag-amlo-universidades","tag-derechos-laborales","tag-universidades-del-bienestar"],"_links":{"self":[{"href":"https:\/\/losperiodistas.com.mx\/portal\/wp-json\/wp\/v2\/posts\/15359","targetHints":{"allow":["GET"]}}],"collection":[{"href":"https:\/\/losperiodistas.com.mx\/portal\/wp-json\/wp\/v2\/posts"}],"about":[{"href":"https:\/\/losperiodistas.com.mx\/portal\/wp-json\/wp\/v2\/types\/post"}],"author":[{"embeddable":true,"href":"https:\/\/losperiodistas.com.mx\/portal\/wp-json\/wp\/v2\/users\/1"}],"replies":[{"embeddable":true,"href":"https:\/\/losperiodistas.com.mx\/portal\/wp-json\/wp\/v2\/comments?post=15359"}],"version-history":[{"count":1,"href":"https:\/\/losperiodistas.com.mx\/portal\/wp-json\/wp\/v2\/posts\/15359\/revisions"}],"predecessor-version":[{"id":15361,"href":"https:\/\/losperiodistas.com.mx\/portal\/wp-json\/wp\/v2\/posts\/15359\/revisions\/15361"}],"wp:featuredmedia":[{"embeddable":true,"href":"https:\/\/losperiodistas.com.mx\/portal\/wp-json\/wp\/v2\/media\/15360"}],"wp:attachment":[{"href":"https:\/\/losperiodistas.com.mx\/portal\/wp-json\/wp\/v2\/media?parent=15359"}],"wp:term":[{"taxonomy":"category","embeddable":true,"href":"https:\/\/losperiodistas.com.mx\/portal\/wp-json\/wp\/v2\/categories?post=15359"},{"taxonomy":"post_tag","embeddable":true,"href":"https:\/\/losperiodistas.com.mx\/portal\/wp-json\/wp\/v2\/tags?post=15359"}],"curies":[{"name":"wp","href":"https:\/\/api.w.org\/{rel}","templated":true}]}}