{"id":15356,"date":"2021-10-31T19:52:59","date_gmt":"2021-11-01T01:52:59","guid":{"rendered":"http:\/\/losperiodistas.com.mx\/portal\/?p=15356"},"modified":"2021-10-31T19:53:01","modified_gmt":"2021-11-01T01:53:01","slug":"tacones-para-hombres-botos-camperos-y-mocasines-con-flores-asi-es-la-nueva-zapateria-masculina-espanola-eps","status":"publish","type":"post","link":"https:\/\/losperiodistas.com.mx\/portal\/tacones-para-hombres-botos-camperos-y-mocasines-con-flores-asi-es-la-nueva-zapateria-masculina-espanola-eps\/","title":{"rendered":"Tacones para hombres, botos camperos y mocasines con flores: as\u00ed es la nueva zapater\u00eda masculina espa\u00f1ola | EPS"},"content":{"rendered":"\n<p style=\"font-size:18px\"><em>Puede que en Espa\u00f1a haya menos zapateros que nunca, pero los que hay est\u00e1n sobradamente motivados. De Galicia a Huelva, de Barcelona a Alicante y de Par\u00eds al mundo, estos cinco proyectos demuestran que el calzado de autor vive un renacimiento artesanal y conceptual sin precedentes<\/em><\/p>\n\n\n\n<p><\/p>\n\n\n\n<figure class=\"wp-block-image size-large\"><img fetchpriority=\"high\" decoding=\"async\" width=\"772\" height=\"1024\" src=\"https:\/\/losperiodistas.com.mx\/portal\/wp-content\/uploads\/2021\/10\/6TYF4JOKFBDDVCBV3N6NXB5DOQ-772x1024.jpeg\" alt=\"\" class=\"wp-image-15357\" srcset=\"https:\/\/losperiodistas.com.mx\/portal\/wp-content\/uploads\/2021\/10\/6TYF4JOKFBDDVCBV3N6NXB5DOQ-772x1024.jpeg 772w, https:\/\/losperiodistas.com.mx\/portal\/wp-content\/uploads\/2021\/10\/6TYF4JOKFBDDVCBV3N6NXB5DOQ-226x300.jpeg 226w, https:\/\/losperiodistas.com.mx\/portal\/wp-content\/uploads\/2021\/10\/6TYF4JOKFBDDVCBV3N6NXB5DOQ-768x1019.jpeg 768w, https:\/\/losperiodistas.com.mx\/portal\/wp-content\/uploads\/2021\/10\/6TYF4JOKFBDDVCBV3N6NXB5DOQ-1157x1536.jpeg 1157w, https:\/\/losperiodistas.com.mx\/portal\/wp-content\/uploads\/2021\/10\/6TYF4JOKFBDDVCBV3N6NXB5DOQ-1543x2048.jpeg 1543w, https:\/\/losperiodistas.com.mx\/portal\/wp-content\/uploads\/2021\/10\/6TYF4JOKFBDDVCBV3N6NXB5DOQ-scaled.jpeg 1929w\" sizes=\"(max-width: 772px) 100vw, 772px\" \/><figcaption>Uno de los dise\u00f1os de Abra, especializado en zapatos con dise\u00f1os teatrales, tallas hasta una 44 y producidos en Alicante. XIMENA Y SERGIO<\/figcaption><\/figure>\n\n\n\n<p class=\"has-vivid-cyan-blue-color has-text-color has-medium-font-size\">CARLOS PRIMO\/ EL PA\u00cdS SEMANAL<\/p>\n\n\n\n<p>Un zapato puede ser lo m\u00e1s sencillo y lo m\u00e1s alambicado del mundo. Los expertos afirman que la liga del calzado se disputa en las distancias sutiles: las puntadas de una costura&nbsp;<em>goodyear<\/em>&nbsp;\u2014en espa\u00f1ol, empalmillado\u2014, la t\u00e9cnica de curtido de la piel y las convenciones del g\u00e9nero son gestos capaces de contener siglos de historia. Ni una sandalia es tan simple ni un zapato cl\u00e1sico de cordones es tan inm\u00f3vil. Los cinco perfiles que protagonizan estas p\u00e1ginas ilustran los recorridos e inquietudes de varias generaciones de profesionales que en Espa\u00f1a est\u00e1n transformando y conservando los oficios del calzado. Hay un zapatero rural que refina la tradici\u00f3n desde un pueblo del Camino de Santiago, un dise\u00f1ador que propone asombrosos zapatos de tac\u00f3n sin g\u00e9nero desde el oasis vanguardista de su estudio parisiense y dos arquitectos que comenzaron a dise\u00f1ar para luchar contra el estr\u00e9s y hoy buscan soluciones para que el calzado deje de ser molesto para siempre. Otro de los protagonistas de este reportaje ha tenido que viajar de Buenos Aires a Barcelona v\u00eda Florencia para defender que la artesan\u00eda no son solo m\u00e9todos, sino ideas. Y en otro caso, la tecnolog\u00eda, la reconversi\u00f3n artesanal y el cambio de paradigma son factores necesarios para salvar una industria local marcada por la inmovilidad.<\/p>\n\n\n\n<p>En un pa\u00eds que siempre ha presumido de potencia zapatera y donde hoy fabrican su calzado marcas de prestigio planetario, estas historias de \u00e9xito y esfuerzo demuestran que entre la pasarela y la zapater\u00eda de barrio existe una tercera v\u00eda que no rompe con el pasado, pero tampoco se queda anclada en \u00e9l.<\/p>\n\n\n\n<p><strong>Los tacones inclusivos de Abra<\/strong><\/p>\n\n\n\n<figure class=\"wp-block-image\"><img decoding=\"async\" src=\"https:\/\/imagenes.elpais.com\/resizer\/X9LtKvF0P0IQSPpUYWulKSGik9w=\/414x0\/cloudfront-eu-central-1.images.arcpublishing.com\/prisa\/SV5GIKS3RFAXBOAEUT3T3V6PJA.jpg\" alt=\"El zapatero Abraham Ortu\u00f1o. \"\/><figcaption>El zapatero Abraham Ortu\u00f1o.XIMENA Y SERGIO<\/figcaption><\/figure>\n\n\n\n<p>Abraham Ortu\u00f1o naci\u00f3 en Elche (Alicante), uno de los n\u00facleos de la industria del calzado en Espa\u00f1a. \u201cDe peque\u00f1o, en el pueblo, jug\u00e1bamos con los desechos de las f\u00e1bricas\u201d, recuerda. \u201cCog\u00edamos los trozos de madera que hab\u00edan sobrado de la fabricaci\u00f3n de las hormas. Los pint\u00e1bamos, les pon\u00edamos cuerdas y nos los at\u00e1bamos a los zapatos. Est\u00e1bamos dise\u00f1ando sin querer\u201d.<\/p>\n\n\n\n<p>Ortu\u00f1o dio sus primeros pasos junto a la dise\u00f1adora Elena Cardona, que en aquella \u00e9poca trabajaba creando accesorios para Maison Margiela. \u201cDibujaba bien, pero no era dise\u00f1ador. Y quer\u00eda hacer otras cosas\u201d, recuerda. Fue Cardona quien le recomend\u00f3 matricularse en un m\u00e1ster de accesorios en el prestigioso Institut Fran\u00e7ais de la Mode, en Par\u00eds. \u201cLlegu\u00e9 sin hablar ingl\u00e9s ni franc\u00e9s, y mi forma de trabajar era un poco m\u00e1s loca\u201d, apunta. Esa metodolog\u00eda fue la que hizo que el dise\u00f1ador franc\u00e9s Jacquemus le eligiera para dise\u00f1ar sus colecciones de accesorios. Despu\u00e9s vinieron encargos con marcas como Givenchy, Paco Rabanne, Kenzo o JW Anderson. Y, por fin, su propia firma, Abra, desde la que trat\u00f3 de paliar una carencia en el sector. \u201cSiempre me hab\u00eda frustrado que las marcas que admiro nunca hicieran un zapato m\u00e1s grande que el 41 cuando hab\u00eda gente dispuesta a comprarlos\u201d, cuenta. Ahora, Abra produce en Alicante zapatos con tac\u00f3n o con dise\u00f1os y colores brillantes tradicionalmente asociados al p\u00fablico femenino, pero desde el 35 al 44. El pasado septiembre present\u00f3 adem\u00e1s su primera colecci\u00f3n de moda. Pero su centro, asegura, sigue en el calzado. Donde siempre estuvo.<\/p>\n\n\n\n<p><strong>La arquitectura secreta del calzado de Aldanondoyfdez<\/strong><\/p>\n\n\n\n<figure class=\"wp-block-image\"><img decoding=\"async\" src=\"https:\/\/imagenes.elpais.com\/resizer\/Or3iw7hbDuVL8zz_bbr9Ukqm8VU=\/414x0\/cloudfront-eu-central-1.images.arcpublishing.com\/prisa\/R7JQ53JGWFAGRBSE3CN2LJ7OVE.jpg\" alt=\"Ignacio Aldanondo y Catuxa Fern\u00e1ndez, fundadores de Aldanondoyfdez.\"\/><figcaption>Ignacio Aldanondo y Catuxa Fern\u00e1ndez, fundadores de Aldanondoyfdez.XIMENA Y SERGIO<\/figcaption><\/figure>\n\n\n\n<p>En 2011, Ignacio Aldanondo y Catuxa Fern\u00e1ndez empezaron a acudir cada fin de semana al taller en el Raval del zapatero Pitu Cunillera. \u201cLo hac\u00edamos como un hobby, para desestresarnos\u201d, explican. En aquel momento ten\u00edan un estudio de arquitectura y les resultaba casi un ejercicio bals\u00e1mico. \u201cEn la arquitectura delegas todo. La zapater\u00eda es m\u00e1s controlable. Otro maestro nos insisti\u00f3 en que aprendi\u00e9ramos a dominar todo el oficio, de principio a fin\u201d, recuerda Fern\u00e1ndez. Primero abrieron un taller dom\u00e9stico donde creaban zapatos para amigos. \u201cEstuvimos tres a\u00f1os compaginando ambas cosas porque nos daba miedo\u201d. En 2015 cerraron el estudio de arquitectura y se descolegiaron \u2014\u201dpara evitar tentaciones\u201d\u2014 y montaron Aldanondoyfdez: un taller peque\u00f1o que produce zapatos at\u00edpicos, delicados y resistentes con armaz\u00f3n conceptual.<\/p>\n\n\n\n<figure class=\"wp-block-image\"><img decoding=\"async\" src=\"https:\/\/imagenes.elpais.com\/resizer\/MNYMe5wrLuPFUjPqFXqjTe1EArQ=\/414x0\/cloudfront-eu-central-1.images.arcpublishing.com\/prisa\/XTMU4HV4B5FCVNE7AL4RJLAPYI.jpg\" alt=\"Los zapatos de Aldanondoyfdez imaginan soluciones a partir del calzado tradicional y ponen el foco en la construcci\u00f3n de cada modelo.\"\/><figcaption>Los zapatos de Aldanondoyfdez imaginan soluciones a partir del calzado tradicional y ponen el foco en la construcci\u00f3n de cada modelo.XIMENA Y SERGIO<\/figcaption><\/figure>\n\n\n\n<p>\u201cCambi\u00e1bamos la forma de construir el zapato para que se apreciasen los distintos elementos e intersticios. Cre\u00e1bamos efectos que llevaran al p\u00fablico a preguntarse el porqu\u00e9 y que nos sirvieran para explicar una t\u00e9cnica\u201d. Ahora exploran formas de funcionalidad que resuelvan asignaturas pendientes. \u201cMuchas veces llevamos zapatos que nos hacen da\u00f1o, no son morfol\u00f3gicamente adecuados\u201d, dice Aldanondo. \u201cEstamos modificando nuestras hormas y confeccionando zapatos m\u00e1s blandos, sin tac\u00f3n, que generen un efecto lo m\u00e1s parecido posible a caminar descalzos\u201d.<\/p>\n\n\n\n<p><strong>Reaprender a hacer zapatos con Javier Morato<\/strong><\/p>\n\n\n\n<figure class=\"wp-block-image\"><img decoding=\"async\" src=\"https:\/\/imagenes.elpais.com\/resizer\/fg2qhHlglBRd-AW-X4ofQh6gP8A=\/414x0\/cloudfront-eu-central-1.images.arcpublishing.com\/prisa\/A27AZD7J4RGVZD4HFAPCUSZUXA.jpg\" alt=\"Javier Morato elabora zapatos en Valverde del Camino. \"\/><figcaption>Javier Morato elabora zapatos en Valverde del Camino.XIMENA Y SERGIO<\/figcaption><\/figure>\n\n\n\n<p>En la casa de Valverde del Camino (Huelva) donde se crio Javier Morato por las ma\u00f1anas no ol\u00eda a caf\u00e9, sino a piel. \u201cTen\u00edamos el taller al lado de casa y cuando las m\u00e1quinas comenzaban a trabajar sab\u00edamos que el dormir se hab\u00eda acabado\u201d, recuerda. No era el \u00fanico; su localidad onubense es famosa por sus botas camperas, \u201cbotos\u201d, que llevan los peregrinos del Roc\u00edo y que vivieron una \u00e9poca dorada en los a\u00f1os ochenta. Sin embargo, aquel esplendor ha deca\u00eddo. Y, parad\u00f3jicamente, cuenta Morato, la \u00fanica empresa zapatera que se ha creado en las \u00faltimas dos d\u00e9cadas es la suya, que tambi\u00e9n es la primera en tener tienda propia en Madrid. La fund\u00f3 tras estudiar econ\u00f3micas y trabajar en la banca. \u201cLe dije a mi padre que no ten\u00eda sentido que, habiendo zapateros en casa, tuviera que comprarme zapatos fuera\u201d, recuerda. Era una cuesti\u00f3n de oportunidad: aprovechar la artesan\u00eda de la zona para hacer calzado masculino cl\u00e1sico, un producto que, curiosamente, nunca se hab\u00eda fabricado en la zona.<\/p>\n\n\n\n<figure class=\"wp-block-image\"><img decoding=\"async\" src=\"https:\/\/imagenes.elpais.com\/resizer\/TBk0bOvz6G8X46izaLIQcczzqy0=\/414x0\/cloudfront-eu-central-1.images.arcpublishing.com\/prisa\/GZH4HNAUFNGZFBOKA4MOUMD2PI.jpg\" alt=\"Uno de los zapatos de Morato, un modelo cl\u00e1sico de caballero con detalles ornamentales como el punteado.\"\/><figcaption>Uno de los zapatos de Morato, un modelo cl\u00e1sico de caballero con detalles ornamentales como el punteado.XIMENA Y SERGIO<\/figcaption><\/figure>\n\n\n\n<p>Tom\u00f3 la decisi\u00f3n en 2012, pero hasta 2017 no present\u00f3 su primera colecci\u00f3n. Entre tanto, form\u00f3 a sus empleados, desarroll\u00f3 maquinaria y construy\u00f3 un taller distinto. Asegura que ese ha sido el principal reto: \u201cSacar a un artesano de lo que lleva haciendo toda la vida\u201d. Por ello, cuenta, las ambiciones de su taller \u2014amplio, luminoso, con grandes ventanales\u2014 no es tanto crear una marca, \u201ccomo un reposicionamiento de una industria local\u201d. Por eso, entre sus planes est\u00e1 desarrollar aulas de formaci\u00f3n dual, estrategias de transparencia y para garantizar la trazabilidad de las pieles.<\/p>\n\n\n\n<p><strong>Las botas del artesano Ram\u00f3n Laia recorren el mundo<\/strong><\/p>\n\n\n\n<figure class=\"wp-block-image\"><img decoding=\"async\" src=\"https:\/\/imagenes.elpais.com\/resizer\/dCmJXSrzbvtEN-JaoDDohXHrpsI=\/414x0\/cloudfront-eu-central-1.images.arcpublishing.com\/prisa\/SVPWWAJ52VGQFPWX7YVGJWNVAE.jpg\" alt=\"Ram\u00f3n Laia, fundador de Laia Zapateiros.\"\/><figcaption>Ram\u00f3n Laia, fundador de Laia Zapateiros.XIMENA Y SERGIO<\/figcaption><\/figure>\n\n\n\n<p>Cuando Ram\u00f3n Laia era ni\u00f1o, en su Melide (A Coru\u00f1a) natal hab\u00eda \u201cal menos ocho talleres\u201d dedicados al calzado. \u201cEsta era una tierra de zapateros, y en los sesenta, cuando hab\u00eda menos calzado de f\u00e1brica, aqu\u00ed se hac\u00edan los zapatos para usar a diario. Luego la industria lo fue acaparando todo y los zapateros fueron desapareciendo. Yo me qued\u00e9 porque empec\u00e9 de ni\u00f1o, fui aprendiendo y abr\u00ed mi taller\u201d. Corr\u00edan los a\u00f1os ochenta cuando este gallego inauguraba su negocio e incrementaba poco a poco la complejidad de sus productos. Primero, sandalias y mocasines. Despu\u00e9s, sus modelos m\u00e1s vendidos: una bota de monta\u00f1ismo y otra m\u00e1s recia, de piel vuelta, para trabajar en el monte. En la plaza de Melide, la vitrina de su tienda y taller refleja la fachada de la iglesia de esta localidad en las \u00faltimas etapas del Camino de Santiago.<\/p>\n\n\n\n<figure class=\"wp-block-image\"><img decoding=\"async\" src=\"https:\/\/imagenes.elpais.com\/resizer\/mRfiDj6chU-oWt8AOYSMUGd_aK4=\/414x0\/cloudfront-eu-central-1.images.arcpublishing.com\/prisa\/NGHATEZ6CBGKVDZBYWCKQVJP5E.jpg\" alt=\"Las botas, botines y zapatos de Laia Zapateiros nunca pierden de vista su objetivo inicial: ser utilizadas a diario.\"\/><figcaption>Las botas, botines y zapatos de Laia Zapateiros nunca pierden de vista su objetivo inicial: ser utilizadas a diario.XIMENA Y SERGIO<\/figcaption><\/figure>\n\n\n\n<p>Por eso, cuenta, muchos de sus clientes son peregrinos que encargan modelos para llevarse a casa como recuerdo y, tal y como pronto descubren, como calzado diario. \u201cMuchos repiten\u201d, cuenta. \u201cLa clave est\u00e1 en el curtido vegetal de la piel y en el forro, de lana de oveja. Al calentarse el zapato, la suela se moldea, toma la forma del pie y se vuelve muy c\u00f3modo\u201d. La t\u00e9cnica del empalmillado \u2014lo que los anglosajones llaman goodyear\u2014 le aporta resistencia al zapato y los dise\u00f1os cl\u00e1sicos admiten distintos usos. A un ritmo de producci\u00f3n de un par al d\u00eda, Laia acude a ferias igual que sus antecesores, aunque ahora ya no son las de los pueblos de los alrededores, sino las de artesan\u00eda que se celebran en toda Espa\u00f1a.<\/p>\n\n\n\n<p><strong>La ergonom\u00eda, la t\u00e9cnica y la tradici\u00f3n de Norman Vilalta<\/strong><\/p>\n\n\n\n<figure class=\"wp-block-image\"><img decoding=\"async\" src=\"https:\/\/imagenes.elpais.com\/resizer\/pzCQEsfACe8M3-rAHMWE0wH6Dbw=\/414x0\/cloudfront-eu-central-1.images.arcpublishing.com\/prisa\/BSF7VWVNMJENXMWK32SCGB6UUU.jpg\" alt=\"Norman Vilalta demuestra que siempre hay maneras para reinventar un bot\u00edn.\n\"\/><figcaption>Norman Vilalta demuestra que siempre hay maneras para reinventar un bot\u00edn.XIMENA Y SERGIO<\/figcaption><\/figure>\n\n\n\n<p>\u201cPara m\u00ed, hacer zapatos como hace 150 a\u00f1os es un error, pero hacer zapatos con el conocimiento que tenemos desde hace 1.000 a\u00f1os es un acierto. Eso es artesan\u00eda\u201d. El argentino Norman Vilalta aprendi\u00f3 en un taller de Florencia las dos cosas fundamentales para dedicarse al calzado. \u201cLa primera es a tener testa di calzolaio, cabeza de zapatero. La segunda, que hay muchas cosas que no sabes y hay que aprenderlas\u201d. Tras su paso por la ciudad toscana, Vilalta, que antes trabajaba como abogado en Buenos Aires, abri\u00f3 su propio taller en Barcelona. Los primeros tiempos, cuenta, los dedic\u00f3 a experimentar. A plantearse retos imposibles, como elaborar un zapato empleando solo 13 herramientas, o utilizar rafia, semillas y flores en sus prototipos. \u201cMi b\u00fasqueda es por expresarme, encontrar belleza y cambiar las cosas\u201d. En la actualidad, con un equipo de cinco artesanos, Vilalta cuenta con un modelo de negocio h\u00edbrido. Por un lado, zapatos que confecciona en peque\u00f1as tiradas y vende casi como drops, a un ritmo de tres modelos nuevos al mes. Por otro, distintas formas de personalizaci\u00f3n que van desde el hecho por encargo (entre cuatro y cinco meses) hasta un proceso a medida que puede extenderse un a\u00f1o. Sus clientes est\u00e1n en todo el mundo gracias a ventas ef\u00edmeras en talleres de sastrer\u00eda y tiendas internacionales. Su sello, asegura, no est\u00e1 en la nostalgia de otras \u00e9pocas, sino en una forma de aplicar detalles, siluetas, acabados y p\u00e1tinas a zapatos flexibles y ligeros y extraordinariamente sutiles. \u201cLa idea es lo m\u00e1s importante\u201d, sentencia.<\/p>\n\n\n\n<figure class=\"wp-block-image\"><img decoding=\"async\" src=\"https:\/\/imagenes.elpais.com\/resizer\/NAmSbBTNY8rskVOUauy24xaesKA=\/414x0\/cloudfront-eu-central-1.images.arcpublishing.com\/prisa\/3MYZYY3JTBAF3FCQKWRIHASW6Q.jpg\" alt=\"La ergonom\u00eda es el \u00fanico l\u00edmite del calzado de Norman Vilalta.\"\/><figcaption>La ergonom\u00eda es el \u00fanico l\u00edmite del calzado de Norman Vilalta.XIMENA Y SERGIO<\/figcaption><\/figure>\n\n\n\n<p>Fuente: https:\/\/elpais.com\/eps\/2021-10-29\/tacones-para-hombres-botos-camperos-y-mocasines-con-flores-asi-es-la-nueva-zapateria-masculina-espanola.html<\/p>\n","protected":false},"excerpt":{"rendered":"<p>Puede que en Espa\u00f1a haya menos zapateros que nunca, pero los que hay est\u00e1n sobradamente motivados. De Galicia a Huelva, [&hellip;]<\/p>\n","protected":false},"author":1,"featured_media":15357,"comment_status":"open","ping_status":"open","sticky":false,"template":"","format":"standard","meta":{"site-sidebar-layout":"default","site-content-layout":"","ast-site-content-layout":"default","site-content-style":"default","site-sidebar-style":"default","ast-global-header-display":"","ast-banner-title-visibility":"","ast-main-header-display":"","ast-hfb-above-header-display":"","ast-hfb-below-header-display":"","ast-hfb-mobile-header-display":"","site-post-title":"","ast-breadcrumbs-content":"","ast-featured-img":"","footer-sml-layout":"","theme-transparent-header-meta":"","adv-header-id-meta":"","stick-header-meta":"","header-above-stick-meta":"","header-main-stick-meta":"","header-below-stick-meta":"","astra-migrate-meta-layouts":"default","ast-page-background-enabled":"default","ast-page-background-meta":{"desktop":{"background-color":"var(--ast-global-color-4)","background-image":"","background-repeat":"repeat","background-position":"center center","background-size":"auto","background-attachment":"scroll","background-type":"","background-media":"","overlay-type":"","overlay-color":"","overlay-opacity":"","overlay-gradient":""},"tablet":{"background-color":"","background-image":"","background-repeat":"repeat","background-position":"center center","background-size":"auto","background-attachment":"scroll","background-type":"","background-media":"","overlay-type":"","overlay-color":"","overlay-opacity":"","overlay-gradient":""},"mobile":{"background-color":"","background-image":"","background-repeat":"repeat","background-position":"center center","background-size":"auto","background-attachment":"scroll","background-type":"","background-media":"","overlay-type":"","overlay-color":"","overlay-opacity":"","overlay-gradient":""}},"ast-content-background-meta":{"desktop":{"background-color":"var(--ast-global-color-5)","background-image":"","background-repeat":"repeat","background-position":"center center","background-size":"auto","background-attachment":"scroll","background-type":"","background-media":"","overlay-type":"","overlay-color":"","overlay-opacity":"","overlay-gradient":""},"tablet":{"background-color":"var(--ast-global-color-5)","background-image":"","background-repeat":"repeat","background-position":"center center","background-size":"auto","background-attachment":"scroll","background-type":"","background-media":"","overlay-type":"","overlay-color":"","overlay-opacity":"","overlay-gradient":""},"mobile":{"background-color":"var(--ast-global-color-5)","background-image":"","background-repeat":"repeat","background-position":"center center","background-size":"auto","background-attachment":"scroll","background-type":"","background-media":"","overlay-type":"","overlay-color":"","overlay-opacity":"","overlay-gradient":""}},"footnotes":""},"categories":[8],"tags":[5200,5201,5199],"class_list":["post-15356","post","type-post","status-publish","format-standard","has-post-thumbnail","hentry","category-noticias","tag-moda-zapatos","tag-zapatos-espanoles","tag-zapatos-hombre"],"_links":{"self":[{"href":"https:\/\/losperiodistas.com.mx\/portal\/wp-json\/wp\/v2\/posts\/15356","targetHints":{"allow":["GET"]}}],"collection":[{"href":"https:\/\/losperiodistas.com.mx\/portal\/wp-json\/wp\/v2\/posts"}],"about":[{"href":"https:\/\/losperiodistas.com.mx\/portal\/wp-json\/wp\/v2\/types\/post"}],"author":[{"embeddable":true,"href":"https:\/\/losperiodistas.com.mx\/portal\/wp-json\/wp\/v2\/users\/1"}],"replies":[{"embeddable":true,"href":"https:\/\/losperiodistas.com.mx\/portal\/wp-json\/wp\/v2\/comments?post=15356"}],"version-history":[{"count":1,"href":"https:\/\/losperiodistas.com.mx\/portal\/wp-json\/wp\/v2\/posts\/15356\/revisions"}],"predecessor-version":[{"id":15358,"href":"https:\/\/losperiodistas.com.mx\/portal\/wp-json\/wp\/v2\/posts\/15356\/revisions\/15358"}],"wp:featuredmedia":[{"embeddable":true,"href":"https:\/\/losperiodistas.com.mx\/portal\/wp-json\/wp\/v2\/media\/15357"}],"wp:attachment":[{"href":"https:\/\/losperiodistas.com.mx\/portal\/wp-json\/wp\/v2\/media?parent=15356"}],"wp:term":[{"taxonomy":"category","embeddable":true,"href":"https:\/\/losperiodistas.com.mx\/portal\/wp-json\/wp\/v2\/categories?post=15356"},{"taxonomy":"post_tag","embeddable":true,"href":"https:\/\/losperiodistas.com.mx\/portal\/wp-json\/wp\/v2\/tags?post=15356"}],"curies":[{"name":"wp","href":"https:\/\/api.w.org\/{rel}","templated":true}]}}