{"id":15352,"date":"2021-10-31T14:23:23","date_gmt":"2021-10-31T20:23:23","guid":{"rendered":"http:\/\/losperiodistas.com.mx\/portal\/?p=15352"},"modified":"2021-10-31T14:23:25","modified_gmt":"2021-10-31T20:23:25","slug":"18-municipios-de-puebla-amenazados-por-tomas-clandestinas-de-gas-el-universal-puebla","status":"publish","type":"post","link":"https:\/\/losperiodistas.com.mx\/portal\/18-municipios-de-puebla-amenazados-por-tomas-clandestinas-de-gas-el-universal-puebla\/","title":{"rendered":"18 municipios de Puebla amenazados por tomas clandestinas de gas | El Universal Puebla"},"content":{"rendered":"\n<p style=\"font-size:18px\"><em>La ciudad de Puebla, donde se ubica San Pablo Xochimehuac\u00e1n, est\u00e1 en la lista negra<\/em><\/p>\n\n\n\n<p><\/p>\n\n\n\n<figure class=\"wp-block-image size-large\"><img fetchpriority=\"high\" decoding=\"async\" width=\"1024\" height=\"805\" src=\"https:\/\/losperiodistas.com.mx\/portal\/wp-content\/uploads\/2021\/10\/Captura-de-Pantalla-2021-10-31-a-las-14.20.15-1024x805.jpg\" alt=\"\" class=\"wp-image-15353\" srcset=\"https:\/\/losperiodistas.com.mx\/portal\/wp-content\/uploads\/2021\/10\/Captura-de-Pantalla-2021-10-31-a-las-14.20.15-1024x805.jpg 1024w, https:\/\/losperiodistas.com.mx\/portal\/wp-content\/uploads\/2021\/10\/Captura-de-Pantalla-2021-10-31-a-las-14.20.15-300x236.jpg 300w, https:\/\/losperiodistas.com.mx\/portal\/wp-content\/uploads\/2021\/10\/Captura-de-Pantalla-2021-10-31-a-las-14.20.15-768x604.jpg 768w, https:\/\/losperiodistas.com.mx\/portal\/wp-content\/uploads\/2021\/10\/Captura-de-Pantalla-2021-10-31-a-las-14.20.15-1536x1207.jpg 1536w, https:\/\/losperiodistas.com.mx\/portal\/wp-content\/uploads\/2021\/10\/Captura-de-Pantalla-2021-10-31-a-las-14.20.15-2048x1610.jpg 2048w\" sizes=\"(max-width: 1024px) 100vw, 1024px\" \/><\/figure>\n\n\n\n<p><\/p>\n\n\n\n<p><\/p>\n\n\n\n<p class=\"has-vivid-cyan-blue-color has-text-color has-medium-font-size\">H\u00c9CTOR HERN\u00c1NDEZ \/ EL UNIVERSAL PUEBLA<\/p>\n\n\n\n<p>En el estado de Puebla,&nbsp;<strong>Petr\u00f3leos Mexicanos (Pemex)<\/strong>&nbsp;identific\u00f3 18 municipios con riesgos al detectar 846 tomas clandestinas de gas LP en el primer semestre del 2021.<\/p>\n\n\n\n<p>De acuerdo con el<strong>\u00a0Instituto para la Gesti\u00f3n, Administraci\u00f3n y Vinculaci\u00f3n Municipal (Igavim)<\/strong>, Tepeaca es el municipio con m\u00e1s orde\u00f1a ilegal de ductos a nivel nacional, pues se reportaron un total de 274.<\/p>\n\n\n\n<p>Le siguen&nbsp;<strong>San Mart\u00edn Texmelucan<\/strong>&nbsp;con 85; Acatzingo, con 77 y San Mat\u00edas Tlalancaleca, con 73 tomas clandestinas.<\/p>\n\n\n\n<figure class=\"wp-block-image\"><img decoding=\"async\" src=\"https:\/\/www.eluniversalpuebla.com.mx\/sites\/default\/files\/u29465\/igavim_xochimehuacan_2021-10-31_11.54.27.jpg\" alt=\"igavim_xochimehuacan_2021-10-31_11.54.27.jpg\"\/><\/figure>\n\n\n\n<p>En el n\u00famero 6 est\u00e1 Amozoc, con 57; en el octavo sitio, San Salvador El Verde, con 45 y en el noveno, Palmar de Bravo, con 39.<\/p>\n\n\n\n<p>Tambi\u00e9n est\u00e1n en la lista Quecholac, con 22 tomas; Esperanza, con 14; Coronango, con cinco; Cuautlancingo y Tecamachalco, con cuatro tomas cada uno y Puebla, con tres.<\/p>\n\n\n\n<p>En Huejotzingo se detectaron dos y el mismo n\u00famero en&nbsp;<strong>San Miguel Xoxtla<\/strong>, seg\u00fan los datos obtenidos por esta organizaci\u00f3n a trav\u00e9s de solicitudes de acceso a la informaci\u00f3n p\u00fablica de Pemex.<\/p>\n\n\n\n<p>En ese periodo de enero a junio del 2021, Pemex report\u00f3 un total de mil 222 tomas clandestinas de gas LP en el pa\u00eds, lo que quiere decir que la mayor\u00eda de ellas se ubican en el estado de Puebla.<\/p>\n\n\n\n<p>El gobernador del estado,&nbsp;<strong>Miguel Barbosa Huerta,<\/strong>&nbsp;indic\u00f3 que en coordinaci\u00f3n con el gobierno federal se mantendr\u00e1 una lucha frontal contra este delito, luego de la explosi\u00f3n registrada la madrugada de este domingo 31 de octubre del 2021 en la junta auxiliar de&nbsp;<strong>San Pablo Xochimehuac\u00e1n<\/strong>, en la ciudad de Puebla.<\/p>\n\n\n\n<p>El incidente se origin\u00f3 en un predio particular donde se orde\u00f1aba el ducto de\u00a0<strong>Pemex<\/strong>\u00a0para el llenado de tanques de\u00a0<strong>gas LP.<\/strong><\/p>\n\n\n\n<p>Fuente: https:\/\/www.eluniversalpuebla.com.mx\/estado\/18-municipios-de-puebla-amenazados-por-tomas-clandestinas-de-gas<\/p>\n\n\n\n<p><\/p>\n","protected":false},"excerpt":{"rendered":"<p>La ciudad de Puebla, donde se ubica San Pablo Xochimehuac\u00e1n, est\u00e1 en la lista negra H\u00c9CTOR HERN\u00c1NDEZ \/ EL UNIVERSAL [&hellip;]<\/p>\n","protected":false},"author":1,"featured_media":15353,"comment_status":"open","ping_status":"open","sticky":false,"template":"","format":"standard","meta":{"site-sidebar-layout":"default","site-content-layout":"","ast-site-content-layout":"default","site-content-style":"default","site-sidebar-style":"default","ast-global-header-display":"","ast-banner-title-visibility":"","ast-main-header-display":"","ast-hfb-above-header-display":"","ast-hfb-below-header-display":"","ast-hfb-mobile-header-display":"","site-post-title":"","ast-breadcrumbs-content":"","ast-featured-img":"","footer-sml-layout":"","theme-transparent-header-meta":"","adv-header-id-meta":"","stick-header-meta":"","header-above-stick-meta":"","header-main-stick-meta":"","header-below-stick-meta":"","astra-migrate-meta-layouts":"default","ast-page-background-enabled":"default","ast-page-background-meta":{"desktop":{"background-color":"var(--ast-global-color-4)","background-image":"","background-repeat":"repeat","background-position":"center center","background-size":"auto","background-attachment":"scroll","background-type":"","background-media":"","overlay-type":"","overlay-color":"","overlay-opacity":"","overlay-gradient":""},"tablet":{"background-color":"","background-image":"","background-repeat":"repeat","background-position":"center center","background-size":"auto","background-attachment":"scroll","background-type":"","background-media":"","overlay-type":"","overlay-color":"","overlay-opacity":"","overlay-gradient":""},"mobile":{"background-color":"","background-image":"","background-repeat":"repeat","background-position":"center center","background-size":"auto","background-attachment":"scroll","background-type":"","background-media":"","overlay-type":"","overlay-color":"","overlay-opacity":"","overlay-gradient":""}},"ast-content-background-meta":{"desktop":{"background-color":"var(--ast-global-color-5)","background-image":"","background-repeat":"repeat","background-position":"center center","background-size":"auto","background-attachment":"scroll","background-type":"","background-media":"","overlay-type":"","overlay-color":"","overlay-opacity":"","overlay-gradient":""},"tablet":{"background-color":"var(--ast-global-color-5)","background-image":"","background-repeat":"repeat","background-position":"center center","background-size":"auto","background-attachment":"scroll","background-type":"","background-media":"","overlay-type":"","overlay-color":"","overlay-opacity":"","overlay-gradient":""},"mobile":{"background-color":"var(--ast-global-color-5)","background-image":"","background-repeat":"repeat","background-position":"center center","background-size":"auto","background-attachment":"scroll","background-type":"","background-media":"","overlay-type":"","overlay-color":"","overlay-opacity":"","overlay-gradient":""}},"footnotes":""},"categories":[8],"tags":[5196,1706,5197,5198],"class_list":["post-15352","post","type-post","status-publish","format-standard","has-post-thumbnail","hentry","category-noticias","tag-igavim","tag-pemex","tag-robo-de-gas-lp","tag-san-pablo-xochimehuacan"],"_links":{"self":[{"href":"https:\/\/losperiodistas.com.mx\/portal\/wp-json\/wp\/v2\/posts\/15352","targetHints":{"allow":["GET"]}}],"collection":[{"href":"https:\/\/losperiodistas.com.mx\/portal\/wp-json\/wp\/v2\/posts"}],"about":[{"href":"https:\/\/losperiodistas.com.mx\/portal\/wp-json\/wp\/v2\/types\/post"}],"author":[{"embeddable":true,"href":"https:\/\/losperiodistas.com.mx\/portal\/wp-json\/wp\/v2\/users\/1"}],"replies":[{"embeddable":true,"href":"https:\/\/losperiodistas.com.mx\/portal\/wp-json\/wp\/v2\/comments?post=15352"}],"version-history":[{"count":1,"href":"https:\/\/losperiodistas.com.mx\/portal\/wp-json\/wp\/v2\/posts\/15352\/revisions"}],"predecessor-version":[{"id":15354,"href":"https:\/\/losperiodistas.com.mx\/portal\/wp-json\/wp\/v2\/posts\/15352\/revisions\/15354"}],"wp:featuredmedia":[{"embeddable":true,"href":"https:\/\/losperiodistas.com.mx\/portal\/wp-json\/wp\/v2\/media\/15353"}],"wp:attachment":[{"href":"https:\/\/losperiodistas.com.mx\/portal\/wp-json\/wp\/v2\/media?parent=15352"}],"wp:term":[{"taxonomy":"category","embeddable":true,"href":"https:\/\/losperiodistas.com.mx\/portal\/wp-json\/wp\/v2\/categories?post=15352"},{"taxonomy":"post_tag","embeddable":true,"href":"https:\/\/losperiodistas.com.mx\/portal\/wp-json\/wp\/v2\/tags?post=15352"}],"curies":[{"name":"wp","href":"https:\/\/api.w.org\/{rel}","templated":true}]}}