{"id":15252,"date":"2021-10-28T10:05:38","date_gmt":"2021-10-28T15:05:38","guid":{"rendered":"http:\/\/losperiodistas.com.mx\/portal\/?p=15252"},"modified":"2021-10-28T19:05:52","modified_gmt":"2021-10-29T00:05:52","slug":"velar-por-los-derechos-de-los-medicos","status":"publish","type":"post","link":"https:\/\/losperiodistas.com.mx\/portal\/velar-por-los-derechos-de-los-medicos\/","title":{"rendered":"Velar por los derechos de los m\u00e9dicos"},"content":{"rendered":"\n<p><\/p>\n\n\n\n<p class=\"has-vivid-cyan-blue-color has-text-color\" style=\"font-size:26px\"><strong><em>Por Fernando Manzanilla Prieto<\/em><\/strong><\/p>\n\n\n\n<p>El derecho a la salud constituye un derecho fundamental para todos los seres humanos. Tradicionalmente quienes asisten a la sociedad para tener acceso a \u00e9ste, son los m\u00e9dicos y personal de salud.<\/p>\n\n\n\n<p>Los m\u00e9dicos hoy m\u00e1s que nunca, realizan una desatacada labor en favor de la salud de millones de mexicanos, por ello en el marco de su celebraci\u00f3n, no basta con reconocerles y agradecerles su entrega, tambi\u00e9n habr\u00e1 que plantear algunos retos.<\/p>\n\n\n\n<p>En la Convenci\u00f3n de Sindicatos M\u00e9dicos Confederados de la Rep\u00fablica realizada en 1937, se estableci\u00f3 que el 23 de octubre se conmemorar\u00eda el D\u00eda del M\u00e9dico, en homenaje al doctor Valent\u00edn G\u00f3mez Far\u00edas, quien en 1833 inaugur\u00f3 el Establecimiento de Ciencias M\u00e9dicas en la Ciudad de M\u00e9xico.<\/p>\n\n\n\n<p>A partir de ese a\u00f1o, se reconoce la labor del personal m\u00e9dico, quienes salvan vidas y ofrecen a las personas una esperanza de seguir adelante; principalmente en estos tiempos donde exponen su integridad por combatir la pandemia por el Covid-19.<\/p>\n\n\n\n<p>Gracias a la vocaci\u00f3n de miles de personas que optan por la medicina, se logra atender de manera permanente la salud de la poblaci\u00f3n, y en momentos de enfermedad brindan apoyo invaluable, incluso han perdido la vida en la l\u00ednea de batalla.<\/p>\n\n\n\n<p>Hace tiempo hice un exhorto al gobierno federal y a los gobiernos estatales, a establecer un esquema de compensaciones para el personal m\u00e9dico que actualmente labora por contrato o suplencias, con el objetivo de que tengan derecho a los servicios de salud, as\u00ed como a una indemnizaci\u00f3n, en caso de fallecimiento, al menos por el tiempo que dure la pandemia, y segundo, una iniciativa de reforma a la Ley Federal del Trabajo y a la Ley General de Salud, para dar certeza jur\u00eddica y mayores prestaciones a los m\u00e9dicos residentes.<\/p>\n\n\n\n<p>Es necesario que el Estado Mexicano intervenga no s\u00f3lo como aval de los derechos laborales de los m\u00e9dicos residentes, quienes est\u00e1n cumpliendo una funci\u00f3n del Estado, sino que establezca salvaguardas de protecci\u00f3n m\u00e1s estrictas para asegurar el respeto a los derechos humanos, y as\u00ed obtener mejores condiciones de trabajo, derivadas de una mejora del Sistema de Salud Mexicano.<\/p>\n\n\n\n<p>A pesar de que su labor es de suma importancia para la atenci\u00f3n m\u00e9dica de la poblaci\u00f3n, sus condiciones laborales han sido generalmente deficientes debido a distintas causas, lo cual se ha visto agravado con la pandemia.<\/p>\n\n\n\n<p>De igual manera, es muy genuino el reclamo de los m\u00e9dicos, dada la situaci\u00f3n cr\u00edtica que est\u00e1n viviendo. Si no velamos por la seguridad laboral y por la salud del personal m\u00e9dico, seguiremos perdiendo a nuestros mejores hombres y mujeres en la primera l\u00ednea del campo de batalla.<\/p>\n\n\n\n<p>Durante la actual contingencia epidemiol\u00f3gica, los m\u00e9dicos, as\u00ed como otros trabajadores de la salud, han sido pilares en el combate a la pandemia, en unas condiciones sub\u00f3ptimas y se han convertido en uno de los sectores m\u00e1s vulnerables.<\/p>\n\n\n\n<p>Pero no se trata s\u00f3lo de la atenci\u00f3n a los casos de esta enfermedad, sino del ejercicio de la salud p\u00fablica en general. El diagn\u00f3stico y control de las enfermedades cr\u00f3nicas no transmisibles m\u00e1s prevalentes en el pa\u00eds se vio afectado durante la primera ola de contagios, debido al temor de la poblaci\u00f3n a adquirir la enfermedad.<\/p>\n\n\n\n<p>En este D\u00eda del M\u00e9dico, no basta con reconocer al personal de salud que ha brindado su mayor esfuerzo por cuidar de la poblaci\u00f3n, sino que es imperioso garantizar el respeto a los derechos de todas y todos los trabajadores de la salud. Se requiere asegurar el suministro de insumos necesarios para el adecuado ejercicio de sus labores, procurar siempre su bienestar integral y, en general, velar por sus derechos.<\/p>\n","protected":false},"excerpt":{"rendered":"<p>Por Fernando Manzanilla Prieto El derecho a la salud constituye un derecho fundamental para todos los seres humanos. Tradicionalmente quienes [&hellip;]<\/p>\n","protected":false},"author":1,"featured_media":15253,"comment_status":"open","ping_status":"open","sticky":false,"template":"","format":"standard","meta":{"site-sidebar-layout":"default","site-content-layout":"","ast-site-content-layout":"default","site-content-style":"default","site-sidebar-style":"default","ast-global-header-display":"","ast-banner-title-visibility":"","ast-main-header-display":"","ast-hfb-above-header-display":"","ast-hfb-below-header-display":"","ast-hfb-mobile-header-display":"","site-post-title":"","ast-breadcrumbs-content":"","ast-featured-img":"","footer-sml-layout":"","theme-transparent-header-meta":"","adv-header-id-meta":"","stick-header-meta":"","header-above-stick-meta":"","header-main-stick-meta":"","header-below-stick-meta":"","astra-migrate-meta-layouts":"default","ast-page-background-enabled":"default","ast-page-background-meta":{"desktop":{"background-color":"var(--ast-global-color-4)","background-image":"","background-repeat":"repeat","background-position":"center center","background-size":"auto","background-attachment":"scroll","background-type":"","background-media":"","overlay-type":"","overlay-color":"","overlay-opacity":"","overlay-gradient":""},"tablet":{"background-color":"","background-image":"","background-repeat":"repeat","background-position":"center center","background-size":"auto","background-attachment":"scroll","background-type":"","background-media":"","overlay-type":"","overlay-color":"","overlay-opacity":"","overlay-gradient":""},"mobile":{"background-color":"","background-image":"","background-repeat":"repeat","background-position":"center center","background-size":"auto","background-attachment":"scroll","background-type":"","background-media":"","overlay-type":"","overlay-color":"","overlay-opacity":"","overlay-gradient":""}},"ast-content-background-meta":{"desktop":{"background-color":"var(--ast-global-color-5)","background-image":"","background-repeat":"repeat","background-position":"center center","background-size":"auto","background-attachment":"scroll","background-type":"","background-media":"","overlay-type":"","overlay-color":"","overlay-opacity":"","overlay-gradient":""},"tablet":{"background-color":"var(--ast-global-color-5)","background-image":"","background-repeat":"repeat","background-position":"center center","background-size":"auto","background-attachment":"scroll","background-type":"","background-media":"","overlay-type":"","overlay-color":"","overlay-opacity":"","overlay-gradient":""},"mobile":{"background-color":"var(--ast-global-color-5)","background-image":"","background-repeat":"repeat","background-position":"center center","background-size":"auto","background-attachment":"scroll","background-type":"","background-media":"","overlay-type":"","overlay-color":"","overlay-opacity":"","overlay-gradient":""}},"footnotes":""},"categories":[24,8],"tags":[5136],"class_list":["post-15252","post","type-post","status-publish","format-standard","has-post-thumbnail","hentry","category-fernando-manzanilla","category-noticias","tag-derechos-de-medicos"],"_links":{"self":[{"href":"https:\/\/losperiodistas.com.mx\/portal\/wp-json\/wp\/v2\/posts\/15252","targetHints":{"allow":["GET"]}}],"collection":[{"href":"https:\/\/losperiodistas.com.mx\/portal\/wp-json\/wp\/v2\/posts"}],"about":[{"href":"https:\/\/losperiodistas.com.mx\/portal\/wp-json\/wp\/v2\/types\/post"}],"author":[{"embeddable":true,"href":"https:\/\/losperiodistas.com.mx\/portal\/wp-json\/wp\/v2\/users\/1"}],"replies":[{"embeddable":true,"href":"https:\/\/losperiodistas.com.mx\/portal\/wp-json\/wp\/v2\/comments?post=15252"}],"version-history":[{"count":1,"href":"https:\/\/losperiodistas.com.mx\/portal\/wp-json\/wp\/v2\/posts\/15252\/revisions"}],"predecessor-version":[{"id":15254,"href":"https:\/\/losperiodistas.com.mx\/portal\/wp-json\/wp\/v2\/posts\/15252\/revisions\/15254"}],"wp:featuredmedia":[{"embeddable":true,"href":"https:\/\/losperiodistas.com.mx\/portal\/wp-json\/wp\/v2\/media\/15253"}],"wp:attachment":[{"href":"https:\/\/losperiodistas.com.mx\/portal\/wp-json\/wp\/v2\/media?parent=15252"}],"wp:term":[{"taxonomy":"category","embeddable":true,"href":"https:\/\/losperiodistas.com.mx\/portal\/wp-json\/wp\/v2\/categories?post=15252"},{"taxonomy":"post_tag","embeddable":true,"href":"https:\/\/losperiodistas.com.mx\/portal\/wp-json\/wp\/v2\/tags?post=15252"}],"curies":[{"name":"wp","href":"https:\/\/api.w.org\/{rel}","templated":true}]}}