{"id":15243,"date":"2021-10-28T18:52:06","date_gmt":"2021-10-28T23:52:06","guid":{"rendered":"http:\/\/losperiodistas.com.mx\/portal\/?p=15243"},"modified":"2021-10-28T18:52:07","modified_gmt":"2021-10-28T23:52:07","slug":"amnistia-internacional-exigio-a-estados-unidos-y-mexico-frenar-deportaciones-de-haitianos-dw","status":"publish","type":"post","link":"https:\/\/losperiodistas.com.mx\/portal\/amnistia-internacional-exigio-a-estados-unidos-y-mexico-frenar-deportaciones-de-haitianos-dw\/","title":{"rendered":"Amnist\u00eda Internacional exigi\u00f3 a Estados Unidos y M\u00e9xico frenar deportaciones de haitianos | DW"},"content":{"rendered":"\n<p style=\"font-size:18px\"><em>Amnist\u00eda Internacional exigi\u00f3 a EE.UU. y a M\u00e9xico frenar las deportaciones de haitianos, y conden\u00f3 \u00ablas violaciones de derechos humanos\u00bb que sufren en la regi\u00f3n, como detenciones il\u00edcitas y discriminaci\u00f3n racial.<\/em><\/p>\n\n\n\n<p><\/p>\n\n\n\n<figure class=\"wp-block-image size-large\"><img fetchpriority=\"high\" decoding=\"async\" width=\"1024\" height=\"579\" src=\"https:\/\/losperiodistas.com.mx\/portal\/wp-content\/uploads\/2021\/10\/Captura-de-Pantalla-2021-10-28-a-las-18.48.23-1024x579.jpg\" alt=\"\" class=\"wp-image-15244\" srcset=\"https:\/\/losperiodistas.com.mx\/portal\/wp-content\/uploads\/2021\/10\/Captura-de-Pantalla-2021-10-28-a-las-18.48.23-1024x579.jpg 1024w, https:\/\/losperiodistas.com.mx\/portal\/wp-content\/uploads\/2021\/10\/Captura-de-Pantalla-2021-10-28-a-las-18.48.23-300x170.jpg 300w, https:\/\/losperiodistas.com.mx\/portal\/wp-content\/uploads\/2021\/10\/Captura-de-Pantalla-2021-10-28-a-las-18.48.23-768x434.jpg 768w, https:\/\/losperiodistas.com.mx\/portal\/wp-content\/uploads\/2021\/10\/Captura-de-Pantalla-2021-10-28-a-las-18.48.23.jpg 1400w\" sizes=\"(max-width: 1024px) 100vw, 1024px\" \/><figcaption>Llegada a Port au Prince de miles de refugiados haitianos deportados desde Estados Unidos<\/figcaption><\/figure>\n\n\n\n<p><\/p>\n\n\n\n<p class=\"has-vivid-cyan-blue-color has-text-color has-medium-font-size\">DW<\/p>\n\n\n\n<p>\u00abHoy pedimos a los Estados de la regi\u00f3n que pongan fin a las deportaciones a Hait\u00ed y apliquen con urgencia medidas de protecci\u00f3n a las personas haitianas, como el asilo y otras v\u00edas a la residencia legal para que puedan rehacer sus vidas en condiciones de seguridad\u00bb, dijo Erika Guevara Rosas, directora para las Am\u00e9ricas de la organizaci\u00f3n.<\/p>\n\n\n\n<p>Amnist\u00eda Internacional y&nbsp;<em>Haitian Bridge Alliance<\/em>&nbsp;publicaron este jueves el informe \u00abNing\u00fan lugar seguro: Las personas haitianas en movimiento necesitan protecci\u00f3n internacional urgente\u00bb, resultado de una investigaci\u00f3n realizada en la ciudad mexicana de Tapachula, en el estado de Chiapas, fronterizo con Guatemala.<\/p>\n\n\n\n<p>El documento concluye que \u00abM\u00e9xico est\u00e1 tomando medidas que, en la pr\u00e1ctica, podr\u00edan estar restringiendo el acceso a protecci\u00f3n de las personas haitianas\u00bb, como \u00abdevoluciones il\u00edcitas\u00bb y \u00absin debido procedimiento\u00bb,<\/p>\n\n\n\n<p>\u00abMientras la situaci\u00f3n pol\u00edtica y econ\u00f3mica contin\u00faa deterior\u00e1ndose en Hait\u00ed, lo que facilita violaciones masivas de derechos humanos, secuestros y violencia generalizada, los Estados de las Am\u00e9ricas no protegen a las personas haitianas en movimiento, que buscan estabilidad y seguridad\u00bb, lament\u00f3 Guevara Rosas.<\/p>\n\n\n\n<p>Mientras se sigue agravando la situaci\u00f3n en Hait\u00ed, muchos haitianos refugiados desde hace a\u00f1os en pa\u00edses suramericanos buscan ahora llegar a Estados Unidos por la crisis de la pandemia y el endurecimiento de las pol\u00edticas migratorias. Ante esta situaci\u00f3n, los pa\u00edses de la regi\u00f3n devolvieron a Hait\u00ed a unas 10.800 personas, la mayor\u00eda desde Estados Unidos, entre el 19 de septiembre y el 19 de octubre, seg\u00fan datos de la Organizaci\u00f3n Internacional para las Migraciones (OIM) citados por Amnist\u00eda.<\/p>\n\n\n\n<p>La organizaci\u00f3n subray\u00f3 que el derecho internacional \u00abproh\u00edbe que los Estados devuelvan a personas a lugares donde su vida o su libertad\u00bb, record\u00f3 que Hait\u00ed sufre la \u00abviolencia generalizada de bandas\u00bb y lament\u00f3 que \u00ablos Estados de la regi\u00f3n, en particular Estados Unidos y M\u00e9xico, \u00abhan seguido llevando a cabo deportaciones a Hait\u00ed en las \u00faltimas semanas\u00bb.<\/p>\n\n\n\n<p>Igual que ocurre con personas de otras nacionalidades que protagonizan la ola migratoria sin precedentes que vive la regi\u00f3n, Estados Unidos suele expulsar a los haitianos bajo el T\u00edtulo 42, una pol\u00edtica del anterior Gobierno de Donald Trump que utiliza como pretexto la covid-19 para expulsiones r\u00e1pidas sin atender solicitudes de asilo.<\/p>\n\n\n\n<h2 class=\"wp-block-heading\"><strong>M\u00e9xico ha deportado a m\u00e1s 26 mil haitianos en 2021<\/strong><\/h2>\n\n\n\n<p>Por su parte, M\u00e9xico, donde han solicitado asilo m\u00e1s de 26.000 personas haitianas este a\u00f1o ante la imposibilidad de entrar en Estados Unidos, resuelve favorablemente \u00abmenos de la mitad de las solicitudes\u00bb, mientras que en el caso de los venezolanos es superior al 90 % y de los hondure\u00f1os al 80 %, se\u00f1al\u00f3 Amnist\u00eda.<\/p>\n\n\n\n<p>&nbsp;\u00abMuchas de las personas haitianas que est\u00e1n en M\u00e9xico han vivido en Chile, pero se vieron obligadas a salir del pa\u00eds tras sufrir discriminaci\u00f3n racista contra las personas negras y dificultades para regularizar su condici\u00f3n migratoria\u00bb, expres\u00f3 la organizaci\u00f3n.<\/p>\n\n\n\n<p>Precisamente, el coordinador general de la Comisi\u00f3n Mexicana de Ayuda a Refugiados (Comar), Andr\u00e9s Alfonso Ram\u00edrez, dijo en septiembre que la mayor\u00eda de haitianos no obtendr\u00e1n su asilo en M\u00e9xico porque migran \u00abpor razones econ\u00f3micas\u00bb.<\/p>\n\n\n\n<p>Paralelamente, Hait\u00ed vivi\u00f3 el mi\u00e9rcoles una tercera jornada de huelga por la crisis de desabastecimiento de combustibles.<\/p>\n\n\n\n<p>jov (efe, huffpost, amnesty.org)<\/p>\n\n\n\n<p>Fuente: https:\/\/www.dw.com\/es\/amnist%C3%ADa-internacional-exigi%C3%B3-a-estados-unidos-y-m%C3%A9xico-frenar-deportaciones-de-haitianos\/a-59657396<\/p>\n","protected":false},"excerpt":{"rendered":"<p>Amnist\u00eda Internacional exigi\u00f3 a EE.UU. y a M\u00e9xico frenar las deportaciones de haitianos, y conden\u00f3 \u00ablas violaciones de derechos humanos\u00bb [&hellip;]<\/p>\n","protected":false},"author":1,"featured_media":15244,"comment_status":"open","ping_status":"open","sticky":false,"template":"","format":"standard","meta":{"site-sidebar-layout":"default","site-content-layout":"","ast-site-content-layout":"default","site-content-style":"default","site-sidebar-style":"default","ast-global-header-display":"","ast-banner-title-visibility":"","ast-main-header-display":"","ast-hfb-above-header-display":"","ast-hfb-below-header-display":"","ast-hfb-mobile-header-display":"","site-post-title":"","ast-breadcrumbs-content":"","ast-featured-img":"","footer-sml-layout":"","theme-transparent-header-meta":"","adv-header-id-meta":"","stick-header-meta":"","header-above-stick-meta":"","header-main-stick-meta":"","header-below-stick-meta":"","astra-migrate-meta-layouts":"default","ast-page-background-enabled":"default","ast-page-background-meta":{"desktop":{"background-color":"var(--ast-global-color-4)","background-image":"","background-repeat":"repeat","background-position":"center center","background-size":"auto","background-attachment":"scroll","background-type":"","background-media":"","overlay-type":"","overlay-color":"","overlay-opacity":"","overlay-gradient":""},"tablet":{"background-color":"","background-image":"","background-repeat":"repeat","background-position":"center center","background-size":"auto","background-attachment":"scroll","background-type":"","background-media":"","overlay-type":"","overlay-color":"","overlay-opacity":"","overlay-gradient":""},"mobile":{"background-color":"","background-image":"","background-repeat":"repeat","background-position":"center center","background-size":"auto","background-attachment":"scroll","background-type":"","background-media":"","overlay-type":"","overlay-color":"","overlay-opacity":"","overlay-gradient":""}},"ast-content-background-meta":{"desktop":{"background-color":"var(--ast-global-color-5)","background-image":"","background-repeat":"repeat","background-position":"center center","background-size":"auto","background-attachment":"scroll","background-type":"","background-media":"","overlay-type":"","overlay-color":"","overlay-opacity":"","overlay-gradient":""},"tablet":{"background-color":"var(--ast-global-color-5)","background-image":"","background-repeat":"repeat","background-position":"center center","background-size":"auto","background-attachment":"scroll","background-type":"","background-media":"","overlay-type":"","overlay-color":"","overlay-opacity":"","overlay-gradient":""},"mobile":{"background-color":"var(--ast-global-color-5)","background-image":"","background-repeat":"repeat","background-position":"center center","background-size":"auto","background-attachment":"scroll","background-type":"","background-media":"","overlay-type":"","overlay-color":"","overlay-opacity":"","overlay-gradient":""}},"footnotes":""},"categories":[8],"tags":[5130,5133,5131,4197],"class_list":["post-15243","post","type-post","status-publish","format-standard","has-post-thumbnail","hentry","category-noticias","tag-amnistia-internacional","tag-deportacion-haitianos","tag-haitian-bridge-alliance","tag-migrantes-haitianos"],"_links":{"self":[{"href":"https:\/\/losperiodistas.com.mx\/portal\/wp-json\/wp\/v2\/posts\/15243","targetHints":{"allow":["GET"]}}],"collection":[{"href":"https:\/\/losperiodistas.com.mx\/portal\/wp-json\/wp\/v2\/posts"}],"about":[{"href":"https:\/\/losperiodistas.com.mx\/portal\/wp-json\/wp\/v2\/types\/post"}],"author":[{"embeddable":true,"href":"https:\/\/losperiodistas.com.mx\/portal\/wp-json\/wp\/v2\/users\/1"}],"replies":[{"embeddable":true,"href":"https:\/\/losperiodistas.com.mx\/portal\/wp-json\/wp\/v2\/comments?post=15243"}],"version-history":[{"count":1,"href":"https:\/\/losperiodistas.com.mx\/portal\/wp-json\/wp\/v2\/posts\/15243\/revisions"}],"predecessor-version":[{"id":15245,"href":"https:\/\/losperiodistas.com.mx\/portal\/wp-json\/wp\/v2\/posts\/15243\/revisions\/15245"}],"wp:featuredmedia":[{"embeddable":true,"href":"https:\/\/losperiodistas.com.mx\/portal\/wp-json\/wp\/v2\/media\/15244"}],"wp:attachment":[{"href":"https:\/\/losperiodistas.com.mx\/portal\/wp-json\/wp\/v2\/media?parent=15243"}],"wp:term":[{"taxonomy":"category","embeddable":true,"href":"https:\/\/losperiodistas.com.mx\/portal\/wp-json\/wp\/v2\/categories?post=15243"},{"taxonomy":"post_tag","embeddable":true,"href":"https:\/\/losperiodistas.com.mx\/portal\/wp-json\/wp\/v2\/tags?post=15243"}],"curies":[{"name":"wp","href":"https:\/\/api.w.org\/{rel}","templated":true}]}}