{"id":15231,"date":"2021-10-28T18:29:47","date_gmt":"2021-10-28T23:29:47","guid":{"rendered":"http:\/\/losperiodistas.com.mx\/portal\/?p=15231"},"modified":"2021-10-28T18:29:49","modified_gmt":"2021-10-28T23:29:49","slug":"zuckerberg-cambia-el-nombre-de-facebook-a-meta-y-muestra-su-vision-del-metaverso-abc","status":"publish","type":"post","link":"https:\/\/losperiodistas.com.mx\/portal\/zuckerberg-cambia-el-nombre-de-facebook-a-meta-y-muestra-su-vision-del-metaverso-abc\/","title":{"rendered":"Zuckerberg cambia el nombre de Facebook a Meta y muestra su visi\u00f3n del metaverso | ABC"},"content":{"rendered":"\n<p style=\"font-size:18px\"><em>As\u00ed lo ha anunciado el ejecutivo durante el evento Facebook Connect<\/em><\/p>\n\n\n\n<p><\/p>\n\n\n\n<figure class=\"wp-block-image size-large\"><img fetchpriority=\"high\" decoding=\"async\" width=\"1024\" height=\"583\" src=\"https:\/\/losperiodistas.com.mx\/portal\/wp-content\/uploads\/2021\/10\/Captura-de-Pantalla-2021-10-28-a-las-18.27.30-1024x583.jpg\" alt=\"\" class=\"wp-image-15235\" srcset=\"https:\/\/losperiodistas.com.mx\/portal\/wp-content\/uploads\/2021\/10\/Captura-de-Pantalla-2021-10-28-a-las-18.27.30-1024x583.jpg 1024w, https:\/\/losperiodistas.com.mx\/portal\/wp-content\/uploads\/2021\/10\/Captura-de-Pantalla-2021-10-28-a-las-18.27.30-300x171.jpg 300w, https:\/\/losperiodistas.com.mx\/portal\/wp-content\/uploads\/2021\/10\/Captura-de-Pantalla-2021-10-28-a-las-18.27.30-768x437.jpg 768w, https:\/\/losperiodistas.com.mx\/portal\/wp-content\/uploads\/2021\/10\/Captura-de-Pantalla-2021-10-28-a-las-18.27.30.jpg 1230w\" sizes=\"(max-width: 1024px) 100vw, 1024px\" \/><\/figure>\n\n\n\n<p class=\"has-vivid-cyan-blue-color has-text-color has-medium-font-size\">RODRIGO ALONSO \/ ABC<\/p>\n\n\n\n<p>Facebook ya no es Facebook.&nbsp;<strong>Ahora se llama Meta<\/strong>. As\u00ed lo ha anunciado Mark Zuckerberg, su director ejecutivo, durante la &#8216;keynote&#8217; Facebook Connect, evento en el que la empresa est\u00e1 mostrando sus \u00faltimos avances en Realidad Virtual y Realidad Aumentada. Seg\u00fan ha afirmado el ejecutivo, el cambio obedece al inter\u00e9s de la compa\u00f1\u00eda en la construcci\u00f3n del metaverso: esa suerte de mundo virtual en el que los usuarios podr\u00e1n socializar, comprar o trabajar mediante el empleo de tecnolog\u00eda. Ya no quiere que se les vea en exclusiva como una tecnol\u00f3gica de redes sociales. O, al menos, no solo como eso.<\/p>\n\n\n\n<p>\u00abEstoy orgulloso de lo que hemos construido y emocionado por lo que est\u00e1 por venir, avanzando m\u00e1s all\u00e1 de lo que es posible hoy, m\u00e1s all\u00e1 de las limitaciones de las pantallas, de los l\u00edmites de la distancia y de la f\u00edsica, y hacia un futuro en el que todos podamos estar presentes, unos con otros, crear nuevas oportunidades y experimentar sensaciones nuevas. Hablo de un futuro que va m\u00e1s all\u00e1 de una sola empresa y que vamos a construir entre todos\u00bb, ha explicado Mark Zuckerberg.<\/p>\n\n\n\n<p>\u00abHoy d\u00eda nuestra marca est\u00e1 tan ligada a un producto que no puede representar todo lo que hacemos, y mucho menos en el futuro. Con el tiempo conf\u00edo en que se nos vea como una empresa del metaverso, y quiero anclar nuestro trabajo e identidad en lo que estamos construyendo a futuro\u00bb, ha expresado el ejecutivo sobre el motivo del nacimiento de Meta.<\/p>\n\n\n\n<p>El cambio de nombre de la empresa, que tambi\u00e9n controla plataformas como WhatsApp, Instagram o Messenger, se esperaba desde la semana pasada, cuando el medio estadounidense &#8216;The Verge&#8217; adelant\u00f3 la noticia en exclusiva. En principio, el movimiento no afectar\u00e1 a la red social Facebook, que se seguir\u00e1 llamando igual. Lo \u00fanico que cambia es el nombre de la matriz que engloba a todas las herramientas en poder de Zuckerberg. Para el usuario, en principio, no implica absolutamente nada.<\/p>\n\n\n\n<h3 class=\"wp-block-heading\">Un paseo por el metaverso<\/h3>\n\n\n\n<p>El futuro de Facebook -o Meta- pasa por el metaverso. Y tambi\u00e9n el de internet. El de todos. As\u00ed lo ha dejado claro Zuckerberg. La &#8216;keynote&#8217; m\u00e1s all\u00e1 de por el cambio de nombre, que no ha sido anunciado hasta el final, ha estado destinada a mostrar la visi\u00f3n que tiene el ejecutivo de c\u00f3mo funcionar\u00e1 esa suerte de mundo virtual en el que el usuario podr\u00e1 socializar, jugar a videojuegos, comprar o trabajar gracias al empleo de dispositivos de Realidad Virtual y Realidad Aumentada. Algo que tardar\u00e1 \u00abde cinco a diez a\u00f1os\u00bb en ser una realidad absoluta. Sin embargo, la empresa se ha comprometido a ir poniendo, poco a poco, las bases de lo que est\u00e1 por venir.<\/p>\n\n\n\n<p>\u00abLa gente crear\u00e1 todo tipo de espacios. Hasta mundos. El teletransporte ser\u00e1 como pinchar en un enlace en internet\u00bb, ha afirmado Zuckerberg durante la &#8216;keynote&#8217;. El ejecutivo, efectivamente, ha dedicado buena parte del evento a mostrar su visi\u00f3n del metaverso; muy parecido en todos los aspectos a lo que se pudo ver en la pel\u00edcula dist\u00f3pica y futurista &#8216;Ready Player One. Algo que con el tiempo se ver\u00e1 si se cumple. Durante la presentaci\u00f3n ha mostrado im\u00e1genes de personas quedando para echar un partido de baloncesto, jugar al ajedrez o, directamente, trabajar mediante el empleo de hologramas y avatares. Tambi\u00e9n ha afirmado que el usuario tendr\u00e1 la capacidad de crear sus propios hogares o dise\u00f1ar sus propios espacios de trabajo.<\/p>\n\n\n\n<p>\u00abSoy muy optimista sobre lo que estamos intentando crear\u00bb, ha afirmado Zuckerberg. A su vez, ha remarcado las posibilidades que tiene el metaverso a nivel econ\u00f3mico y a la hora de mejorar el estado del medio ambiente. Incluso para el estudio; entre otras cosas de la Historia o la Medicina. De este modo, se han mostrado im\u00e1genes de estudiantes descubriendo la Roma Antigua &#8216;in situ&#8217; y de operaciones realizadas a trav\u00e9s de ese mundo virtual.<\/p>\n\n\n\n<p>Aunque todav\u00eda quedan a\u00f1os para que, lo que por lo pronto, no deja de ser una visi\u00f3n, el ejecutivo ha anunciado nuevas experiencias relacionadas con el metaverso que estar\u00e1n disponibles para los usuarios de Oculus, su firma de cascos de Realidad Virtual. Entre ellas se encuentra Horizon Home, una herramienta que permitir\u00e1 crear \u00abhogares virtuales\u00bb en los que, adem\u00e1s, ser\u00e1 posible invitar a otras personas que cuente con un dispositivo de este tipo para ver pel\u00edculas o jugar videojuegos. Esta plataforma se une al videojuego en l\u00ednea Horizon Worlds y el espacio de trabajo mediante realidad virtual Horizon Workrooms como parte de ese metaverso primigenio en el que trabaja la empresa.<\/p>\n\n\n\n<p>Para progresar en el desarrollo de ese nuevo mundo virtual, Oculus tambi\u00e9n recibir\u00e1 Presence Platform, una nueva herramienta para que los desarrolladores creen experiencias de realidad mixta para los visores de realidad virtual Oculus Quest. El visor, adem\u00e1s, recibir\u00e1 pr\u00f3ximament una nueva versi\u00f3n del popular videojuego &#8216;GTA: San Andreas&#8217; que ser\u00e1 exclusivo del visor de Facebook.<\/p>\n\n\n\n<h3 class=\"wp-block-heading\">La estrategia que hay detr\u00e1s<\/h3>\n\n\n\n<p>Meta llega en uno de los momentos m\u00e1s delicados en la historia de la compa\u00f1\u00eda. La filtraci\u00f3n a los medios de miles de documentos internos por parte de su extrabajadora Frances Haugen ha puesto en tela de juicio el trabajo de la compa\u00f1\u00eda para mantener sus redes libres de contenido nocivo. Haugen, incluso, ha llegado a afirmar en repetidas ocasiones que Facebook antepone el beneficio econ\u00f3mico a la salud de su comunidad.<\/p>\n\n\n\n<p>A pesar de que el cambio de nombre, sobre el papel, busca potenciar la imagen de empresa metaverso de Facebook, analistas y medios llevan tiempo pregunt\u00e1ndose si, en el fondo, la iniciativa persigue cubrir tras un tupido velo los \u00faltimos esc\u00e1ndalos de la compa\u00f1\u00eda. Los expertos entienden el movimiento, pero no tienen claro que Zuckerberg lo vaya a conseguir.<\/p>\n\n\n\n<p>\u00abVeo la estrategia que hay detr\u00e1s. Est\u00e1n intentando convertirse en algo m\u00e1s que en una gran empresa de redes sociales. El problema es que la firma arrastra un problema reputacional preocupante y unas percepciones de marca muy negativas\u00bb, explica en conversaci\u00f3n con ABC Lorena Blasco, experta en redes sociales y profesora de marketing digital en ESPC Business School. \u00abTengo dudas de si, en el corto plazo, ayudar\u00e1 a que las percepciones de la empresa mejoren o si le va a costar m\u00e1s esfuerzo\u00bb, prosigue. Los esc\u00e1ndalos recientes tambi\u00e9n le han costado dinero a Facebook. En los \u00faltimos cinco d\u00edas, sus acciones han acumulado una ca\u00edda del 5%.<\/p>\n\n\n\n<p>Las filtraciones han provocado, adem\u00e1s, el inicio de nuevas investigaciones gubernamentales, tal y como ha reconocido la empresa en su presentaci\u00f3n de ganancias trimestrales. Seg\u00fan apuntaba el mi\u00e9rcoles &#8216;\u00a0The Wall Street Journal&#8217;, la Comisi\u00f3n Federal de Comercio de Estados Unidos (FTC, por sus siglas en ingl\u00e9s), la misma que\u00a0mult\u00f3 a Facebook con 5.000 millones de d\u00f3lares el pasado 2019\u00a0por los fallos de la compa\u00f1\u00eda a la hora de proteger la privacidad de los usuarios, estar\u00eda investigando los nuevos documentos filtrados.<\/p>\n\n\n\n<p>Fuente: https:\/\/www.abc.es\/tecnologia\/redes\/abci-zuckerberg-cambia-nombre-facebook-meta-y-muestra-vision-metaverso-202110282022_noticia.html<\/p>\n","protected":false},"excerpt":{"rendered":"<p>As\u00ed lo ha anunciado el ejecutivo durante el evento Facebook Connect RODRIGO ALONSO \/ ABC Facebook ya no es Facebook.&nbsp;Ahora [&hellip;]<\/p>\n","protected":false},"author":1,"featured_media":15235,"comment_status":"open","ping_status":"open","sticky":false,"template":"","format":"standard","meta":{"site-sidebar-layout":"default","site-content-layout":"","ast-site-content-layout":"default","site-content-style":"default","site-sidebar-style":"default","ast-global-header-display":"","ast-banner-title-visibility":"","ast-main-header-display":"","ast-hfb-above-header-display":"","ast-hfb-below-header-display":"","ast-hfb-mobile-header-display":"","site-post-title":"","ast-breadcrumbs-content":"","ast-featured-img":"","footer-sml-layout":"","theme-transparent-header-meta":"","adv-header-id-meta":"","stick-header-meta":"","header-above-stick-meta":"","header-main-stick-meta":"","header-below-stick-meta":"","astra-migrate-meta-layouts":"default","ast-page-background-enabled":"default","ast-page-background-meta":{"desktop":{"background-color":"var(--ast-global-color-4)","background-image":"","background-repeat":"repeat","background-position":"center center","background-size":"auto","background-attachment":"scroll","background-type":"","background-media":"","overlay-type":"","overlay-color":"","overlay-opacity":"","overlay-gradient":""},"tablet":{"background-color":"","background-image":"","background-repeat":"repeat","background-position":"center center","background-size":"auto","background-attachment":"scroll","background-type":"","background-media":"","overlay-type":"","overlay-color":"","overlay-opacity":"","overlay-gradient":""},"mobile":{"background-color":"","background-image":"","background-repeat":"repeat","background-position":"center center","background-size":"auto","background-attachment":"scroll","background-type":"","background-media":"","overlay-type":"","overlay-color":"","overlay-opacity":"","overlay-gradient":""}},"ast-content-background-meta":{"desktop":{"background-color":"var(--ast-global-color-5)","background-image":"","background-repeat":"repeat","background-position":"center center","background-size":"auto","background-attachment":"scroll","background-type":"","background-media":"","overlay-type":"","overlay-color":"","overlay-opacity":"","overlay-gradient":""},"tablet":{"background-color":"var(--ast-global-color-5)","background-image":"","background-repeat":"repeat","background-position":"center center","background-size":"auto","background-attachment":"scroll","background-type":"","background-media":"","overlay-type":"","overlay-color":"","overlay-opacity":"","overlay-gradient":""},"mobile":{"background-color":"var(--ast-global-color-5)","background-image":"","background-repeat":"repeat","background-position":"center center","background-size":"auto","background-attachment":"scroll","background-type":"","background-media":"","overlay-type":"","overlay-color":"","overlay-opacity":"","overlay-gradient":""}},"footnotes":""},"categories":[8],"tags":[3033,76,5124,5040,1915],"class_list":["post-15231","post","type-post","status-publish","format-standard","has-post-thumbnail","hentry","category-noticias","tag-facebook","tag-mark-zuckerberg","tag-meta","tag-metaverso","tag-redes-sociales"],"_links":{"self":[{"href":"https:\/\/losperiodistas.com.mx\/portal\/wp-json\/wp\/v2\/posts\/15231","targetHints":{"allow":["GET"]}}],"collection":[{"href":"https:\/\/losperiodistas.com.mx\/portal\/wp-json\/wp\/v2\/posts"}],"about":[{"href":"https:\/\/losperiodistas.com.mx\/portal\/wp-json\/wp\/v2\/types\/post"}],"author":[{"embeddable":true,"href":"https:\/\/losperiodistas.com.mx\/portal\/wp-json\/wp\/v2\/users\/1"}],"replies":[{"embeddable":true,"href":"https:\/\/losperiodistas.com.mx\/portal\/wp-json\/wp\/v2\/comments?post=15231"}],"version-history":[{"count":1,"href":"https:\/\/losperiodistas.com.mx\/portal\/wp-json\/wp\/v2\/posts\/15231\/revisions"}],"predecessor-version":[{"id":15236,"href":"https:\/\/losperiodistas.com.mx\/portal\/wp-json\/wp\/v2\/posts\/15231\/revisions\/15236"}],"wp:featuredmedia":[{"embeddable":true,"href":"https:\/\/losperiodistas.com.mx\/portal\/wp-json\/wp\/v2\/media\/15235"}],"wp:attachment":[{"href":"https:\/\/losperiodistas.com.mx\/portal\/wp-json\/wp\/v2\/media?parent=15231"}],"wp:term":[{"taxonomy":"category","embeddable":true,"href":"https:\/\/losperiodistas.com.mx\/portal\/wp-json\/wp\/v2\/categories?post=15231"},{"taxonomy":"post_tag","embeddable":true,"href":"https:\/\/losperiodistas.com.mx\/portal\/wp-json\/wp\/v2\/tags?post=15231"}],"curies":[{"name":"wp","href":"https:\/\/api.w.org\/{rel}","templated":true}]}}