{"id":15228,"date":"2021-10-28T08:42:54","date_gmt":"2021-10-28T13:42:54","guid":{"rendered":"http:\/\/losperiodistas.com.mx\/portal\/?p=15228"},"modified":"2021-10-28T08:42:56","modified_gmt":"2021-10-28T13:42:56","slug":"misa-especial-por-tus-seres-queridos-comparte-tus-intenciones-de-oracion-aleteia","status":"publish","type":"post","link":"https:\/\/losperiodistas.com.mx\/portal\/misa-especial-por-tus-seres-queridos-comparte-tus-intenciones-de-oracion-aleteia\/","title":{"rendered":"Misa especial por tus seres queridos: comparte tus intenciones de oraci\u00f3n | Aleteia"},"content":{"rendered":"\n<p style=\"font-size:18px\"><em>La comunidad de religiosas carmelitas del convento de la Encarnaci\u00f3n, donde santa Teresa de \u00c1vila vivi\u00f3 durante 30 a\u00f1os, encomendar\u00e1 las intenciones de oraci\u00f3n de los lectores de Aleteia con motivo de la Conmemoraci\u00f3n de los Fieles Difuntos<\/em><\/p>\n\n\n\n<p><\/p>\n\n\n\n<figure class=\"wp-block-image size-large\"><img fetchpriority=\"high\" decoding=\"async\" width=\"1024\" height=\"581\" src=\"https:\/\/losperiodistas.com.mx\/portal\/wp-content\/uploads\/2021\/10\/Captura-de-Pantalla-2021-10-28-a-las-8.40.09-1024x581.jpg\" alt=\"\" class=\"wp-image-15229\" srcset=\"https:\/\/losperiodistas.com.mx\/portal\/wp-content\/uploads\/2021\/10\/Captura-de-Pantalla-2021-10-28-a-las-8.40.09-1024x581.jpg 1024w, https:\/\/losperiodistas.com.mx\/portal\/wp-content\/uploads\/2021\/10\/Captura-de-Pantalla-2021-10-28-a-las-8.40.09-300x170.jpg 300w, https:\/\/losperiodistas.com.mx\/portal\/wp-content\/uploads\/2021\/10\/Captura-de-Pantalla-2021-10-28-a-las-8.40.09-768x436.jpg 768w, https:\/\/losperiodistas.com.mx\/portal\/wp-content\/uploads\/2021\/10\/Captura-de-Pantalla-2021-10-28-a-las-8.40.09.jpg 1234w\" sizes=\"(max-width: 1024px) 100vw, 1024px\" \/><figcaption>Shutterstock | tashulia<\/figcaption><\/figure>\n\n\n\n<p><\/p>\n\n\n\n<p class=\"has-vivid-cyan-blue-color has-text-color has-medium-font-size\">ALETEIA<\/p>\n\n\n\n<p>El 2 de noviembre, la Iglesia recuerda a todos los fallecidos. Este a\u00f1o la Conmemoraci\u00f3n de los Fieles Difuntos ser\u00e1 particularmente sentida, pues muchas personas experimentar\u00e1n agudamente el dolor por los seres queridos fallecidos durante este per\u00edodo de pandemia.<\/p>\n\n\n\n<p>Por este motivo, Aleteia quiere ofrecer una ocasi\u00f3n de comuni\u00f3n y consuelo espiritual a los millones de personas de todo el mundo: la posibilidad de que compartan sus intenciones de oraci\u00f3n con una de las comunidades mon\u00e1sticas m\u00e1s emblem\u00e1ticas de la Iglesia cat\u00f3lica en el mundo.<\/p>\n\n\n\n<p>Las carmelitas descalzas del monasterio de la Encarnaci\u00f3n de \u00c1vila, el monasterio en el que santa Teresa de Jes\u00fas vivi\u00f3 durante 30 a\u00f1os, recibi\u00f3 su vocaci\u00f3n reformadora, escribi\u00f3 y tuvo experiencias m\u00edsticas, encomendar\u00e1 en una misa comunitaria las intenciones que compartir\u00e1n los lectores de Aleteia.<\/p>\n\n\n\n<p>Las intenciones ser\u00e1n depositadas en el cofre que las religiosas colocan junto al altar dando cumplimiento a la misi\u00f3n a la&nbsp; que han consagrado su vida: poner ante el Se\u00f1or con su oraci\u00f3n y su vida las necesidades de la humanidad y de la iglesia.<\/p>\n\n\n\n<p>La celebraci\u00f3n de la Eucarist\u00eda, que tras ser informado ha sido alentada por el obispo de \u00c1vila, monse\u00f1or Jos\u00e9 Mar\u00eda Gil Tamayo, ser\u00e1 presidida por el capell\u00e1n del monasterio, el padre Arturo D\u00edaz, LC., quien es adem\u00e1s rector del Santuario de Nuestra Se\u00f1ora de Sonsoles, el m\u00e1s querido por los cat\u00f3licos de \u00c1vila.\u00a0<\/p>\n\n\n\n<p>Para poder compartir sus intenciones de oraci\u00f3n con las religiosas carmelitas del Convento de la Encarnaci\u00f3n puede rellenar el formulario que aparece en este enlace:<\/p>\n\n\n\n<p><a href=\"https:\/\/es.aleteia.org\/misa-intenciones\/\">https:\/\/es.aleteia.org\/misa-intenciones\/<\/a><\/p>\n\n\n\n<p>Fuente: https:\/\/es.aleteia.org\/2021\/10\/27\/misa-especial-por-tus-seres-queridos-comparte-tus-intenciones-de-oracion\/<\/p>\n","protected":false},"excerpt":{"rendered":"<p>La comunidad de religiosas carmelitas del convento de la Encarnaci\u00f3n, donde santa Teresa de \u00c1vila vivi\u00f3 durante 30 a\u00f1os, encomendar\u00e1 [&hellip;]<\/p>\n","protected":false},"author":1,"featured_media":15229,"comment_status":"open","ping_status":"open","sticky":false,"template":"","format":"standard","meta":{"site-sidebar-layout":"default","site-content-layout":"","ast-site-content-layout":"default","site-content-style":"default","site-sidebar-style":"default","ast-global-header-display":"","ast-banner-title-visibility":"","ast-main-header-display":"","ast-hfb-above-header-display":"","ast-hfb-below-header-display":"","ast-hfb-mobile-header-display":"","site-post-title":"","ast-breadcrumbs-content":"","ast-featured-img":"","footer-sml-layout":"","theme-transparent-header-meta":"","adv-header-id-meta":"","stick-header-meta":"","header-above-stick-meta":"","header-main-stick-meta":"","header-below-stick-meta":"","astra-migrate-meta-layouts":"default","ast-page-background-enabled":"default","ast-page-background-meta":{"desktop":{"background-color":"var(--ast-global-color-4)","background-image":"","background-repeat":"repeat","background-position":"center center","background-size":"auto","background-attachment":"scroll","background-type":"","background-media":"","overlay-type":"","overlay-color":"","overlay-opacity":"","overlay-gradient":""},"tablet":{"background-color":"","background-image":"","background-repeat":"repeat","background-position":"center center","background-size":"auto","background-attachment":"scroll","background-type":"","background-media":"","overlay-type":"","overlay-color":"","overlay-opacity":"","overlay-gradient":""},"mobile":{"background-color":"","background-image":"","background-repeat":"repeat","background-position":"center center","background-size":"auto","background-attachment":"scroll","background-type":"","background-media":"","overlay-type":"","overlay-color":"","overlay-opacity":"","overlay-gradient":""}},"ast-content-background-meta":{"desktop":{"background-color":"var(--ast-global-color-5)","background-image":"","background-repeat":"repeat","background-position":"center center","background-size":"auto","background-attachment":"scroll","background-type":"","background-media":"","overlay-type":"","overlay-color":"","overlay-opacity":"","overlay-gradient":""},"tablet":{"background-color":"var(--ast-global-color-5)","background-image":"","background-repeat":"repeat","background-position":"center center","background-size":"auto","background-attachment":"scroll","background-type":"","background-media":"","overlay-type":"","overlay-color":"","overlay-opacity":"","overlay-gradient":""},"mobile":{"background-color":"var(--ast-global-color-5)","background-image":"","background-repeat":"repeat","background-position":"center center","background-size":"auto","background-attachment":"scroll","background-type":"","background-media":"","overlay-type":"","overlay-color":"","overlay-opacity":"","overlay-gradient":""}},"footnotes":""},"categories":[8],"tags":[5046,5122,5123],"class_list":["post-15228","post","type-post","status-publish","format-standard","has-post-thumbnail","hentry","category-noticias","tag-fieles-difuntos","tag-monasterio-de-la-encarnacion","tag-teresa-de-jesus"],"_links":{"self":[{"href":"https:\/\/losperiodistas.com.mx\/portal\/wp-json\/wp\/v2\/posts\/15228","targetHints":{"allow":["GET"]}}],"collection":[{"href":"https:\/\/losperiodistas.com.mx\/portal\/wp-json\/wp\/v2\/posts"}],"about":[{"href":"https:\/\/losperiodistas.com.mx\/portal\/wp-json\/wp\/v2\/types\/post"}],"author":[{"embeddable":true,"href":"https:\/\/losperiodistas.com.mx\/portal\/wp-json\/wp\/v2\/users\/1"}],"replies":[{"embeddable":true,"href":"https:\/\/losperiodistas.com.mx\/portal\/wp-json\/wp\/v2\/comments?post=15228"}],"version-history":[{"count":1,"href":"https:\/\/losperiodistas.com.mx\/portal\/wp-json\/wp\/v2\/posts\/15228\/revisions"}],"predecessor-version":[{"id":15230,"href":"https:\/\/losperiodistas.com.mx\/portal\/wp-json\/wp\/v2\/posts\/15228\/revisions\/15230"}],"wp:featuredmedia":[{"embeddable":true,"href":"https:\/\/losperiodistas.com.mx\/portal\/wp-json\/wp\/v2\/media\/15229"}],"wp:attachment":[{"href":"https:\/\/losperiodistas.com.mx\/portal\/wp-json\/wp\/v2\/media?parent=15228"}],"wp:term":[{"taxonomy":"category","embeddable":true,"href":"https:\/\/losperiodistas.com.mx\/portal\/wp-json\/wp\/v2\/categories?post=15228"},{"taxonomy":"post_tag","embeddable":true,"href":"https:\/\/losperiodistas.com.mx\/portal\/wp-json\/wp\/v2\/tags?post=15228"}],"curies":[{"name":"wp","href":"https:\/\/api.w.org\/{rel}","templated":true}]}}