{"id":15220,"date":"2021-10-28T07:34:44","date_gmt":"2021-10-28T12:34:44","guid":{"rendered":"http:\/\/losperiodistas.com.mx\/portal\/?p=15220"},"modified":"2021-10-28T07:35:59","modified_gmt":"2021-10-28T12:35:59","slug":"si-hubo-amasiato-entre-an-y-salinas-admiten-militantes-la-jornada","status":"publish","type":"post","link":"https:\/\/losperiodistas.com.mx\/portal\/si-hubo-amasiato-entre-an-y-salinas-admiten-militantes-la-jornada\/","title":{"rendered":"S\u00ed hubo \u00abamasiato\u00bb entre AN y Salinas, admiten militantes | La Jornada"},"content":{"rendered":"\n<p><\/p>\n\n\n\n<figure class=\"wp-block-image size-large\"><img fetchpriority=\"high\" decoding=\"async\" width=\"1024\" height=\"657\" src=\"https:\/\/losperiodistas.com.mx\/portal\/wp-content\/uploads\/2021\/10\/Captura-de-Pantalla-2021-10-28-a-las-7.31.16-1024x657.jpg\" alt=\"\" class=\"wp-image-15221\" srcset=\"https:\/\/losperiodistas.com.mx\/portal\/wp-content\/uploads\/2021\/10\/Captura-de-Pantalla-2021-10-28-a-las-7.31.16-1024x657.jpg 1024w, https:\/\/losperiodistas.com.mx\/portal\/wp-content\/uploads\/2021\/10\/Captura-de-Pantalla-2021-10-28-a-las-7.31.16-300x193.jpg 300w, https:\/\/losperiodistas.com.mx\/portal\/wp-content\/uploads\/2021\/10\/Captura-de-Pantalla-2021-10-28-a-las-7.31.16-768x493.jpg 768w, https:\/\/losperiodistas.com.mx\/portal\/wp-content\/uploads\/2021\/10\/Captura-de-Pantalla-2021-10-28-a-las-7.31.16-1536x986.jpg 1536w, https:\/\/losperiodistas.com.mx\/portal\/wp-content\/uploads\/2021\/10\/Captura-de-Pantalla-2021-10-28-a-las-7.31.16.jpg 1714w\" sizes=\"(max-width: 1024px) 100vw, 1024px\" \/><figcaption>El ex presidente Carlos Salinas durante su participaci\u00f3n ante banqueros, en imagen de 2010.\u00a0Foto\u00a0<strong>Cuartoscuro<\/strong><\/figcaption><\/figure>\n\n\n\n<p><\/p>\n\n\n\n<p class=\"has-vivid-cyan-blue-color has-text-color has-medium-font-size\">GEORGINA SALDIERNA \/ ANDREA BECERRIL \/ V\u00cdCTOR BALLINAS \/ LA JORNADA<\/p>\n\n\n\n<p><em>Ciudad de M\u00e9xico.<\/em>&nbsp;Integrantes y ex militantes del PAN manifestaron ayer tener sospechas de que la ca\u00edda del sistema electoral en 1988 fue producto de un \u201camasiato\u201d entre ese partido y Carlos Salinas de Gortari, como declar\u00f3 Manuel Bartlett, al recordar el constante ir y venir del entonces dirigente Luis H. \u00c1lvarez a las oficinas del candidato pri\u00edsta, as\u00ed como la molestia que ello gener\u00f3 en Manuel J. Clouthier, abanderado del&nbsp;<em>blanquiazul<\/em>.<\/p>\n\n\n\n<p>La secretaria de Econom\u00eda, Tatiana Clouthier, rechaz\u00f3 ayer comentar la afirmaci\u00f3n de Bartlett, actual director de la Comisi\u00f3n Federal de Electricidad (CFE). Entrevistada al concluir su comparecencia en el Senado, s\u00f3lo respondi\u00f3: \u201cComo dijo Sicilia, el silencio tambi\u00e9n es respuesta\u201d. No quiso a\u00f1adir nada m\u00e1s sobre esa elecci\u00f3n en la que contendieron su padre, Manuel de Jes\u00fas Clouthier y Cuauht\u00e9moc C\u00e1rdenas.<\/p>\n\n\n\n<p>En tanto, en entrevista aparte, el ex panista Jes\u00fas Gonz\u00e1lez Schmal declar\u00f3 que tuvo sospechas sobre la existencia de ese acuerdo, sobre todo cuando se dio cuenta de que \u00c1lvarez estaba realizando componendas sin consultar al partido.<\/p>\n\n\n\n<p>\u201cSab\u00edamos que \u00c1lvarez, Carlos Castillo Peraza y otros se comunicaban continuamente y ten\u00edan juntas secretas con Salinas y Bartlett\u201d, agreg\u00f3 el abogado, quien abandon\u00f3 las filas del&nbsp;<em>blanquiazul<\/em>&nbsp;junto con otros militantes inconformes con el rumbo que hab\u00eda tomado bajo el mando del pol\u00edtico chihuahuense.<\/p>\n\n\n\n<p>Si bien enfatiz\u00f3 que tuvo sospechas de ese convenio, puntualiz\u00f3 que eso no quita que Bartlett fue responsable de la ca\u00edda del sistema electoral.<\/p>\n\n\n\n<p>El ex senador Ernesto Ruffo Appel record\u00f3 que \u00e9l era presidente municipal de Ensenada, y aunque no puede asegurar que hubo un fraude contra C\u00e1rdenas, s\u00ed \u201chubo algo turbio\u201d. Refiri\u00f3 que fue testigo de un traj\u00edn, con idas y venidas de Luis H. \u00c1lvarez, a Los Pinos, llevado por Diego Fern\u00e1ndez de Cevallos, para entrevistarse con Carlos Salinas.<\/p>\n\n\n\n<p>El ex gobernador de Baja California explic\u00f3 que qued\u00f3 sorprendido por el resultado de la elecci\u00f3n, ya que en Ensenada y en toda Baja California gan\u00f3 el ingeniero C\u00e1rdenas, dejando a un lado \u201cal&nbsp;<em>Maqu\u00edo<\/em>&nbsp;Clouthier\u201d, quien \u201cyo juraba que ser\u00eda el triunfador\u201d, por lo que viaj\u00f3 a la Ciudad de M\u00e9xico para que en la dirigencia le explicaran qu\u00e9 estaba pasando.<\/p>\n\n\n\n<p>\u201cY lo que vi fue que don Luis y Fern\u00e1ndez de Cevallos se la viv\u00edan en reuniones privadas con Salinas de Gortari, quien ten\u00eda una oficina en Los Pinos, donde despachaba. En el Consejo Pol\u00edtico est\u00e1bamos perplejos, no entend\u00edamos y el\u00a0<em>Maqu\u00edo,<\/em>\u00a0quien estaba muy molesto, se fue a la huelga de hambre con C\u00e1rdenas.\u201d<\/p>\n\n\n\n<p>Su hip\u00f3tesis, explic\u00f3, es que \u201ces muy probable que los del PRI se robaron la elecci\u00f3n y Salinas lleg\u00f3 mal parado, lleg\u00f3 desequilibrado y tuvo que negociar con las distintos grupos importantes que hab\u00eda en ese momento para que no se le cayera la silla\u201d.<\/p>\n\n\n\n<p>Luis H. \u00c1lvarez reconoci\u00f3 despu\u00e9s que \u201cen aras de la gobernabilidad del pa\u00eds lleg\u00f3 a acuerdos pol\u00edticos con Salinas de Gortari y la prensa que estaba del lado de C\u00e1rdenas fue la que invent\u00f3 esa palabra de las\u00a0<em>concertacesiones<\/em>\u201d, a\u00f1adi\u00f3.<\/p>\n\n\n\n<p>Fuente: https:\/\/www.jornada.com.mx\/notas\/2021\/10\/28\/politica\/si-hubo-amasiato-entre-an-y-salinas-admiten-militantes\/<\/p>\n","protected":false},"excerpt":{"rendered":"<p>GEORGINA SALDIERNA \/ ANDREA BECERRIL \/ V\u00cdCTOR BALLINAS \/ LA JORNADA Ciudad de M\u00e9xico.&nbsp;Integrantes y ex militantes del PAN manifestaron [&hellip;]<\/p>\n","protected":false},"author":1,"featured_media":15221,"comment_status":"open","ping_status":"open","sticky":false,"template":"","format":"standard","meta":{"site-sidebar-layout":"default","site-content-layout":"","ast-site-content-layout":"default","site-content-style":"default","site-sidebar-style":"default","ast-global-header-display":"","ast-banner-title-visibility":"","ast-main-header-display":"","ast-hfb-above-header-display":"","ast-hfb-below-header-display":"","ast-hfb-mobile-header-display":"","site-post-title":"","ast-breadcrumbs-content":"","ast-featured-img":"","footer-sml-layout":"","theme-transparent-header-meta":"","adv-header-id-meta":"","stick-header-meta":"","header-above-stick-meta":"","header-main-stick-meta":"","header-below-stick-meta":"","astra-migrate-meta-layouts":"default","ast-page-background-enabled":"default","ast-page-background-meta":{"desktop":{"background-color":"var(--ast-global-color-4)","background-image":"","background-repeat":"repeat","background-position":"center center","background-size":"auto","background-attachment":"scroll","background-type":"","background-media":"","overlay-type":"","overlay-color":"","overlay-opacity":"","overlay-gradient":""},"tablet":{"background-color":"","background-image":"","background-repeat":"repeat","background-position":"center center","background-size":"auto","background-attachment":"scroll","background-type":"","background-media":"","overlay-type":"","overlay-color":"","overlay-opacity":"","overlay-gradient":""},"mobile":{"background-color":"","background-image":"","background-repeat":"repeat","background-position":"center center","background-size":"auto","background-attachment":"scroll","background-type":"","background-media":"","overlay-type":"","overlay-color":"","overlay-opacity":"","overlay-gradient":""}},"ast-content-background-meta":{"desktop":{"background-color":"var(--ast-global-color-5)","background-image":"","background-repeat":"repeat","background-position":"center center","background-size":"auto","background-attachment":"scroll","background-type":"","background-media":"","overlay-type":"","overlay-color":"","overlay-opacity":"","overlay-gradient":""},"tablet":{"background-color":"var(--ast-global-color-5)","background-image":"","background-repeat":"repeat","background-position":"center center","background-size":"auto","background-attachment":"scroll","background-type":"","background-media":"","overlay-type":"","overlay-color":"","overlay-opacity":"","overlay-gradient":""},"mobile":{"background-color":"var(--ast-global-color-5)","background-image":"","background-repeat":"repeat","background-position":"center center","background-size":"auto","background-attachment":"scroll","background-type":"","background-media":"","overlay-type":"","overlay-color":"","overlay-opacity":"","overlay-gradient":""}},"footnotes":""},"categories":[8],"tags":[5120,5121,274],"class_list":["post-15220","post","type-post","status-publish","format-standard","has-post-thumbnail","hentry","category-noticias","tag-amasiato-salinas-y-pan","tag-luis-h-alvarez","tag-manuel-bartlett"],"_links":{"self":[{"href":"https:\/\/losperiodistas.com.mx\/portal\/wp-json\/wp\/v2\/posts\/15220","targetHints":{"allow":["GET"]}}],"collection":[{"href":"https:\/\/losperiodistas.com.mx\/portal\/wp-json\/wp\/v2\/posts"}],"about":[{"href":"https:\/\/losperiodistas.com.mx\/portal\/wp-json\/wp\/v2\/types\/post"}],"author":[{"embeddable":true,"href":"https:\/\/losperiodistas.com.mx\/portal\/wp-json\/wp\/v2\/users\/1"}],"replies":[{"embeddable":true,"href":"https:\/\/losperiodistas.com.mx\/portal\/wp-json\/wp\/v2\/comments?post=15220"}],"version-history":[{"count":2,"href":"https:\/\/losperiodistas.com.mx\/portal\/wp-json\/wp\/v2\/posts\/15220\/revisions"}],"predecessor-version":[{"id":15223,"href":"https:\/\/losperiodistas.com.mx\/portal\/wp-json\/wp\/v2\/posts\/15220\/revisions\/15223"}],"wp:featuredmedia":[{"embeddable":true,"href":"https:\/\/losperiodistas.com.mx\/portal\/wp-json\/wp\/v2\/media\/15221"}],"wp:attachment":[{"href":"https:\/\/losperiodistas.com.mx\/portal\/wp-json\/wp\/v2\/media?parent=15220"}],"wp:term":[{"taxonomy":"category","embeddable":true,"href":"https:\/\/losperiodistas.com.mx\/portal\/wp-json\/wp\/v2\/categories?post=15220"},{"taxonomy":"post_tag","embeddable":true,"href":"https:\/\/losperiodistas.com.mx\/portal\/wp-json\/wp\/v2\/tags?post=15220"}],"curies":[{"name":"wp","href":"https:\/\/api.w.org\/{rel}","templated":true}]}}