{"id":15206,"date":"2021-10-28T06:46:40","date_gmt":"2021-10-28T11:46:40","guid":{"rendered":"http:\/\/losperiodistas.com.mx\/portal\/?p=15206"},"modified":"2021-10-28T06:46:42","modified_gmt":"2021-10-28T11:46:42","slug":"que-deje-de-usar-a-la-fgr-para-ocultar-su-riqueza-mal-habida-y-de-garrote-para-venganzas-personales-diputada-del-pan-arremete-contra-gertz-manero-infobae","status":"publish","type":"post","link":"https:\/\/losperiodistas.com.mx\/portal\/que-deje-de-usar-a-la-fgr-para-ocultar-su-riqueza-mal-habida-y-de-garrote-para-venganzas-personales-diputada-del-pan-arremete-contra-gertz-manero-infobae\/","title":{"rendered":"\u201cQue deje de usar a la FGR para ocultar su riqueza mal habida y de garrote para venganzas personales\u201d: diputada del PAN arremete contra Gertz Manero | Infobae"},"content":{"rendered":"\n<p style=\"font-size:18px\"><em>Teresa Aranda llev\u00f3 hasta la tribuna de la C\u00e1mara de Diputados el caso de Alejandra Cuevas, presa y acusada del homicidio del hermano del fiscal mexicano<\/em><\/p>\n\n\n\n<p><\/p>\n\n\n\n<figure class=\"wp-block-image size-large\"><img fetchpriority=\"high\" decoding=\"async\" width=\"1024\" height=\"431\" src=\"https:\/\/losperiodistas.com.mx\/portal\/wp-content\/uploads\/2021\/10\/Captura-de-Pantalla-2021-10-28-a-las-6.43.29-1024x431.jpg\" alt=\"\" class=\"wp-image-15207\" srcset=\"https:\/\/losperiodistas.com.mx\/portal\/wp-content\/uploads\/2021\/10\/Captura-de-Pantalla-2021-10-28-a-las-6.43.29-1024x431.jpg 1024w, https:\/\/losperiodistas.com.mx\/portal\/wp-content\/uploads\/2021\/10\/Captura-de-Pantalla-2021-10-28-a-las-6.43.29-300x126.jpg 300w, https:\/\/losperiodistas.com.mx\/portal\/wp-content\/uploads\/2021\/10\/Captura-de-Pantalla-2021-10-28-a-las-6.43.29-768x323.jpg 768w, https:\/\/losperiodistas.com.mx\/portal\/wp-content\/uploads\/2021\/10\/Captura-de-Pantalla-2021-10-28-a-las-6.43.29.jpg 1516w\" sizes=\"(max-width: 1024px) 100vw, 1024px\" \/><figcaption>La diputada Ana Teresa Aranda Orozco, del Partido Acci\u00f3n Nacional (PAN), habla en la tribuna del caso de Alejandra Cuevas, acusada del homicidio del hermano del fiscal Gertz Manero<\/figcaption><\/figure>\n\n\n\n<p><\/p>\n\n\n\n<p class=\"has-vivid-cyan-blue-color has-text-color has-medium-font-size\">ALICIA MIRELES \/ INFOBAE<\/p>\n\n\n\n<p>El caso de&nbsp;<a href=\"https:\/\/www.infobae.com\/america\/mexico\/2021\/04\/22\/el-extrano-caso-alejandra-cuevas-presa-y-acusada-del-homicidio-del-hermano-del-fiscal-general-alejandro-gertz-manero\/\">Alejandra Cuevas, presa desde hace un a\u00f1o acusada del homicidio del hermano del<\/a>&nbsp;fiscal General de la Rep\u00fablica, Alejandro Gertz Manero, ha llegado hasta el Congreso en voz de la diputada Ana Teresa Aranda Orozco, del Partido Acci\u00f3n Nacional (PAN).<\/p>\n\n\n\n<p>\u201cUna vez m\u00e1s se colocado en la opini\u00f3n p\u00fablica un caso que involucra al fiscal General de la Rep\u00fablica, Alejandro Gertz. Se trata del\u00a0<strong>conflicto que deriva del ilegal encarcelamiento de Alejandra Cuevas<\/strong>, y el procesamiento de otros integrantes de su familia pol\u00edtica, y del cual se desprenden acciones que involucran el movimiento de importantes cantidades de dinero y a denuncia ante la UIF contra el fiscal por la posible comisi\u00f3n de delitos\u201d, se\u00f1al\u00f3 la legisladora.<\/p>\n\n\n\n<p><strong>Desde finales de octubre de 2020, Alejandra Cuevas se encuentra encerrada en el penal de Santa Martha Acatitla acusada de homicidio por omisi\u00f3n de cuidados de Federico Gertz<\/strong>, pareja sentimental de su madre Laura Mor\u00e1n, quien tiene 94 a\u00f1os de edad. Fue sentenciada con un auto de formal prisi\u00f3n, mismo que la Cuarta Sala Penal del Tribunal Superior de Justicia de la Ciudad de M\u00e9xico confirm\u00f3 el pasado mes de febrero. Los argumentos con los que se emiti\u00f3 dicha sentencia refer\u00edan a Alejandra como garante de Federico, es decir, quien estaba a cargo de sus cuidados. Pero la \u00fanica que desempe\u00f1aba ese rol era su madre, Laura.<\/p>\n\n\n\n<p>As\u00ed lo consider\u00f3 ahora la Juez Quinto de Distrito de Amparo en Materia Penal en la Ciudad de M\u00e9xico, Patricia D\u00edez, se\u00f1alando que los argumentos de la Cuarta Sala para considerar a Alejandra Cuevas garante de Federico Gertz Manero, fueron incongruentes con los testimonios y elementos prueba que se presentaron ante la justicia. Entonces le otorg\u00f3 casi a mediados del pasado septiembre un amparo que dejaba sin efecto la orden de aprehensi\u00f3n en contra de ella y de su madre.<\/p>\n\n\n\n<p>Sin embargo, a finales del mes pasado, la Fiscal\u00eda General de la Rep\u00fablica (FGR), dirigida por Alejandro Gertz Manero,&nbsp;<strong>impugn\u00f3 el amparo que hace unas semanas le otorgaron a Alejandra Cuevas<\/strong>, de 68 a\u00f1os de edad, contra la sentencia que la tiene desde hace casi un a\u00f1o en prisi\u00f3n,&nbsp;<a href=\"https:\/\/www.infobae.com\/america\/mexico\/2021\/04\/22\/el-extrano-caso-alejandra-cuevas-presa-y-acusada-del-homicidio-del-hermano-del-fiscal-general-alejandro-gertz-manero\/\">acusada por el homicidio de Federico Gertz Manero<\/a>, hermano del fiscal de M\u00e9xico.<img decoding=\"async\" alt=\"Foto: cortes\u00eda familia Castillo.\" src=\"https:\/\/www.infobae.com\/new-resizer\/CpZvEhHBL6M_J5YM125vEfGGAqQ=\/420x236\/filters:format(jpg):quality(85)\/cloudfront-us-east-1.images.arcpublishing.com\/infobae\/6U3EO3ZS2JBILLZ7D25TI44YCA.jpg%20420w\" height=\"709\" width=\"1262\" srcset=\"https:\/\/www.infobae.com\/new-resizer\/CpZvEhHBL6M_J5YM125vEfGGAqQ=\/420x236\/filters:format(jpg):quality(85)\/cloudfront-us-east-1.images.arcpublishing.com\/infobae\/6U3EO3ZS2JBILLZ7D25TI44YCA.jpg 420w,https:\/\/www.infobae.com\/new-resizer\/m_JWntTkeqjBvLZy1Jws2JWq6Sw=\/768x432\/filters:format(jpg):quality(85)\/cloudfront-us-east-1.images.arcpublishing.com\/infobae\/6U3EO3ZS2JBILLZ7D25TI44YCA.jpg 768w,https:\/\/www.infobae.com\/new-resizer\/FwMQnAhmUDnEjr7KvHSm9wVaeCw=\/992x558\/filters:format(jpg):quality(85)\/cloudfront-us-east-1.images.arcpublishing.com\/infobae\/6U3EO3ZS2JBILLZ7D25TI44YCA.jpg 992w,https:\/\/www.infobae.com\/new-resizer\/gl6Fhll3GlLoQ9oEoQTgOMeB35s=\/1200x675\/filters:format(jpg):quality(85)\/cloudfront-us-east-1.images.arcpublishing.com\/infobae\/6U3EO3ZS2JBILLZ7D25TI44YCA.jpg 1200w,https:\/\/www.infobae.com\/new-resizer\/rum-N_BBfxpkC6yegLkzn9a0kqc=\/1440x810\/filters:format(jpg):quality(85)\/cloudfront-us-east-1.images.arcpublishing.com\/infobae\/6U3EO3ZS2JBILLZ7D25TI44YCA.jpg 1440w\">Foto: cortes\u00eda familia Castillo.<\/p>\n\n\n\n<p>\u201cConsiderando la posici\u00f3n de poder en que se encuentra Gertz, es que&nbsp;<strong>exhortamos al Ministerio p\u00fablico a que act\u00fae de manera imparcial, apegado a derecho y al debido proceso<\/strong>, y que a Gertz se le declare i<strong>mpedido para intervenir en la tramitaci\u00f3n<\/strong>&nbsp;de dicha indagatoria\u201d, reclam\u00f3 la legisladora panista.<\/p>\n\n\n\n<p>El fiscal Gertz Manero, como hizo referencia Aranda Orozco, fue<strong>&nbsp;denunciado ante la Unidad de Inteligencia Financiera (UIF)<\/strong>&nbsp;por presuntos nexos a (por lo menos) una cuenta de casi ocho millones de d\u00f3lares en un banco de Suiza.<\/p>\n\n\n\n<p>La parte acusatoria son los hijos de Alejandra Cuevas, quienes aseguran que la persecuci\u00f3n del fiscal en contra su familia es para esconder el rastro de una fortuna obtenida de manera il\u00edcita. Alonso, Gonzalo y Ana Paula Castillo Cuevas compartieron en mayo pasado con la periodista Anabel Hern\u00e1ndez, una evidencia que ser\u00eda clave para entender su situaci\u00f3n:&nbsp;<a href=\"https:\/\/www.infobae.com\/america\/mexico\/2021\/09\/23\/gertz-manero-cuentas-en-paraisos-fiscales-serian-el-movil-de-la-persecucion-del-fiscal-contra-su-familia-politica\/\">un estado de cuenta por casi 8 millones de d\u00f3lares en un banco suizo<\/a>&nbsp;que anteriormente se ha visto envuelto en esc\u00e1ndalos de lavado de dinero. La cuenta no tiene nombre de alg\u00fan titular sino que es manejada por \u201cOperadora Invictus\u201d, con domicilio fiscal en Panam\u00e1 y cuyo representante fue acusado en 2019 por el delito de \u201cpatrimonio econ\u00f3mico\u201d.<img decoding=\"async\" alt=\"El fiscal General de la Rep\u00fablica, Alejandro Gertz Manero (Foto: EFE\/Mario Guzm\u00e1n)\n\" src=\"https:\/\/www.infobae.com\/new-resizer\/BibA8L9w8_woKEgNpApZZUzmJ8M=\/420x280\/filters:format(jpg):quality(85)\/cloudfront-us-east-1.images.arcpublishing.com\/infobae\/CN5XEBR6NRHTJEH3VC2K6P5MKI.jpg%20420w\" height=\"2741\" width=\"4000\" srcset=\"https:\/\/www.infobae.com\/new-resizer\/BibA8L9w8_woKEgNpApZZUzmJ8M=\/420x280\/filters:format(jpg):quality(85)\/cloudfront-us-east-1.images.arcpublishing.com\/infobae\/CN5XEBR6NRHTJEH3VC2K6P5MKI.jpg 420w,https:\/\/www.infobae.com\/new-resizer\/X5D0jegkigoxWdYfShW6FyVjfl8=\/768x512\/filters:format(jpg):quality(85)\/cloudfront-us-east-1.images.arcpublishing.com\/infobae\/CN5XEBR6NRHTJEH3VC2K6P5MKI.jpg 768w,https:\/\/www.infobae.com\/new-resizer\/xJBK0r5EqGUwqQSLcMyt-a6Cgoc=\/992x661\/filters:format(jpg):quality(85)\/cloudfront-us-east-1.images.arcpublishing.com\/infobae\/CN5XEBR6NRHTJEH3VC2K6P5MKI.jpg 992w,https:\/\/www.infobae.com\/new-resizer\/H1h-TcwLxgKjcfdS3mG45fnYEkc=\/1200x800\/filters:format(jpg):quality(85)\/cloudfront-us-east-1.images.arcpublishing.com\/infobae\/CN5XEBR6NRHTJEH3VC2K6P5MKI.jpg 1200w,https:\/\/www.infobae.com\/new-resizer\/-mzokT9OVZ4jQBfVphGTmSd-4EI=\/1440x960\/filters:format(jpg):quality(85)\/cloudfront-us-east-1.images.arcpublishing.com\/infobae\/CN5XEBR6NRHTJEH3VC2K6P5MKI.jpg 1440w\">El fiscal General de la Rep\u00fablica, Alejandro Gertz Manero (Foto: EFE\/Mario Guzm\u00e1n)<\/p>\n\n\n\n<p>El hermano del fiscal mexicano muri\u00f3 en septiembre de 2015. La autopsia se\u00f1al\u00f3 pr\u00e1cticamente el deterioro de su salud como la causa del deceso. Pero&nbsp;<strong>Alejandro Gertz Manero acus\u00f3 a Laura Mor\u00e1n&nbsp;<\/strong>\u2013pareja por casi cinco d\u00e9cadas de su hermano y en ese momento de 88 a\u00f1os de edad\u2013<strong>&nbsp;y a su hija Alejandra de homicidio por omisi\u00f3n de cuidados a Federico.<\/strong><\/p>\n\n\n\n<p><strong>La denuncia fue archivada dos veces por la justicia de la Ciudad de M\u00e9xico<\/strong>. En ambas ocasiones se concluy\u00f3 que no hab\u00eda elementos que evidenciaran las responsabilidad de Laura Mor\u00e1n y Alejandra Cuevas en la muerte de Federico. Pero&nbsp;<strong>en 2020<\/strong>, luego de queAlejandro Gertz Manero fuera designado a cargo de la Fiscal\u00eda General de la Rep\u00fablica, el caso dio un giro radical:&nbsp;<strong>la demanda procedi\u00f3<\/strong>&nbsp;y se retom\u00f3 la acusaci\u00f3n. El 25 de septiembre se ejerci\u00f3 acci\u00f3n penal y el 2 de octubre se libr\u00f3 la orden de aprehensi\u00f3n en contra de ambas se\u00f1aladas. El 16 de octubre de 2020 Alejandra Cuevas fue detenida.<\/p>\n\n\n\n<p>Desde entonces, Alejandra se encuentra encerrada en el penal de Santa Martha Acatitla,&nbsp;<strong>acusada por delito de \u201chomicidio doloso de concubino por omisi\u00f3n por auxilio\u201d<\/strong>. Es decir, se le culpa de conscientemente no haber asistido a Federico Gertz Manero mientras su estado de salud empeoraba.<\/p>\n\n\n\n<p>No obstante, para que una persona sea considerada culpable por homicidio por omisi\u00f3n tiene que quedar comprobado que era&nbsp;<strong>garante de la v\u00edctima<\/strong>, es decir, quien estaba a cargo de sus cuidados. En este caso,<strong>&nbsp;ese rol solo lo desempe\u00f1aba Laura Mor\u00e1n<\/strong>&nbsp;quien, dentro de sus posibilidades y asistida por el personal de salud que ten\u00eda contratado, llevaba a Federico a consultas y le compraba los medicamentos que le recetaban, seg\u00fan consta en las declaraciones de ella y de los testigos.<img loading=\"lazy\" decoding=\"async\" alt=\"Foto: cortes\u00eda familia Castillo.\" src=\"https:\/\/www.infobae.com\/new-resizer\/t3NQLz1VnXJh9OSMzYW3xo1lUyc=\/420x280\/filters:format(jpg):quality(85)\/cloudfront-us-east-1.images.arcpublishing.com\/infobae\/IKKOOUFTK5HJZEEXH3BSNY64EU.jpg%20420w\" height=\"870\" width=\"1278\" srcset=\"https:\/\/www.infobae.com\/new-resizer\/t3NQLz1VnXJh9OSMzYW3xo1lUyc=\/420x280\/filters:format(jpg):quality(85)\/cloudfront-us-east-1.images.arcpublishing.com\/infobae\/IKKOOUFTK5HJZEEXH3BSNY64EU.jpg 420w,https:\/\/www.infobae.com\/new-resizer\/ofTmKoaEpt2OhS-1slg39BuqZQc=\/768x512\/filters:format(jpg):quality(85)\/cloudfront-us-east-1.images.arcpublishing.com\/infobae\/IKKOOUFTK5HJZEEXH3BSNY64EU.jpg 768w,https:\/\/www.infobae.com\/new-resizer\/ybwiisOMTUiAFyidtxBO-QX8IOQ=\/992x661\/filters:format(jpg):quality(85)\/cloudfront-us-east-1.images.arcpublishing.com\/infobae\/IKKOOUFTK5HJZEEXH3BSNY64EU.jpg 992w,https:\/\/www.infobae.com\/new-resizer\/CXLX_e-FxzZgdPfeZqMJnjNIPAU=\/1200x800\/filters:format(jpg):quality(85)\/cloudfront-us-east-1.images.arcpublishing.com\/infobae\/IKKOOUFTK5HJZEEXH3BSNY64EU.jpg 1200w,https:\/\/www.infobae.com\/new-resizer\/-b1Cnh99ZA3AlMfnh7ePDE0G0Q4=\/1440x960\/filters:format(jpg):quality(85)\/cloudfront-us-east-1.images.arcpublishing.com\/infobae\/IKKOOUFTK5HJZEEXH3BSNY64EU.jpg 1440w\">Foto: cortes\u00eda familia Castillo.<\/p>\n\n\n\n<p>Es importante se\u00f1alar que, para que la persona garante pueda ser acusada, se debe tomar en cuenta la posibilidad de salvamento. Eso se refiere a la posibilidad f\u00edsica para actuar en el momento del peligro. Laura Mor\u00e1n ten\u00eda 88 a\u00f1os de edad en ese entonces.<\/p>\n\n\n\n<p>Aunque la pareja de Federico era la madre de Alejandra, Laura Mor\u00e1n, la Juez Sexag\u00e9simo S\u00e9ptimo Penal de la Ciudad de M\u00e9xico, argument\u00f3 que hab\u00eda elementos suficientes que comprobaban la supuesta participaci\u00f3n de Cuevas en los hechos, asegurando que ella acud\u00eda a diario a casa de Federico, que se hac\u00eda cargo de llevarlo a sus citas m\u00e9dicas y de suministrarle los medicamentos.&nbsp;<strong>Entonces el 19 de octubre le dict\u00f3 auto de formal prisi\u00f3n<\/strong>.<\/p>\n\n\n\n<p>La jueza federal Patricia Marcela Diez, quien le otorg\u00f3 el amparo a Alejandra, considera que la acusaci\u00f3n en su contra est\u00e1 plagada de incongruencias:<\/p>\n\n\n\n<p>-No hay elementos que la identifiquen como la garante del fallecido Federico<\/p>\n\n\n\n<p>-Hay pruebas de que, por el contrario, s\u00ed le brindaron los cuidados que ameritaba<\/p>\n\n\n\n<p>-Solo se tomaron en cuenta los alegatos de la parte acusatoria para la sentencia, ignorando los intentos de la defensa por presentar sus pruebas contradictorias.<\/p>\n\n\n\n<p>En tanto, la diputada panista, concluy\u00f3 en la primera vez que se toca este tema en la tribuna de los diputados: \u201cExigimos que cese el hostigamiento en contra de la familia Castillo Cuevas y que Gertz Manero deje de utilizar a la fiscal\u00eda para ocultar su riqueza mal habida y como garrote para sus venganzas personales\u201d.<\/p>\n\n\n\n<p>Fuente: https:\/\/www.infobae.com\/america\/mexico\/2021\/10\/28\/que-deje-de-usar-a-la-fgr-para-ocultar-su-riqueza-mal-habida-y-de-garrote-para-venganzas-personales-diputada-del-pan-arremete-contra-gertz-manero\/<\/p>\n","protected":false},"excerpt":{"rendered":"<p>Teresa Aranda llev\u00f3 hasta la tribuna de la C\u00e1mara de Diputados el caso de Alejandra Cuevas, presa y acusada del [&hellip;]<\/p>\n","protected":false},"author":1,"featured_media":15207,"comment_status":"open","ping_status":"open","sticky":false,"template":"","format":"standard","meta":{"site-sidebar-layout":"default","site-content-layout":"","ast-site-content-layout":"default","site-content-style":"default","site-sidebar-style":"default","ast-global-header-display":"","ast-banner-title-visibility":"","ast-main-header-display":"","ast-hfb-above-header-display":"","ast-hfb-below-header-display":"","ast-hfb-mobile-header-display":"","site-post-title":"","ast-breadcrumbs-content":"","ast-featured-img":"","footer-sml-layout":"","theme-transparent-header-meta":"","adv-header-id-meta":"","stick-header-meta":"","header-above-stick-meta":"","header-main-stick-meta":"","header-below-stick-meta":"","astra-migrate-meta-layouts":"default","ast-page-background-enabled":"default","ast-page-background-meta":{"desktop":{"background-color":"var(--ast-global-color-4)","background-image":"","background-repeat":"repeat","background-position":"center center","background-size":"auto","background-attachment":"scroll","background-type":"","background-media":"","overlay-type":"","overlay-color":"","overlay-opacity":"","overlay-gradient":""},"tablet":{"background-color":"","background-image":"","background-repeat":"repeat","background-position":"center center","background-size":"auto","background-attachment":"scroll","background-type":"","background-media":"","overlay-type":"","overlay-color":"","overlay-opacity":"","overlay-gradient":""},"mobile":{"background-color":"","background-image":"","background-repeat":"repeat","background-position":"center center","background-size":"auto","background-attachment":"scroll","background-type":"","background-media":"","overlay-type":"","overlay-color":"","overlay-opacity":"","overlay-gradient":""}},"ast-content-background-meta":{"desktop":{"background-color":"var(--ast-global-color-5)","background-image":"","background-repeat":"repeat","background-position":"center center","background-size":"auto","background-attachment":"scroll","background-type":"","background-media":"","overlay-type":"","overlay-color":"","overlay-opacity":"","overlay-gradient":""},"tablet":{"background-color":"var(--ast-global-color-5)","background-image":"","background-repeat":"repeat","background-position":"center center","background-size":"auto","background-attachment":"scroll","background-type":"","background-media":"","overlay-type":"","overlay-color":"","overlay-opacity":"","overlay-gradient":""},"mobile":{"background-color":"var(--ast-global-color-5)","background-image":"","background-repeat":"repeat","background-position":"center center","background-size":"auto","background-attachment":"scroll","background-type":"","background-media":"","overlay-type":"","overlay-color":"","overlay-opacity":"","overlay-gradient":""}},"footnotes":""},"categories":[8],"tags":[5109,5110,5111,3843],"class_list":["post-15206","post","type-post","status-publish","format-standard","has-post-thumbnail","hentry","category-noticias","tag-alejandra-cuevas","tag-ana-tere-aranda","tag-federico-gertz","tag-gertz-manero"],"_links":{"self":[{"href":"https:\/\/losperiodistas.com.mx\/portal\/wp-json\/wp\/v2\/posts\/15206","targetHints":{"allow":["GET"]}}],"collection":[{"href":"https:\/\/losperiodistas.com.mx\/portal\/wp-json\/wp\/v2\/posts"}],"about":[{"href":"https:\/\/losperiodistas.com.mx\/portal\/wp-json\/wp\/v2\/types\/post"}],"author":[{"embeddable":true,"href":"https:\/\/losperiodistas.com.mx\/portal\/wp-json\/wp\/v2\/users\/1"}],"replies":[{"embeddable":true,"href":"https:\/\/losperiodistas.com.mx\/portal\/wp-json\/wp\/v2\/comments?post=15206"}],"version-history":[{"count":1,"href":"https:\/\/losperiodistas.com.mx\/portal\/wp-json\/wp\/v2\/posts\/15206\/revisions"}],"predecessor-version":[{"id":15208,"href":"https:\/\/losperiodistas.com.mx\/portal\/wp-json\/wp\/v2\/posts\/15206\/revisions\/15208"}],"wp:featuredmedia":[{"embeddable":true,"href":"https:\/\/losperiodistas.com.mx\/portal\/wp-json\/wp\/v2\/media\/15207"}],"wp:attachment":[{"href":"https:\/\/losperiodistas.com.mx\/portal\/wp-json\/wp\/v2\/media?parent=15206"}],"wp:term":[{"taxonomy":"category","embeddable":true,"href":"https:\/\/losperiodistas.com.mx\/portal\/wp-json\/wp\/v2\/categories?post=15206"},{"taxonomy":"post_tag","embeddable":true,"href":"https:\/\/losperiodistas.com.mx\/portal\/wp-json\/wp\/v2\/tags?post=15206"}],"curies":[{"name":"wp","href":"https:\/\/api.w.org\/{rel}","templated":true}]}}