{"id":15203,"date":"2021-10-28T06:39:18","date_gmt":"2021-10-28T11:39:18","guid":{"rendered":"http:\/\/losperiodistas.com.mx\/portal\/?p=15203"},"modified":"2021-10-28T06:39:20","modified_gmt":"2021-10-28T11:39:20","slug":"convocan-a-paro-en-la-unam-por-las-criticas-de-amlo-exigen-disculpa-publica-del-presidente-reporte-indigo","status":"publish","type":"post","link":"https:\/\/losperiodistas.com.mx\/portal\/convocan-a-paro-en-la-unam-por-las-criticas-de-amlo-exigen-disculpa-publica-del-presidente-reporte-indigo\/","title":{"rendered":"Convocan a paro en la UNAM por las cr\u00edticas de AMLO; exigen disculpa p\u00fablica del presidente | Reporte Indigo"},"content":{"rendered":"\n<p style=\"font-size:18px\"><em>Ademas del paro en la UNAM se exige la disculpa p\u00fablica a L\u00f3pez Obrador por haber criticado a la M\u00e1xima Casa de Estudios<\/em><\/p>\n\n\n\n<p><\/p>\n\n\n\n<figure class=\"wp-block-image size-large\"><img fetchpriority=\"high\" decoding=\"async\" width=\"1024\" height=\"694\" src=\"https:\/\/losperiodistas.com.mx\/portal\/wp-content\/uploads\/2021\/10\/Captura-de-Pantalla-2021-10-28-a-las-6.36.00-1024x694.jpg\" alt=\"\" class=\"wp-image-15204\" srcset=\"https:\/\/losperiodistas.com.mx\/portal\/wp-content\/uploads\/2021\/10\/Captura-de-Pantalla-2021-10-28-a-las-6.36.00-1024x694.jpg 1024w, https:\/\/losperiodistas.com.mx\/portal\/wp-content\/uploads\/2021\/10\/Captura-de-Pantalla-2021-10-28-a-las-6.36.00-300x203.jpg 300w, https:\/\/losperiodistas.com.mx\/portal\/wp-content\/uploads\/2021\/10\/Captura-de-Pantalla-2021-10-28-a-las-6.36.00-768x520.jpg 768w, https:\/\/losperiodistas.com.mx\/portal\/wp-content\/uploads\/2021\/10\/Captura-de-Pantalla-2021-10-28-a-las-6.36.00-1536x1040.jpg 1536w, https:\/\/losperiodistas.com.mx\/portal\/wp-content\/uploads\/2021\/10\/Captura-de-Pantalla-2021-10-28-a-las-6.36.00-2048x1387.jpg 2048w\" sizes=\"(max-width: 1024px) 100vw, 1024px\" \/><\/figure>\n\n\n\n<p><\/p>\n\n\n\n<p class=\"has-vivid-cyan-blue-color has-text-color has-medium-font-size\">INDIGO STAFF<\/p>\n\n\n\n<p>Este mi\u00e9rcoles comenz\u00f3 a circular en redes sociales una&nbsp;<strong>convocatoria<\/strong>&nbsp;para realizar un&nbsp;<strong>paro de labores<\/strong>&nbsp;en la Universidad Nacional Aut\u00f3noma de M\u00e9xico (<strong>UNAM<\/strong>) debido a las cr\u00edticas del presidente Andr\u00e9s Manuel L\u00f3pez Obrador (<strong>AMLO<\/strong>).<\/p>\n\n\n\n<p>Y es que se pretende realizar un paro de<strong>\u00a048 horas los pr\u00f3ximos 4 y 5 de noviembre<\/strong>\u00a0ante las cr\u00edticas de AMLO, quien durante esta semana ha acusado a la\u00a0<strong>M\u00e1xima Casa de Estudios<\/strong>\u00a0de haberse \u201cderechizado\u201d.<\/p>\n\n\n\n<figure class=\"wp-block-embed is-type-rich is-provider-twitter wp-block-embed-twitter\"><div class=\"wp-block-embed__wrapper\">\n<blockquote class=\"twitter-tweet\" data-width=\"500\" data-dnt=\"true\"><p lang=\"zxx\" dir=\"ltr\"><a href=\"https:\/\/t.co\/uHbeGzIjG8\">pic.twitter.com\/uHbeGzIjG8<\/a><\/p>&mdash; UNAM Social (@SocialUnam) <a href=\"https:\/\/twitter.com\/SocialUnam\/status\/1453045090977452059?ref_src=twsrc%5Etfw\">October 26, 2021<\/a><\/blockquote><script async src=\"https:\/\/platform.twitter.com\/widgets.js\" charset=\"utf-8\"><\/script>\n<\/div><\/figure>\n\n\n\n<p>La imagen que circula en redes muestra el&nbsp;<strong>escudo de la UNAM<\/strong>&nbsp;con su logo: \u201cPor mi raza hablar\u00e1 el esp\u00edritu\u201d y la leyenda: \u201cJuntos venceremos\u201d, acompa\u00f1ada de tres demandas: \u201crespeto a la autonom\u00eda, disculpa p\u00fablica y&nbsp;<strong>aumento de presupuesto<\/strong>\u201d.<\/p>\n\n\n\n<p>El llamado a realizar este paro de labores ha divido las opiniones de los usuarios, pues hay quienes se sorprendieron porque la UNAM se ir\u00e1 a paro \u201cpor lo que dijo L\u00f3pez\u201d, hasta quienes les parece incre\u00edble que el presidente \u201cse haya metido\u201d con la Universidad.<\/p>\n\n\n\n<p>Adem\u00e1s, se exige la disculpa p\u00fablica a<strong>&nbsp;L\u00f3pez Obrador<\/strong>&nbsp;por haber dicho que la UNAM se hab\u00eda \u201cderechizado desde que empez\u00f3 el periodo neoliberal\u201d.<\/p>\n\n\n\n<p>Desde las redes sociales, con los hashtags #UNAMHUELGAGENERAL y #UNAMSOCIAL, los estudiantes lanzaron la convocatoria que dividi\u00f3 las opiniones de los usuarios.<\/p>\n\n\n\n<p>\u201cSe mueve en redes esta imagen sobre un supuesto paro en @UNAM_MX. Cu\u00e1ntas veces dej\u00e9 de ir a la universidad por paros de \u2018estudiantes\u2019, quienes ni credencial ten\u00edan, pero eso s\u00ed, bien aguerridos con \u2018la causa\u2019\u201d, escribi\u00f3 un usuario.<\/p>\n\n\n\n<p>Otros se burlaron, unos m\u00e1s recordaron la<strong>&nbsp;huelga estudiantil de 1999<\/strong>&nbsp;contra el aumento de cuotas, que dur\u00f3 nueve meses y que deriv\u00f3 en una campa\u00f1a contra los estudiantes, que dec\u00eda que entre los requisitos laborales estaba que \u201cno se aceptan egresados de la UNAM\u201d.<\/p>\n\n\n\n<p>Hay tambi\u00e9n quienes comparan los hechos recientes con lo sucedido en 2012 con el movimiento&nbsp;<strong>#YoSoy132<\/strong>.<\/p>\n\n\n\n<p>Tambi\u00e9n otros criticaron que, quienes paran labores seguido, no son ni el 1% de la comunidad universitaria: \u201cEn la Facultad de Ingenier\u00eda, el asunto ni siquiera es tema de conversaci\u00f3n\u201d.<\/p>\n\n\n\n<h4 class=\"wp-block-heading\">Puedes leer:\u00a0<a href=\"https:\/\/www.reporteindigo.com\/reporte\/amlo-no-suelta-a-la-unam-fue-puesta-al-servicio-del-regimen-neoliberal-video\/\" target=\"_blank\" rel=\"noreferrer noopener\">AMLO no suelta a la UNAM: \u2018Fue puesta al servicio del r\u00e9gimen neoliberal\u2019 (VIDEO)<\/a><\/h4>\n\n\n\n<p>Fuente: https:\/\/www.reporteindigo.com\/reporte\/convocan-a-paro-en-la-unam-por-las-criticas-de-amlo-exigen-disculpa-publica-del-presidente\/<\/p>\n","protected":false},"excerpt":{"rendered":"<p>Ademas del paro en la UNAM se exige la disculpa p\u00fablica a L\u00f3pez Obrador por haber criticado a la M\u00e1xima [&hellip;]<\/p>\n","protected":false},"author":1,"featured_media":15204,"comment_status":"open","ping_status":"open","sticky":false,"template":"","format":"standard","meta":{"site-sidebar-layout":"default","site-content-layout":"","ast-site-content-layout":"default","site-content-style":"default","site-sidebar-style":"default","ast-global-header-display":"","ast-banner-title-visibility":"","ast-main-header-display":"","ast-hfb-above-header-display":"","ast-hfb-below-header-display":"","ast-hfb-mobile-header-display":"","site-post-title":"","ast-breadcrumbs-content":"","ast-featured-img":"","footer-sml-layout":"","theme-transparent-header-meta":"","adv-header-id-meta":"","stick-header-meta":"","header-above-stick-meta":"","header-main-stick-meta":"","header-below-stick-meta":"","astra-migrate-meta-layouts":"default","ast-page-background-enabled":"default","ast-page-background-meta":{"desktop":{"background-color":"var(--ast-global-color-4)","background-image":"","background-repeat":"repeat","background-position":"center center","background-size":"auto","background-attachment":"scroll","background-type":"","background-media":"","overlay-type":"","overlay-color":"","overlay-opacity":"","overlay-gradient":""},"tablet":{"background-color":"","background-image":"","background-repeat":"repeat","background-position":"center center","background-size":"auto","background-attachment":"scroll","background-type":"","background-media":"","overlay-type":"","overlay-color":"","overlay-opacity":"","overlay-gradient":""},"mobile":{"background-color":"","background-image":"","background-repeat":"repeat","background-position":"center center","background-size":"auto","background-attachment":"scroll","background-type":"","background-media":"","overlay-type":"","overlay-color":"","overlay-opacity":"","overlay-gradient":""}},"ast-content-background-meta":{"desktop":{"background-color":"var(--ast-global-color-5)","background-image":"","background-repeat":"repeat","background-position":"center center","background-size":"auto","background-attachment":"scroll","background-type":"","background-media":"","overlay-type":"","overlay-color":"","overlay-opacity":"","overlay-gradient":""},"tablet":{"background-color":"var(--ast-global-color-5)","background-image":"","background-repeat":"repeat","background-position":"center center","background-size":"auto","background-attachment":"scroll","background-type":"","background-media":"","overlay-type":"","overlay-color":"","overlay-opacity":"","overlay-gradient":""},"mobile":{"background-color":"var(--ast-global-color-5)","background-image":"","background-repeat":"repeat","background-position":"center center","background-size":"auto","background-attachment":"scroll","background-type":"","background-media":"","overlay-type":"","overlay-color":"","overlay-opacity":"","overlay-gradient":""}},"footnotes":""},"categories":[8],"tags":[199,5108,5107,2672],"class_list":["post-15203","post","type-post","status-publish","format-standard","has-post-thumbnail","hentry","category-noticias","tag-amlo","tag-disculpan-a-unam","tag-paro-unam","tag-unam"],"_links":{"self":[{"href":"https:\/\/losperiodistas.com.mx\/portal\/wp-json\/wp\/v2\/posts\/15203","targetHints":{"allow":["GET"]}}],"collection":[{"href":"https:\/\/losperiodistas.com.mx\/portal\/wp-json\/wp\/v2\/posts"}],"about":[{"href":"https:\/\/losperiodistas.com.mx\/portal\/wp-json\/wp\/v2\/types\/post"}],"author":[{"embeddable":true,"href":"https:\/\/losperiodistas.com.mx\/portal\/wp-json\/wp\/v2\/users\/1"}],"replies":[{"embeddable":true,"href":"https:\/\/losperiodistas.com.mx\/portal\/wp-json\/wp\/v2\/comments?post=15203"}],"version-history":[{"count":1,"href":"https:\/\/losperiodistas.com.mx\/portal\/wp-json\/wp\/v2\/posts\/15203\/revisions"}],"predecessor-version":[{"id":15205,"href":"https:\/\/losperiodistas.com.mx\/portal\/wp-json\/wp\/v2\/posts\/15203\/revisions\/15205"}],"wp:featuredmedia":[{"embeddable":true,"href":"https:\/\/losperiodistas.com.mx\/portal\/wp-json\/wp\/v2\/media\/15204"}],"wp:attachment":[{"href":"https:\/\/losperiodistas.com.mx\/portal\/wp-json\/wp\/v2\/media?parent=15203"}],"wp:term":[{"taxonomy":"category","embeddable":true,"href":"https:\/\/losperiodistas.com.mx\/portal\/wp-json\/wp\/v2\/categories?post=15203"},{"taxonomy":"post_tag","embeddable":true,"href":"https:\/\/losperiodistas.com.mx\/portal\/wp-json\/wp\/v2\/tags?post=15203"}],"curies":[{"name":"wp","href":"https:\/\/api.w.org\/{rel}","templated":true}]}}