{"id":15200,"date":"2021-10-28T06:34:26","date_gmt":"2021-10-28T11:34:26","guid":{"rendered":"http:\/\/losperiodistas.com.mx\/portal\/?p=15200"},"modified":"2021-10-28T06:34:27","modified_gmt":"2021-10-28T11:34:27","slug":"poember-el-mes-que-reivindica-la-poesia-hace-falta-leer-mas-para-abrir-la-mente-y-el-corazon-rtve","status":"publish","type":"post","link":"https:\/\/losperiodistas.com.mx\/portal\/poember-el-mes-que-reivindica-la-poesia-hace-falta-leer-mas-para-abrir-la-mente-y-el-corazon-rtve\/","title":{"rendered":"&#8216;Poember&#8217;, el mes que reivindica la poes\u00eda: \u00abHace falta leer m\u00e1s para abrir la mente y el coraz\u00f3n\u00bb | RTVE"},"content":{"rendered":"\n<p style=\"font-size:18px\"><em>Durante noviembre, los usuarios de Instagram\u00a0disfrutan\u00a0de un reto po\u00e9tico que invita a crear y\u00a0leer textos. El movimiento fue creado en 2017 por la poeta sevillana Siracusa Bravo Guerrero<\/em><\/p>\n\n\n\n<p><\/p>\n\n\n\n<figure class=\"wp-block-image size-large\"><img fetchpriority=\"high\" decoding=\"async\" width=\"1024\" height=\"576\" src=\"https:\/\/losperiodistas.com.mx\/portal\/wp-content\/uploads\/2021\/10\/Captura-de-Pantalla-2021-10-28-a-las-6.32.00-1024x576.jpg\" alt=\"\" class=\"wp-image-15201\" srcset=\"https:\/\/losperiodistas.com.mx\/portal\/wp-content\/uploads\/2021\/10\/Captura-de-Pantalla-2021-10-28-a-las-6.32.00-1024x576.jpg 1024w, https:\/\/losperiodistas.com.mx\/portal\/wp-content\/uploads\/2021\/10\/Captura-de-Pantalla-2021-10-28-a-las-6.32.00-300x169.jpg 300w, https:\/\/losperiodistas.com.mx\/portal\/wp-content\/uploads\/2021\/10\/Captura-de-Pantalla-2021-10-28-a-las-6.32.00-768x432.jpg 768w, https:\/\/losperiodistas.com.mx\/portal\/wp-content\/uploads\/2021\/10\/Captura-de-Pantalla-2021-10-28-a-las-6.32.00-1536x864.jpg 1536w, https:\/\/losperiodistas.com.mx\/portal\/wp-content\/uploads\/2021\/10\/Captura-de-Pantalla-2021-10-28-a-las-6.32.00-2048x1152.jpg 2048w\" sizes=\"(max-width: 1024px) 100vw, 1024px\" \/><\/figure>\n\n\n\n<p class=\"has-vivid-cyan-blue-color has-text-color has-medium-font-size\">LAURA G\u00d3MEZ \/ RTVE<\/p>\n\n\n\n<p><strong>La&nbsp;<a href=\"https:\/\/www.rtve.es\/temas\/poesia\/27030\/\" target=\"_blank\" rel=\"noreferrer noopener\">poes\u00eda&nbsp;<\/a>es m\u00e1s que un g\u00e9nero literario<\/strong>, incluso la RAE lo reconoce en la sexta acepci\u00f3n de la palabra. \u201cCualquier persona puede ser poeta si no nos referimos al oficio, sino a una manera de sentir y de vivir, a un estilo de vida\u201d, explica&nbsp;<strong>Siracusa Bravo Guerrero<\/strong>. La&nbsp;<strong>poeta sevillana<\/strong>&nbsp;cre\u00f3 hace cuatro a\u00f1os el mes de&nbsp;<strong>Poember<\/strong>, un movimiento que busca reivindicar, a trav\u00e9s de las redes sociales, la escritura como un beneficioso y necesario encuentro con nuestro yo interior:&nbsp;<strong>\u201cHace falta leer m\u00e1s y m\u00e1s poes\u00eda para abrir la mente y el coraz\u00f3n\u201d<\/strong>.<\/p>\n\n\n\n<p>Poember naci\u00f3 en&nbsp;<strong>2017<\/strong>&nbsp;de la mano de la autora de poemarios como&nbsp;<em>De c\u00f3mo Peter Pan me quit\u00f3 demasiado<\/em>&nbsp;(2011) y consiste en un mes completo, el de noviembre, dedicado a la lectura y escritura de poes\u00eda. Este desaf\u00edo&nbsp;<strong>invita a realizar un poema cada d\u00eda con un t\u00e9rmino dado&nbsp;<\/strong>por la cuenta de Instagram&nbsp;<a href=\"https:\/\/www.instagram.com\/officialpoember\/\" target=\"_blank\" rel=\"noreferrer noopener\">@officialpoember<\/a>. \u201cHay palabras que dan mucho juego y es sorprendente lo que se puede hacer alrededor de ella\u201d, aunque<strong>&nbsp;\u201cen la constancia est\u00e1 el verdadero reto\u201d<\/strong>, apunta la creadora.<\/p>\n\n\n\n<figure class=\"wp-block-pullquote\"><blockquote><p>\u201cHay mucha gente que solo se pasa a leer y eso tambi\u00e9n es parte del Poember\u201c<\/p><\/blockquote><\/figure>\n\n\n\n<p>A trav\u00e9s del&nbsp;<em>hashtag&nbsp;<\/em>#poember, los usuarios comparten sus creaciones y forman un enriquecedor ambiente literario abierto al disfrute de todo el p\u00fablico, participante&nbsp;o no. As\u00ed, el&nbsp;<strong>ejercicio de lectura<\/strong>&nbsp;es tambi\u00e9n una parte importante de Poember.&nbsp;<strong>Cada d\u00eda la cuenta oficial divulga un \u201cpoem\u00f3n\u201d que contiene la palabra<\/strong>&nbsp;de la jornada y que sirve como ejemplo e inspiraci\u00f3n: \u201cHay mucha gente que solo se pasa a leer, no escribe, y eso tambi\u00e9n es bonito y es parte del Poember\u201d.<\/p>\n\n\n\n<figure class=\"wp-block-image\"><img decoding=\"async\" src=\"https:\/\/img2.rtve.es\/im\/6144846\/?w=900\" alt=\"Retrato de la poeta Siracusa Bravo Guerrero\"\/><figcaption>Retrato de la poeta Siracusa Bravo Guerrero&nbsp;<em>RA\u00daL D\u00cdAZ<\/em><\/figcaption><\/figure>\n\n\n\n<p>Ahora, su creadora, que tambi\u00e9n participa en el evento desde su cuenta personal, se encuentra d\u00e1ndole forma a unos<strong>&nbsp;cuadernos que recogen sus \u2018poembers\u2019&nbsp;<\/strong>de los \u00faltimos a\u00f1os. \u201cEspero tenerlos para Navidad\u201d, comenta Bravo Guerrero.<\/p>\n\n\n\n<h3 class=\"wp-block-heading\"><strong>Origen y significado del movimiento<\/strong><\/h3>\n\n\n\n<p>La inspiraci\u00f3n que gest\u00f3 Poember lleg\u00f3 a la poeta gracias a los ejercicios de escritura que realiza en sus talleres literarios y al ejemplo de otro movimiento, el&nbsp;<strong>Inktober<\/strong>. Durante el mes de octubre, el Inktober ofrece una lista de palabras sobre las que dibujar diariamente desde 2016. \u00ab<strong>\u00bfPor qu\u00e9 no hacer un reto de escritura?\u00bb<\/strong>, se pregunt\u00f3 la poeta al unir ambas experiencias.<\/p>\n\n\n\n<p>Entonces y durante un encuentro literario, el de&nbsp;<em>Verso adentro<\/em>, sus compa\u00f1eros afianzaron la imagen simiente: \u201cLa coment\u00e9, les encant\u00f3 y vine con la idea fija\u201d. En cuanto a la fecha, la influencia de la pel\u00edcula<strong>&nbsp;<em>Noviembre dulce<\/em><\/strong>&nbsp;fue decisiva. As\u00ed&nbsp;<strong><em>poem&nbsp;<\/em>(poema)&nbsp;<\/strong>y&nbsp;<strong><em>november&nbsp;<\/em>(noviembre)<\/strong>&nbsp;se unieron para crear un divertido, creativo y did\u00e1ctico reto que dura todo el mes.<\/p>\n\n\n\n<figure class=\"wp-block-image\"><img decoding=\"async\" src=\"https:\/\/img2.rtve.es\/im\/6144847\/?w=450\" alt=\"Reglas sugeridas del reto de Poember\"\/><figcaption>Reglas sugeridas del reto de Poember<\/figcaption><\/figure>\n\n\n\n<p>\u201cPrimero elijo los autores, despu\u00e9s los poemas de dichos autores y, cuando los tengo, decidido las palabras\u201d, explica.&nbsp;<strong>El criterio de elecci\u00f3n no es aleatorio<\/strong>, apunta la poeta, sino que busca&nbsp;<strong>diversidad&nbsp;<\/strong>tanto en las palabras como en los escritores. \u201cTiene que haber un poco de todo: sustantivos, adjetivos, verbos e incluso adverbios\u201d, adem\u00e1s de autores cl\u00e1sicos, contempor\u00e1neos o desconocidos. \u201cEste a\u00f1o saco a una chica sevillana que escribi\u00f3 su primer libro con 17 a\u00f1os\u201d, ya que Poember trata tambi\u00e9n de dar voz a autores noveles.&nbsp;<\/p>\n\n\n\n<figure class=\"wp-block-pullquote\"><blockquote><p>\u201cNos brinda la oportunidad de que alguien con talento salga a la luz\u201c<\/p><\/blockquote><\/figure>\n\n\n\n<p>Asimismo, la exposici\u00f3n que proporciona&nbsp;el&nbsp;<em>hashtag&nbsp;<\/em>de #poember es aprovechada por&nbsp;<strong>autores emergentes<\/strong>&nbsp;como&nbsp;<strong>Miguel Pe\u00f1arrubia<\/strong>, mejor conocido como Malatinta: \u201cVi un mont\u00f3n de artistas compartiendo cosas muy interesantes y vi en ello una posibilidad mayor de darme a conocer\u201d. \u201cMuchos lectores se pasan por las cuentas de los participantes por el simple hecho de disfrutar\u201d, de modo que el movimiento&nbsp;<strong>\u201cnos brinda la oportunidad de que alguien con talento, pero sin difusi\u00f3n salga a la luz\u201d<\/strong>.<\/p>\n\n\n\n<h3 class=\"wp-block-heading\"><strong>\u00abUn momento al d\u00eda para estar contigo mismo\u00bb<\/strong><\/h3>\n\n\n\n<p>Para su creadora, participar en Poember significa&nbsp;<strong>\u201cdedicar un momento al d\u00eda para estar contigo mismo\u201d<\/strong>, algo que a muchas personas nos resulta dif\u00edcil. \u201cAnimo a que todo el que quiera escriba un texto con sus pensamientos, con sus emociones\u201d, porque \u201chay muchas veces que se nos olvida que tenemos que mirarnos por dentro\u201d. Seg\u00fan Bravo Guerrero,&nbsp;<strong>cualquier edad es buena<\/strong>&nbsp;para disfrutar del&nbsp;movimiento: \u201cDentro de los que los participantes comparten, seguro que hay alg\u00fan poema que les puedas leer a tus ni\u00f1os. Si se hiciera en familia yo estar\u00eda encantada\u201d.<\/p>\n\n\n\n<figure class=\"wp-block-pullquote\"><blockquote><p>\u201cCon la poes\u00eda te pones el traje del poema, t\u00fa eres quien lo habita\u201c<\/p><\/blockquote><\/figure>\n\n\n\n<p>Dicen que los h\u00e1bitos se crean a los 21 d\u00edas, por lo que los 30 de Poember presentan una muy buena oportunidad para<strong>&nbsp;afianzar la costumbre de leerse y conocerse a uno mismo<\/strong>. Para la sevillana, el beneficio de la poes\u00eda proviene de que no es una historia inventada, sino un encuentro privado. \u201cTienes que habitar sensaciones, sentimientos, pensamientos, emociones\u2026\u201d, por lo que \u00abno es una m\u00e1scara&nbsp;ni&nbsp;el personaje de un libro\u00bb. \u201cTe ves a ti mismo. Con la poes\u00eda te pones el traje del poema, t\u00fa eres quien lo viste, quien lo habita\u201d, explica Bravo Guerrero.<\/p>\n\n\n\n<p>De acuerdo con\u00a0<strong>Antonio<\/strong>, un\u00a0<strong>estudiante\u00a0<\/strong>que lleva dos a\u00f1os participando en el reto po\u00e9tico, este mes es<strong>\u00a0una oportunidad para \u00abexpresar lo que sientes\u00bb.<\/strong>\u00a0\u201cLo conoc\u00ed gracias a mi novia, empezamos a hacerlo como una competici\u00f3n, pero yo quer\u00eda dedic\u00e1rselo a ella\u201d, explica. El joven observa en el movimiento un buen ejercicio mental que \u201cayuda a compartir con el mundo esa parte de arte que todos tenemos\u201d. No obstante, la publicidad no es necesaria\u00a0para disfrutar de Poember: \u00abAl no postear nada en Instagram, creo que el beneficio es el compartir con quien amas la poes\u00eda\u201d.\u00a0<\/p>\n\n\n\n<p>Fuente: https:\/\/www.rtve.es\/noticias\/20211027\/poember-mes-reivindica-poesia\/2193515.shtml<\/p>\n","protected":false},"excerpt":{"rendered":"<p>Durante noviembre, los usuarios de Instagram\u00a0disfrutan\u00a0de un reto po\u00e9tico que invita a crear y\u00a0leer textos. El movimiento fue creado en [&hellip;]<\/p>\n","protected":false},"author":1,"featured_media":15201,"comment_status":"open","ping_status":"open","sticky":false,"template":"","format":"standard","meta":{"site-sidebar-layout":"default","site-content-layout":"","ast-site-content-layout":"default","site-content-style":"default","site-sidebar-style":"default","ast-global-header-display":"","ast-banner-title-visibility":"","ast-main-header-display":"","ast-hfb-above-header-display":"","ast-hfb-below-header-display":"","ast-hfb-mobile-header-display":"","site-post-title":"","ast-breadcrumbs-content":"","ast-featured-img":"","footer-sml-layout":"","theme-transparent-header-meta":"","adv-header-id-meta":"","stick-header-meta":"","header-above-stick-meta":"","header-main-stick-meta":"","header-below-stick-meta":"","astra-migrate-meta-layouts":"default","ast-page-background-enabled":"default","ast-page-background-meta":{"desktop":{"background-color":"var(--ast-global-color-4)","background-image":"","background-repeat":"repeat","background-position":"center center","background-size":"auto","background-attachment":"scroll","background-type":"","background-media":"","overlay-type":"","overlay-color":"","overlay-opacity":"","overlay-gradient":""},"tablet":{"background-color":"","background-image":"","background-repeat":"repeat","background-position":"center center","background-size":"auto","background-attachment":"scroll","background-type":"","background-media":"","overlay-type":"","overlay-color":"","overlay-opacity":"","overlay-gradient":""},"mobile":{"background-color":"","background-image":"","background-repeat":"repeat","background-position":"center center","background-size":"auto","background-attachment":"scroll","background-type":"","background-media":"","overlay-type":"","overlay-color":"","overlay-opacity":"","overlay-gradient":""}},"ast-content-background-meta":{"desktop":{"background-color":"var(--ast-global-color-5)","background-image":"","background-repeat":"repeat","background-position":"center center","background-size":"auto","background-attachment":"scroll","background-type":"","background-media":"","overlay-type":"","overlay-color":"","overlay-opacity":"","overlay-gradient":""},"tablet":{"background-color":"var(--ast-global-color-5)","background-image":"","background-repeat":"repeat","background-position":"center center","background-size":"auto","background-attachment":"scroll","background-type":"","background-media":"","overlay-type":"","overlay-color":"","overlay-opacity":"","overlay-gradient":""},"mobile":{"background-color":"var(--ast-global-color-5)","background-image":"","background-repeat":"repeat","background-position":"center center","background-size":"auto","background-attachment":"scroll","background-type":"","background-media":"","overlay-type":"","overlay-color":"","overlay-opacity":"","overlay-gradient":""}},"footnotes":""},"categories":[8],"tags":[5105,3036,5106],"class_list":["post-15200","post","type-post","status-publish","format-standard","has-post-thumbnail","hentry","category-noticias","tag-officialpoember","tag-instagram","tag-poember"],"_links":{"self":[{"href":"https:\/\/losperiodistas.com.mx\/portal\/wp-json\/wp\/v2\/posts\/15200","targetHints":{"allow":["GET"]}}],"collection":[{"href":"https:\/\/losperiodistas.com.mx\/portal\/wp-json\/wp\/v2\/posts"}],"about":[{"href":"https:\/\/losperiodistas.com.mx\/portal\/wp-json\/wp\/v2\/types\/post"}],"author":[{"embeddable":true,"href":"https:\/\/losperiodistas.com.mx\/portal\/wp-json\/wp\/v2\/users\/1"}],"replies":[{"embeddable":true,"href":"https:\/\/losperiodistas.com.mx\/portal\/wp-json\/wp\/v2\/comments?post=15200"}],"version-history":[{"count":1,"href":"https:\/\/losperiodistas.com.mx\/portal\/wp-json\/wp\/v2\/posts\/15200\/revisions"}],"predecessor-version":[{"id":15202,"href":"https:\/\/losperiodistas.com.mx\/portal\/wp-json\/wp\/v2\/posts\/15200\/revisions\/15202"}],"wp:featuredmedia":[{"embeddable":true,"href":"https:\/\/losperiodistas.com.mx\/portal\/wp-json\/wp\/v2\/media\/15201"}],"wp:attachment":[{"href":"https:\/\/losperiodistas.com.mx\/portal\/wp-json\/wp\/v2\/media?parent=15200"}],"wp:term":[{"taxonomy":"category","embeddable":true,"href":"https:\/\/losperiodistas.com.mx\/portal\/wp-json\/wp\/v2\/categories?post=15200"},{"taxonomy":"post_tag","embeddable":true,"href":"https:\/\/losperiodistas.com.mx\/portal\/wp-json\/wp\/v2\/tags?post=15200"}],"curies":[{"name":"wp","href":"https:\/\/api.w.org\/{rel}","templated":true}]}}