{"id":15197,"date":"2021-10-28T06:11:04","date_gmt":"2021-10-28T11:11:04","guid":{"rendered":"http:\/\/losperiodistas.com.mx\/portal\/?p=15197"},"modified":"2021-10-28T06:11:05","modified_gmt":"2021-10-28T11:11:05","slug":"efemerides-del-28-de-octubre-que-paso-un-dia-como-hoy-adn-40","status":"publish","type":"post","link":"https:\/\/losperiodistas.com.mx\/portal\/efemerides-del-28-de-octubre-que-paso-un-dia-como-hoy-adn-40\/","title":{"rendered":"Efem\u00e9rides del 28 de octubre: Qu\u00e9 pas\u00f3 un d\u00eda como hoy | ADN 40"},"content":{"rendered":"\n<p style=\"font-size:18px\"><em>El 28 de octubre se celebra el \u201cD\u00eda Mundial de la animaci\u00f3n\u201d. Conoce las efem\u00e9rides de este d\u00eda.<\/em><\/p>\n\n\n\n<p><\/p>\n\n\n\n<figure class=\"wp-block-image size-large\"><img fetchpriority=\"high\" decoding=\"async\" width=\"968\" height=\"650\" src=\"https:\/\/losperiodistas.com.mx\/portal\/wp-content\/uploads\/2021\/10\/Efeme-oct-28.jpeg\" alt=\"\" class=\"wp-image-15198\" srcset=\"https:\/\/losperiodistas.com.mx\/portal\/wp-content\/uploads\/2021\/10\/Efeme-oct-28.jpeg 968w, https:\/\/losperiodistas.com.mx\/portal\/wp-content\/uploads\/2021\/10\/Efeme-oct-28-300x201.jpeg 300w, https:\/\/losperiodistas.com.mx\/portal\/wp-content\/uploads\/2021\/10\/Efeme-oct-28-768x516.jpeg 768w\" sizes=\"(max-width: 968px) 100vw, 968px\" \/><\/figure>\n\n\n\n<p><\/p>\n\n\n\n<p class=\"has-vivid-cyan-blue-color has-text-color has-medium-font-size\">ADN 40<\/p>\n\n\n\n<h2 class=\"wp-block-heading\">Qu\u00e9 se conmemora cada 28 de octubre<\/h2>\n\n\n\n<h3 class=\"wp-block-heading\">D\u00eda Mundial de la Animaci\u00f3n<\/h3>\n\n\n\n<p>Un&nbsp;<strong>28 de octubre<\/strong>, pero de 1892 el pionero del cine franc\u00e9s, Charles-\u00c9mile Reynauden realiz\u00f3 en el Museo Gr\u00e9vin de Par\u00eds (Francia) las&nbsp;<em>Pantomimas Luminosas<\/em>, primera proyecci\u00f3n p\u00fablica de cine animado. Por esta raz\u00f3n se celebra el \u2018D\u00eda Mundial de la Animaci\u00f3n\u2019.PUBLICIDAD<\/p>\n\n\n\n<h3 class=\"wp-block-heading\">D\u00eda Mundial del Judo<\/h3>\n\n\n\n<figure class=\"wp-block-image\"><img decoding=\"async\" src=\"https:\/\/tvazteca.brightspotcdn.com\/dims4\/default\/46d52b1\/2147483647\/strip\/true\/crop\/1600x950+0+0\/resize\/968x575!\/format\/jpg\/quality\/80\/?url=https%3A%2F%2Ftvazteca.brightspotcdn.com%2F0e%2Ff1%2F434e713c3e9eeb67d4f2e3c91e8a%2Fjudo-1773109.jpg\" alt=\"Judo\"\/><\/figure>\n\n\n\n<p>En esta<strong>&nbsp;efem\u00e9rides<\/strong>&nbsp;se celebra el d\u00eda de este arte marcial, fecha del d\u00eda de cumplea\u00f1os del creador del Judo, Jigoro Kano.<\/p>\n\n\n\n<h2 class=\"wp-block-heading\">Efem\u00e9rides del 28 de octubre de 2021<\/h2>\n\n\n\n<p>1492: En las islas Bahamas, el espa\u00f1ol Rodrigo de Jerez es el primer occidental que ve a los indios fumando tabaco y el primero en imitarlos.<\/p>\n\n\n\n<p>1538: En la villa de Santo Domingo, en la isla La Espa\u00f1ola, en medio del mar Caribe, se funda la Real y Pontificia Universidad de Santo Tom\u00e1s de Aquino, la primera Universidad de Am\u00e9rica.<\/p>\n\n\n\n<p>1862: En Caimito de la Han\u00e1bana (provincia de Matanzas), el ni\u00f1o patriota cubano Jos\u00e9 Mart\u00ed escribe su primera carta conocida, dirigida a su madre, Leonor P\u00e9rez.<\/p>\n\n\n\n<p><br>1886: En Estados Unidos, el presidente Grover Cleveland inaugura la Estatua de la Libertad, regalada por Francia.<\/p>\n\n\n\n<p>1892: En Par\u00eds (Francia), el precursor del cine \u00c9mile Reynaud estrena sus&nbsp;<em>Pantomimas luminosas<\/em>&nbsp;\u2015pel\u00edculas animadas mediante el sistema conocido como teatro \u00f3ptico\u2015. Este hecho se reconoce como el inicio de los dibujos animados.<\/p>\n\n\n\n<p>1930: En los Estados Unidos, Pablo Picasso gana el primer premio internacional de pintura Carnegie.<\/p>\n\n\n\n<figure class=\"wp-block-image\"><img decoding=\"async\" src=\"https:\/\/tvazteca.brightspotcdn.com\/dims4\/default\/6ec922d\/2147483647\/strip\/true\/crop\/627x363+0+0\/resize\/968x560!\/format\/jpg\/quality\/80\/?url=https%3A%2F%2Ftvazteca.brightspotcdn.com%2F00%2F90%2Fd019564d9bf5b693d6c09cc766ea%2Fpicasso-1846755.jpg\" alt=\"picasso\"\/><\/figure>\n\n\n\n<p>1937: Se funda la Sociedad Mexicana de Antropolog\u00eda.<\/p>\n\n\n\n<p>1940: Inicio de la Guerra Greco-Italiana con la entrada de Grecia en la Segunda Guerra Mundial.<\/p>\n\n\n\n<p>1951: En Catalu\u00f1a (Espa\u00f1a), el piloto argentino Juan Manuel Fangio gana su primer t\u00edtulo mundial de F\u00f3rmula 1.<\/p>\n\n\n\n<p>1958: En la Ciudad del Vaticano, el cardenal \u00c1ngelo Giuseppe Roncalli es elegido papa, y adopta el nombre de Juan XXIII.<\/p>\n\n\n\n<p>1959: En el estrecho de la Florida desaparece la avioneta Cessna que trasladaba desde Camag\u00fcey a La Habana (500 km) al comandante Camilo Cienfuegos.<\/p>\n\n\n\n<p>1959: En M\u00e9xico, un hurac\u00e1n categor\u00eda 5 provoca inundaciones en el estado de Colima, matando a 1800 personas en la regi\u00f3n (Hurac\u00e1n de M\u00e9xico de 1959).<\/p>\n\n\n\n<p>1962: En Washington (Estados Unidos), el presidente John F. Kennedy se compromete a dejar de intentar invadir Cuba, y la Uni\u00f3n Sovi\u00e9tica retira los misiles at\u00f3micos instalados en Cuba. Finaliza la Crisis de los Misiles.<\/p>\n\n\n\n<p>1967: El gobierno de Estados Unidos, a trav\u00e9s de su presidente Lyndon B. Johnson, hace entrega a M\u00e9xico de la porci\u00f3n territorial denominada \u201cEl Chamizal\u201d.<\/p>\n\n\n\n<p>1975: El gobierno mexicano y la Facultad Latinoamericana de Ciencias Sociales, firman un acuerdo para establecer la sede FLACSO de M\u00e9xico.<\/p>\n\n\n\n<p>1981: En los Estados Unidos, Lars Ulrich y James Hetfield forman la banda de thrash metal&nbsp;<em><a href=\"https:\/\/www.adn40.mx\/cultura\/metallica-the-black-album-lmo\" target=\"_blank\" rel=\"noreferrer noopener\">Metallica&nbsp;<\/a><\/em>.<\/p>\n\n\n\n<figure class=\"wp-block-image\"><img decoding=\"async\" src=\"https:\/\/tvazteca.brightspotcdn.com\/dims4\/default\/fbad644\/2147483647\/strip\/true\/crop\/770x420+0+0\/resize\/968x528!\/format\/jpg\/quality\/80\/?url=https%3A%2F%2Ftvazteca.brightspotcdn.com%2F09%2F9d%2F2f6a78d446268e794752d89bf8e0%2Fcandidato-metallica-reynosa.jpg\" alt=\"Carlos Augusto Gonz\u00e1lez, candidato del Verde Ecologista a la presidencia municipal de Reynosa, Tamaulipas prometi\u00f3 llevar a \u201cMetallica\u201d si gana.\"\/><figcaption>Candidato del Verde promete llevar a Metallica a Reynosa<\/figcaption><\/figure>\n\n\n\n<p>1988: Francia autoriza la&nbsp;<a href=\"https:\/\/www.adn40.mx\/noticia\/salud\/notas\/2019-12-05-11-58\/desarrollan-pildora-anticonceptiva-de-dosis-mensual\" target=\"_blank\" rel=\"noreferrer noopener\">p\u00edldora abortiva&nbsp;<\/a>conocida como Mifepristone.<\/p>\n\n\n\n<p>1993: Bor\u00eds Yeltsin decreta la propiedad privada del suelo en Rusia.<\/p>\n\n\n\n<p>2005: En Venezuela, el presidente Hugo Ch\u00e1vez declara al pa\u00eds \u2018territorio libre de analfabetismo\u2019.<\/p>\n\n\n\n<p>2005: M\u00e9xico se convierte en el cent\u00e9simo pa\u00eds que ratifica el estatuto de la Corte Penal Internacional.<\/p>\n\n\n\n<p>2007: En los estados mexicanos de Tabasco y Chiapas se producen fuertes inundaciones.<\/p>\n\n\n\n<p>Fuente: https:\/\/www.adn40.mx\/mexico\/efemerides-28-de-octubre-gm-especial<\/p>\n","protected":false},"excerpt":{"rendered":"<p>El 28 de octubre se celebra el \u201cD\u00eda Mundial de la animaci\u00f3n\u201d. Conoce las efem\u00e9rides de este d\u00eda. ADN 40 [&hellip;]<\/p>\n","protected":false},"author":1,"featured_media":15198,"comment_status":"open","ping_status":"open","sticky":false,"template":"","format":"standard","meta":{"site-sidebar-layout":"default","site-content-layout":"","ast-site-content-layout":"default","site-content-style":"default","site-sidebar-style":"default","ast-global-header-display":"","ast-banner-title-visibility":"","ast-main-header-display":"","ast-hfb-above-header-display":"","ast-hfb-below-header-display":"","ast-hfb-mobile-header-display":"","site-post-title":"","ast-breadcrumbs-content":"","ast-featured-img":"","footer-sml-layout":"","theme-transparent-header-meta":"","adv-header-id-meta":"","stick-header-meta":"","header-above-stick-meta":"","header-main-stick-meta":"","header-below-stick-meta":"","astra-migrate-meta-layouts":"default","ast-page-background-enabled":"default","ast-page-background-meta":{"desktop":{"background-color":"var(--ast-global-color-4)","background-image":"","background-repeat":"repeat","background-position":"center center","background-size":"auto","background-attachment":"scroll","background-type":"","background-media":"","overlay-type":"","overlay-color":"","overlay-opacity":"","overlay-gradient":""},"tablet":{"background-color":"","background-image":"","background-repeat":"repeat","background-position":"center center","background-size":"auto","background-attachment":"scroll","background-type":"","background-media":"","overlay-type":"","overlay-color":"","overlay-opacity":"","overlay-gradient":""},"mobile":{"background-color":"","background-image":"","background-repeat":"repeat","background-position":"center center","background-size":"auto","background-attachment":"scroll","background-type":"","background-media":"","overlay-type":"","overlay-color":"","overlay-opacity":"","overlay-gradient":""}},"ast-content-background-meta":{"desktop":{"background-color":"var(--ast-global-color-5)","background-image":"","background-repeat":"repeat","background-position":"center center","background-size":"auto","background-attachment":"scroll","background-type":"","background-media":"","overlay-type":"","overlay-color":"","overlay-opacity":"","overlay-gradient":""},"tablet":{"background-color":"var(--ast-global-color-5)","background-image":"","background-repeat":"repeat","background-position":"center center","background-size":"auto","background-attachment":"scroll","background-type":"","background-media":"","overlay-type":"","overlay-color":"","overlay-opacity":"","overlay-gradient":""},"mobile":{"background-color":"var(--ast-global-color-5)","background-image":"","background-repeat":"repeat","background-position":"center center","background-size":"auto","background-attachment":"scroll","background-type":"","background-media":"","overlay-type":"","overlay-color":"","overlay-opacity":"","overlay-gradient":""}},"footnotes":""},"categories":[8],"tags":[5104,5100,5103,5102,5101],"class_list":["post-15197","post","type-post","status-publish","format-standard","has-post-thumbnail","hentry","category-noticias","tag-dia-mundial-de-la-animacion","tag-el-chamizal","tag-jigoro-kano","tag-judo","tag-real-y-pontificia-universidad-de-santo-tomas-de-aquino"],"_links":{"self":[{"href":"https:\/\/losperiodistas.com.mx\/portal\/wp-json\/wp\/v2\/posts\/15197","targetHints":{"allow":["GET"]}}],"collection":[{"href":"https:\/\/losperiodistas.com.mx\/portal\/wp-json\/wp\/v2\/posts"}],"about":[{"href":"https:\/\/losperiodistas.com.mx\/portal\/wp-json\/wp\/v2\/types\/post"}],"author":[{"embeddable":true,"href":"https:\/\/losperiodistas.com.mx\/portal\/wp-json\/wp\/v2\/users\/1"}],"replies":[{"embeddable":true,"href":"https:\/\/losperiodistas.com.mx\/portal\/wp-json\/wp\/v2\/comments?post=15197"}],"version-history":[{"count":1,"href":"https:\/\/losperiodistas.com.mx\/portal\/wp-json\/wp\/v2\/posts\/15197\/revisions"}],"predecessor-version":[{"id":15199,"href":"https:\/\/losperiodistas.com.mx\/portal\/wp-json\/wp\/v2\/posts\/15197\/revisions\/15199"}],"wp:featuredmedia":[{"embeddable":true,"href":"https:\/\/losperiodistas.com.mx\/portal\/wp-json\/wp\/v2\/media\/15198"}],"wp:attachment":[{"href":"https:\/\/losperiodistas.com.mx\/portal\/wp-json\/wp\/v2\/media?parent=15197"}],"wp:term":[{"taxonomy":"category","embeddable":true,"href":"https:\/\/losperiodistas.com.mx\/portal\/wp-json\/wp\/v2\/categories?post=15197"},{"taxonomy":"post_tag","embeddable":true,"href":"https:\/\/losperiodistas.com.mx\/portal\/wp-json\/wp\/v2\/tags?post=15197"}],"curies":[{"name":"wp","href":"https:\/\/api.w.org\/{rel}","templated":true}]}}