{"id":15194,"date":"2021-10-28T06:05:38","date_gmt":"2021-10-28T11:05:38","guid":{"rendered":"http:\/\/losperiodistas.com.mx\/portal\/?p=15194"},"modified":"2021-10-28T06:05:40","modified_gmt":"2021-10-28T11:05:40","slug":"como-la-comercializacion-a-lo-largo-de-los-siglos-transformo-el-dia-de-muertos-the-conversation","status":"publish","type":"post","link":"https:\/\/losperiodistas.com.mx\/portal\/como-la-comercializacion-a-lo-largo-de-los-siglos-transformo-el-dia-de-muertos-the-conversation\/","title":{"rendered":"C\u00f3mo la comercializaci\u00f3n a lo largo de los siglos transform\u00f3 el D\u00eda de Muertos | The Conversation"},"content":{"rendered":"\n<p><\/p>\n\n\n\n<figure class=\"wp-block-image size-large\"><img fetchpriority=\"high\" decoding=\"async\" width=\"1024\" height=\"685\" src=\"https:\/\/losperiodistas.com.mx\/portal\/wp-content\/uploads\/2021\/10\/Captura-de-Pantalla-2021-10-28-a-las-6.00.48-1024x685.jpg\" alt=\"\" class=\"wp-image-15195\" srcset=\"https:\/\/losperiodistas.com.mx\/portal\/wp-content\/uploads\/2021\/10\/Captura-de-Pantalla-2021-10-28-a-las-6.00.48-1024x685.jpg 1024w, https:\/\/losperiodistas.com.mx\/portal\/wp-content\/uploads\/2021\/10\/Captura-de-Pantalla-2021-10-28-a-las-6.00.48-300x201.jpg 300w, https:\/\/losperiodistas.com.mx\/portal\/wp-content\/uploads\/2021\/10\/Captura-de-Pantalla-2021-10-28-a-las-6.00.48-768x513.jpg 768w, https:\/\/losperiodistas.com.mx\/portal\/wp-content\/uploads\/2021\/10\/Captura-de-Pantalla-2021-10-28-a-las-6.00.48-1536x1027.jpg 1536w, https:\/\/losperiodistas.com.mx\/portal\/wp-content\/uploads\/2021\/10\/Captura-de-Pantalla-2021-10-28-a-las-6.00.48.jpg 1846w\" sizes=\"(max-width: 1024px) 100vw, 1024px\" \/><figcaption>El marketing masivo del D\u00eda de Muertos es evidente en los disfraces que la gente compra para ese d\u00eda.\u00a0<br><a href=\"https:\/\/www.gettyimages.com\/detail\/photo\/people-in-traditional-costume-celebrating-day-of-royalty-free-image\/565802883?adppopup=true\">Im\u00e1genes de Man Hon Lam \/ Eye Em Getty<\/a><\/figcaption><\/figure>\n\n\n\n<p><\/p>\n\n\n\n<p class=\"has-vivid-cyan-blue-color has-text-color has-medium-font-size\">MATHEW SANDOVAL \/ THE CONVERSATION<\/p>\n\n\n\n<p>Como mexicano-estadounidense que celebra el D\u00eda de los Muertos, o el D\u00eda de los Muertos, a fines de octubre y principios de noviembre, he notado una creciente preocupaci\u00f3n en los \u00faltimos a\u00f1os de que la festividad se est\u00e9 volviendo m\u00e1s comercializada.<\/p>\n\n\n\n<p>De hecho, para aquellos que consideran sagrada la festividad, es discordante ver hasta qu\u00e9 punto se comercializa ahora en masa.&nbsp;La evidencia est\u00e1 en todas partes.&nbsp;Los&nbsp;<a href=\"https:\/\/www.target.com\/c\/dia-de-muertos\/-\/N-fvppu?Nao=0\">pasillos<\/a>&nbsp;festivos&nbsp;<a href=\"https:\/\/www.target.com\/c\/dia-de-muertos\/-\/N-fvppu?Nao=0\">de Target<\/a>&nbsp;est\u00e1n llenos de artesan\u00edas baratas del D\u00eda de los Muertos durante octubre.&nbsp;Las tiendas de Halloween venden&nbsp;<a href=\"https:\/\/www.spirithalloween.com\/product\/adult-lady-of-the-dead-costume\/215745.uts?Extid=sf_froogle\">disfraces del D\u00eda de los Muertos<\/a>&nbsp;.&nbsp;Nike hace D\u00eda de los muertos&nbsp;<a href=\"https:\/\/www.nicekicks.com\/nike-dia-de-los-muertos-collection-2021-release-date\/\">zapatos<\/a>&nbsp;.&nbsp;California y Arizona venden&nbsp;<a href=\"https:\/\/arizonalottely.com\/scratchers\/1289-celebrando-dia-de-los-muertos\/\">boletos de loter\u00eda<\/a>&nbsp;del D\u00eda de los Muertos&nbsp;.&nbsp;<a href=\"https:\/\/www.cnn.com\/2013\/05\/10\/us\/disney-trademark-day-dead\/index.html\">Disney trat\u00f3 de registrar la marca registrada<\/a>&nbsp;\u00abD\u00eda de los Muertos\u00bb antes de su pel\u00edcula de 2017 \u00abCoco\u00bb.&nbsp;Los ejemplos siguen y siguen.<\/p>\n\n\n\n<p>La conclusi\u00f3n es que el D\u00eda de los Muertos y sus im\u00e1genes asociadas, cr\u00e1neos y esqueletos se han puesto de moda y son una excelente oportunidad para que las empresas obtengan ganancias.<\/p>\n\n\n\n<p>Pero como&nbsp;<a href=\"https:\/\/isearch.asu.edu\/profile\/2740395\">investigador<\/a>&nbsp;de la cultura y el desempe\u00f1o, s\u00e9 muy bien que la verdad es que el D\u00eda de Muertos siempre se ha mercantilizado.<\/p>\n\n\n\n<h2 class=\"wp-block-heading\">Las ra\u00edces de la comercializaci\u00f3n<\/h2>\n\n\n\n<p>El D\u00eda de Muertos es lo que el antrop\u00f3logo&nbsp;<a href=\"https:\/\/press.princeton.edu\/our-authors\/nutini-hugo-gino\">Hugo Nutini<\/a>&nbsp;llama una&nbsp;<a href=\"https:\/\/press.princeton.edu\/books\/hardcover\/9780691634708\/todos-santos-in-rural-tlaxcala\">fiesta sincr\u00e9tica<\/a>&nbsp;, lo que significa que es un producto cultural de dos tradiciones religiosas diferentes que se hibridaron durante la colonizaci\u00f3n europea de las Am\u00e9ricas.<\/p>\n\n\n\n<p>El D\u00eda de Muertos re\u00fane las fiestas anuales de difuntos celebradas por culturas ind\u00edgenas prehisp\u00e1nicas como los pueblos azteca, maya, zapoteca y mixteca.&nbsp;Durante el per\u00edodo colonial de 300 a\u00f1os de M\u00e9xico, que comenz\u00f3 en 1521, estos rituales ind\u00edgenas se fusionaron con los d\u00edas santos cat\u00f3licos espa\u00f1oles para los muertos conocidos como Todos los Santos, celebrados el 1 de noviembre y Todos los Santos el 2 de noviembre.<\/p>\n\n\n\n<p>Los primeros cronistas espa\u00f1oles en Mesoam\u00e9rica como Diego Duran y Bernardino Sahag\u00fan documentaron las fiestas aztecas por los muertos conocidas como Miccailhuitontli y Huey Miccailhuitl.&nbsp;Dur\u00e1n escribi\u00f3 en la d\u00e9cada de 1570 que estaba&nbsp;<a href=\"https:\/\/oupress.com\/books\/9780735\/history-of-the-indies-of-new-spain\">asombrado al ver cu\u00e1n generosamente<\/a>&nbsp;gastaban los aztecas en suministros para sus ofrendas a los muertos.<\/p>\n\n\n\n<p>Sahag\u00fan&nbsp;<a href=\"https:\/\/uofupress.lib.utah.edu\/florentine-codex-full-set\/\">not\u00f3 el abrumador bullicio y la actividad financiera<\/a>&nbsp;que tuvo lugar en el mercado de la ciudad capital de Tenochtitl\u00e1n, la actual Ciudad de M\u00e9xico, durante las fiestas rituales aztecas.<\/p>\n\n\n\n<p>Se vend\u00eda todo tipo de alimentos y bienes a los ciudadanos para&nbsp;<a href=\"https:\/\/www.wiley.com\/en-us\/The+Aztecs%2C+3rd+Edition-p-9781405194976\">celebrar las<\/a>&nbsp;fiestas&nbsp;<a href=\"https:\/\/www.wiley.com\/en-us\/The+Aztecs%2C+3rd+Edition-p-9781405194976\">aztecas<\/a>&nbsp;de los muertos.&nbsp;A este respecto, no hab\u00eda mucha distinci\u00f3n entre actividad comercial y religiosa.&nbsp;Las fiestas religiosas&nbsp;<a href=\"https:\/\/doi.org\/10.1007\/978-0-306-48246-5_9\">apoyaban al mercado<\/a>&nbsp;y viceversa.<\/p>\n\n\n\n<p>La religi\u00f3n cat\u00f3lica tambi\u00e9n enfatiz\u00f3 la actividad comercial en relaci\u00f3n con Todos los Santos y el D\u00eda de los Difuntos.&nbsp;Seg\u00fan la creencia cat\u00f3lica de los siglos XVI y XVII, la mayor\u00eda de las almas aterrizaba en el purgatorio despu\u00e9s de la muerte, en lugar del cielo o el infierno.&nbsp;Era responsabilidad de los vivos ayudar a aliviar el sufrimiento de las almas en el purgatorio y ayudarlas a llegar al cielo.&nbsp;Esto se puede hacer a trav\u00e9s de la oraci\u00f3n o&nbsp;<a href=\"https:\/\/www.jstor.org\/stable\/179316\">haciendo ofrendas<\/a>&nbsp;a las almas.<\/p>\n\n\n\n<p>En M\u00e9xico, eso significaba que los colonizadores espa\u00f1oles y los cat\u00f3licos ind\u00edgenas reci\u00e9n convertidos ten\u00edan la tarea de&nbsp;<a href=\"https:\/\/press.princeton.edu\/books\/paperback\/9781890951542\/death-and-the-idea-of-mexico\">comprar<\/a>&nbsp;directamente de la iglesia velas y otros art\u00edculos religiosos que pudieran usarse en ofrendas a las almas del purgatorio.&nbsp;Adem\u00e1s, pod\u00edan pagar a su sacerdote local para que&nbsp;<a href=\"https:\/\/www.worldcat.org\/title\/treasury-of-mexican-folkways-the-customs-myths-folklore-traditions-beliefs-fiestas-dances-and-songs-of-the-mexican-people\/oclc\/1178656538?referer=di&amp;ht=edition\">dijera oraciones especiales por las almas<\/a>&nbsp;durante el D\u00eda de los Muertos, una pr\u00e1ctica que se mantuvo vigente durante todo el siglo XX.<\/p>\n\n\n\n<h2 class=\"wp-block-heading\">La era colonial<\/h2>\n\n\n\n<p>A medida que el D\u00eda de Muertos se convirti\u00f3 en un festival m\u00e1s popular y elaborado en M\u00e9xico, la actividad comercial asociada creci\u00f3 en tama\u00f1o.&nbsp;Seg\u00fan el antrop\u00f3logo&nbsp;<a href=\"https:\/\/anthropology.columbia.edu\/content\/claudio-w-lomnitz\">Claudio Lomnitz<\/a>&nbsp;, en la d\u00e9cada de 1700, el D\u00eda de Muertos&nbsp;<a href=\"https:\/\/press.princeton.edu\/books\/paperback\/9781890951542\/death-and-the-idea-of-mexico\">gener\u00f3 el mercado anual m\u00e1s grande de la Ciudad de M\u00e9xico<\/a>&nbsp;.<\/p>\n\n\n\n<p>De hecho, las plazas y calles estaban tan abrumadas durante la festividad con vendedores, carros, puestos y mercados improvisados \u200b\u200bque el gobierno local lo consider\u00f3 un \u00bb&nbsp;<a href=\"https:\/\/press.princeton.edu\/books\/paperback\/9781890951542\/death-and-the-idea-of-mexico\">desorden p\u00fablico<\/a>&nbsp;\u00ab.&nbsp;El alcalde y el concejo municipal de la Ciudad de M\u00e9xico finalmente tuvieron que controlar el frenes\u00ed econ\u00f3mico del D\u00eda de los Muertos mediante la promulgaci\u00f3n de leyes y la emisi\u00f3n de permisos de vendedores.&nbsp;En otras palabras, la festividad se hab\u00eda vuelto tan mercantilizada en la Ciudad de M\u00e9xico que&nbsp;<a href=\"https:\/\/press.princeton.edu\/books\/paperback\/9781890951542\/death-and-the-idea-of-mexico\">requer\u00eda una regulaci\u00f3n gubernamental<\/a>&nbsp;.<\/p>\n\n\n\n<p>En general, los mercados y vendedores en M\u00e9xico vend\u00edan art\u00edculos relacionados con la festividad: comida, dulces, pan, alcohol, velas, juguetes y art\u00edculos religiosos.&nbsp;Sin embargo,&nbsp;<a href=\"https:\/\/press.princeton.edu\/books\/paperback\/9781890951542\/death-and-the-idea-of-mexico\">seg\u00fan Lomnitz<\/a>&nbsp;, en el siglo XIX, los mercados del D\u00eda de Muertos en la Ciudad de M\u00e9xico tambi\u00e9n vend\u00edan ropa, zapatos, muebles, herramientas, decoraci\u00f3n del hogar y muchas otras cosas.<\/p>\n\n\n\n<p>El auge de la actividad comercial en el D\u00eda de Muertos tambi\u00e9n present\u00f3 una oportunidad para que m\u00fasicos, bailarines y otros animadores&nbsp;<a href=\"https:\/\/press.princeton.edu\/books\/paperback\/9781890951542\/death-and-the-idea-of-mexico\">actuaran en las calles por dinero<\/a>&nbsp;.&nbsp;En resumen, el D\u00eda de Muertos en la Ciudad de M\u00e9xico y otras \u00e1reas urbanas tuvo un significado religioso y econ\u00f3mico.<\/p>\n\n\n\n<h2 class=\"wp-block-heading\">Comercializaci\u00f3n moderna<\/h2>\n\n\n\n<p>La comercializaci\u00f3n del D\u00eda de Muertos tambi\u00e9n fue bastante pronunciada en las zonas rurales de M\u00e9xico.&nbsp;Un&nbsp;<a href=\"https:\/\/www.nytimes.com\/1956\/06\/18\/archives\/frances-toor-66-wrote-on-mexico-author-of-books-on-folkways-and-of.html\">n\u00famero de <\/a>&nbsp;<a href=\"https:\/\/www.britannica.com\/biography\/Manuel-Gamio\">antrop\u00f3logos<\/a>&nbsp;en M\u00e9xico y los EE.UU.&nbsp;<a href=\"https:\/\/www.tshaonline.org\/handbook\/entries\/brenner-anita\">escritos sobre<\/a>&nbsp;el D\u00eda de los Muertos en el siglo temprano y de mid-20th&nbsp;<a href=\"https:\/\/www.worldcat.org\/title\/treasury-of-mexican-folkways-the-customs-myths-folklore-traditions-beliefs-fiestas-dances-and-songs-of-the-mexican-people\/oclc\/1178656538?referer=di&amp;ht=edition\">hacer menci\u00f3n especial <\/a>&nbsp;<a href=\"https:\/\/upcolorado.com\/university-press-of-colorado\/item\/1894-forjando-patria\">de los mercados de alquiler de tama\u00f1o considerable<\/a>&nbsp;.&nbsp;Escriben que las aldeas se transforman en ferias comerciales donde la gente se re\u00fane de comunidades a muchas millas de distancia para comprar y vender alimentos, bienes y servicios durante el festival.<\/p>\n\n\n\n<p>La erudici\u00f3n de los antrop\u00f3logos&nbsp;<a href=\"https:\/\/anthropology.berkeley.edu\/stanley-h-brandes\">Stanley Brandes<\/a>&nbsp;y&nbsp;<a href=\"https:\/\/www.lais.ucsb.edu\/affiliate\/ruth-hellier-tinoco\/\">Ruth Hellier-Tinoco<\/a>&nbsp;ha sido influyente para comprender c\u00f3mo M\u00e9xico comenz\u00f3 a \u201cvender\u201d el&nbsp;<a href=\"https:\/\/www.wiley.com\/en-us\/Skulls+to+the+Living%2C+Bread+to+the+Dead%3A+The+Day+of+the+Dead+in+Mexico+and+Beyond-p-9781405152471\">D\u00eda de Muertos <\/a>&nbsp;<a href=\"https:\/\/doi.org\/10.1093\/acprof:oso\/9780195340365.001.0001\">al mundo exterior a mediados del siglo XX<\/a>&nbsp;.&nbsp;La industria del turismo de M\u00e9xico comenz\u00f3 a&nbsp;<a href=\"https:\/\/oxford.universitypressscholarship.com\/view\/10.1093\/acprof:oso\/9780195340365.001.0001\/acprof-9780195340365?result=8&amp;rskey=sRnbZu\">promover<\/a>&nbsp;las vacaciones entre los viajeros estadounidenses y europeos como una experiencia mexicana \u00abaut\u00e9ntica\u00bb.<\/p>\n\n\n\n<p>Muchas gu\u00edas y folletos de viajes destacaron el D\u00eda de Muertos como un evento cultural para que los turistas asistan y compren arte popular relacionado con la festividad.&nbsp;Adem\u00e1s, la industria del turismo de M\u00e9xico posicion\u00f3 ciertas celebraciones regionales como las festividades del D\u00eda de Muertos m\u00e1s \u201ctradicionales\u201d para que los turistas las exploren.<\/p>\n\n\n\n<figure class=\"wp-block-image\"><a href=\"https:\/\/images.theconversation.com\/files\/428586\/original\/file-20211026-17-gx9fg3.jpg?ixlib=rb-1.1.0&amp;q=45&amp;auto=format&amp;w=1000&amp;fit=clip\"><img decoding=\"async\" src=\"https:\/\/images.theconversation.com\/files\/428586\/original\/file-20211026-17-gx9fg3.jpg?ixlib=rb-1.1.0&amp;q=45&amp;auto=format&amp;w=754&amp;fit=clip\" alt=\"Calaveras de az\u00facar dulces mexicanas en exhibici\u00f3n para el D\u00eda de Muertos en Michoac\u00e1n, un estado en el oeste de M\u00e9xico.\"\/><\/a><figcaption>Dulces mexicanos en forma de calaveras de az\u00facar que se venden con motivo del D\u00eda de Muertos en Michoac\u00e1n, en el occidente de M\u00e9xico.&nbsp;<a href=\"https:\/\/www.gettyimages.com\/detail\/photo\/sugar-skulls-on-the-day-of-the-dead-royalty-free-image\/1274350200?adppopup=true\">\u00a9 fitopardo \/ Moment a trav\u00e9s de Getty Images<\/a><\/figcaption><\/figure>\n\n\n\n<p>Hellier-Tinoco ha mostrado c\u00f3mo la \u201cventa\u201d mexicana del D\u00eda de Muertos en la r\u00fastica isla de Janitzio en el estado de Michoac\u00e1n transform\u00f3 la peque\u00f1a ceremonia comunitaria&nbsp;<a href=\"https:\/\/doi.org\/10.1093\/acprof:oso\/9780195340365.001.0001\">en un espect\u00e1culo al que<\/a>&nbsp;asisten m\u00e1s de 100.000 turistas al a\u00f1o.<\/p>\n\n\n\n<p>Dada toda esta evidencia, no parece haber una era en la que el D\u00eda de los Muertos no estuviera \u00edntimamente ligado a las actividades financieras y las ganancias.&nbsp;Pero la comercializaci\u00f3n de la festividad tambi\u00e9n ha asegurado su supervivencia.<\/p>\n\n\n\n<p>En 2019, habl\u00e9 con una abuela que estaba construyendo una ofrenda del D\u00eda de Muertos, un altar con ofrendas para los seres queridos de su familia que inclu\u00edan velas, comida, flores y decoraciones festivas.&nbsp;Durante a\u00f1os, hab\u00eda intentado que sus nietos la ayudaran a erigir el altar para sus antepasados, sin \u00e9xito.&nbsp;No fue hasta que vieron \u00abCoco\u00bb de Disney y vieron calaveras de az\u00facar en Target que se interesaron en la festividad.&nbsp;Ahora ayudan con entusiasmo a su abuela a construir el altar.<\/p>\n\n\n\n<p>La comercializaci\u00f3n es y ha estado transformando el D\u00eda de Muertos.&nbsp;Pero, por lo que he visto, tambi\u00e9n le est\u00e1 dando a una nueva generaci\u00f3n la oportunidad de estar orgullosa de su cultura.<\/p>\n\n\n\n<p>[\u00a0<em>Obtenga lo mejor de The Conversation, todos los fines de semana.\u00a0<\/em><a href=\"https:\/\/theconversation.com\/us\/newsletters\/weekly-highlights-61?utm_source=TCUS&amp;utm_medium=inline-link&amp;utm_campaign=newsletter-text&amp;utm_content=weeklybest\">Suscr\u00edbase a nuestro bolet\u00edn semanal<\/a>\u00a0.]<\/p>\n\n\n\n<p><a href=\"https:\/\/theconversation.com\/profiles\/mathew-sandoval-1283270\">Mathew Sandoval<\/a> Profesor de Cultura y Actuaci\u00f3n, Universidad Estatal de Arizona<\/p>\n\n\n\n<p>Fuente: https:\/\/theconversation.com\/how-commercialization-over-the-centuries-transformed-the-day-of-the-dead-170428<\/p>\n","protected":false},"excerpt":{"rendered":"<p>MATHEW SANDOVAL \/ THE CONVERSATION Como mexicano-estadounidense que celebra el D\u00eda de los Muertos, o el D\u00eda de los Muertos, [&hellip;]<\/p>\n","protected":false},"author":1,"featured_media":15195,"comment_status":"open","ping_status":"open","sticky":false,"template":"","format":"standard","meta":{"site-sidebar-layout":"default","site-content-layout":"","ast-site-content-layout":"default","site-content-style":"default","site-sidebar-style":"default","ast-global-header-display":"","ast-banner-title-visibility":"","ast-main-header-display":"","ast-hfb-above-header-display":"","ast-hfb-below-header-display":"","ast-hfb-mobile-header-display":"","site-post-title":"","ast-breadcrumbs-content":"","ast-featured-img":"","footer-sml-layout":"","theme-transparent-header-meta":"","adv-header-id-meta":"","stick-header-meta":"","header-above-stick-meta":"","header-main-stick-meta":"","header-below-stick-meta":"","astra-migrate-meta-layouts":"default","ast-page-background-enabled":"default","ast-page-background-meta":{"desktop":{"background-color":"var(--ast-global-color-4)","background-image":"","background-repeat":"repeat","background-position":"center center","background-size":"auto","background-attachment":"scroll","background-type":"","background-media":"","overlay-type":"","overlay-color":"","overlay-opacity":"","overlay-gradient":""},"tablet":{"background-color":"","background-image":"","background-repeat":"repeat","background-position":"center center","background-size":"auto","background-attachment":"scroll","background-type":"","background-media":"","overlay-type":"","overlay-color":"","overlay-opacity":"","overlay-gradient":""},"mobile":{"background-color":"","background-image":"","background-repeat":"repeat","background-position":"center center","background-size":"auto","background-attachment":"scroll","background-type":"","background-media":"","overlay-type":"","overlay-color":"","overlay-opacity":"","overlay-gradient":""}},"ast-content-background-meta":{"desktop":{"background-color":"var(--ast-global-color-5)","background-image":"","background-repeat":"repeat","background-position":"center center","background-size":"auto","background-attachment":"scroll","background-type":"","background-media":"","overlay-type":"","overlay-color":"","overlay-opacity":"","overlay-gradient":""},"tablet":{"background-color":"var(--ast-global-color-5)","background-image":"","background-repeat":"repeat","background-position":"center center","background-size":"auto","background-attachment":"scroll","background-type":"","background-media":"","overlay-type":"","overlay-color":"","overlay-opacity":"","overlay-gradient":""},"mobile":{"background-color":"var(--ast-global-color-5)","background-image":"","background-repeat":"repeat","background-position":"center center","background-size":"auto","background-attachment":"scroll","background-type":"","background-media":"","overlay-type":"","overlay-color":"","overlay-opacity":"","overlay-gradient":""}},"footnotes":""},"categories":[8],"tags":[5099,4843,5098],"class_list":["post-15194","post","type-post","status-publish","format-standard","has-post-thumbnail","hentry","category-noticias","tag-comercializacion-tradiciones","tag-dia-de-muertos","tag-disfraces"],"_links":{"self":[{"href":"https:\/\/losperiodistas.com.mx\/portal\/wp-json\/wp\/v2\/posts\/15194","targetHints":{"allow":["GET"]}}],"collection":[{"href":"https:\/\/losperiodistas.com.mx\/portal\/wp-json\/wp\/v2\/posts"}],"about":[{"href":"https:\/\/losperiodistas.com.mx\/portal\/wp-json\/wp\/v2\/types\/post"}],"author":[{"embeddable":true,"href":"https:\/\/losperiodistas.com.mx\/portal\/wp-json\/wp\/v2\/users\/1"}],"replies":[{"embeddable":true,"href":"https:\/\/losperiodistas.com.mx\/portal\/wp-json\/wp\/v2\/comments?post=15194"}],"version-history":[{"count":1,"href":"https:\/\/losperiodistas.com.mx\/portal\/wp-json\/wp\/v2\/posts\/15194\/revisions"}],"predecessor-version":[{"id":15196,"href":"https:\/\/losperiodistas.com.mx\/portal\/wp-json\/wp\/v2\/posts\/15194\/revisions\/15196"}],"wp:featuredmedia":[{"embeddable":true,"href":"https:\/\/losperiodistas.com.mx\/portal\/wp-json\/wp\/v2\/media\/15195"}],"wp:attachment":[{"href":"https:\/\/losperiodistas.com.mx\/portal\/wp-json\/wp\/v2\/media?parent=15194"}],"wp:term":[{"taxonomy":"category","embeddable":true,"href":"https:\/\/losperiodistas.com.mx\/portal\/wp-json\/wp\/v2\/categories?post=15194"},{"taxonomy":"post_tag","embeddable":true,"href":"https:\/\/losperiodistas.com.mx\/portal\/wp-json\/wp\/v2\/tags?post=15194"}],"curies":[{"name":"wp","href":"https:\/\/api.w.org\/{rel}","templated":true}]}}