{"id":15191,"date":"2021-10-28T05:53:38","date_gmt":"2021-10-28T10:53:38","guid":{"rendered":"http:\/\/losperiodistas.com.mx\/portal\/?p=15191"},"modified":"2021-10-28T05:53:39","modified_gmt":"2021-10-28T10:53:39","slug":"inversionistas-tienen-los-ojos-puestos-en-mexico-clouthier-el-financiero","status":"publish","type":"post","link":"https:\/\/losperiodistas.com.mx\/portal\/inversionistas-tienen-los-ojos-puestos-en-mexico-clouthier-el-financiero\/","title":{"rendered":"\u2018Inversionistas tienen los ojos puestos en M\u00e9xico\u2019: Clouthier | El Financiero"},"content":{"rendered":"\n<p style=\"font-size:18px\"><em>Refiri\u00f3 que los tratados internacionales que M\u00e9xico ha firmado con otros pa\u00edses contemplan acuerdos de protecci\u00f3n a la inversi\u00f3n.<\/em><\/p>\n\n\n\n<p><\/p>\n\n\n\n<figure class=\"wp-block-image size-large\"><img fetchpriority=\"high\" decoding=\"async\" width=\"1024\" height=\"702\" src=\"https:\/\/losperiodistas.com.mx\/portal\/wp-content\/uploads\/2021\/10\/Captura-de-Pantalla-2021-10-28-a-las-5.50.44-1024x702.jpg\" alt=\"\" class=\"wp-image-15192\" srcset=\"https:\/\/losperiodistas.com.mx\/portal\/wp-content\/uploads\/2021\/10\/Captura-de-Pantalla-2021-10-28-a-las-5.50.44-1024x702.jpg 1024w, https:\/\/losperiodistas.com.mx\/portal\/wp-content\/uploads\/2021\/10\/Captura-de-Pantalla-2021-10-28-a-las-5.50.44-300x206.jpg 300w, https:\/\/losperiodistas.com.mx\/portal\/wp-content\/uploads\/2021\/10\/Captura-de-Pantalla-2021-10-28-a-las-5.50.44-768x527.jpg 768w, https:\/\/losperiodistas.com.mx\/portal\/wp-content\/uploads\/2021\/10\/Captura-de-Pantalla-2021-10-28-a-las-5.50.44-1536x1053.jpg 1536w, https:\/\/losperiodistas.com.mx\/portal\/wp-content\/uploads\/2021\/10\/Captura-de-Pantalla-2021-10-28-a-las-5.50.44.jpg 1826w\" sizes=\"(max-width: 1024px) 100vw, 1024px\" \/><figcaption><strong>Tatiana Clouthier\u00a0<\/strong>La secretaria de Econom\u00eda, Tatiana Clouthier, comparece ante senadores\u00a0(Nicol\u00e1s Tavira)<\/figcaption><\/figure>\n\n\n\n<p><\/p>\n\n\n\n<p class=\"has-vivid-cyan-blue-color has-text-color has-medium-font-size\">EDUARDO ORTEGA \/ EL FINANCIERO<\/p>\n\n\n\n<p>La titular de la Secretar\u00eda de Econom\u00eda, Tatiana Clouthier, afirm\u00f3 que no ha recibido \u201cun reclamo espec\u00edfico ni directo\u201d en torno a la reforma constitucional en materia el\u00e9ctrica y asegur\u00f3 que los inversionistas \u201ctienen puestos los ojos\u201d en nuestra econom\u00eda.<\/p>\n\n\n\n<p>Al comparecer en el Senado como parte de la glosa del Tercer Informe de Gobierno, no quiso fijar una posici\u00f3n en torno a la reforma el\u00e9ctrica, ya que \u201cno acostumbro jugar al futuro, acostumbro jugar al presente, y yo no puedo saber qu\u00e9 van a definir y a decidir ustedes. Ustedes han tenido aqu\u00ed al responsable de la CFE, no necesitan intermediarios para que yo le pregunte. Puede hacerlo usted de forma directa\u201d.<\/p>\n\n\n\n<p>As\u00ed respondi\u00f3 a la panista X\u00f3chitl G\u00e1lvez, quien previamente le cuestion\u00f3 en torno a la propuesta presidencial, la cual cancela el autoabasto de energ\u00eda limpia. \u201c\u00bfUsted ha advertido a Manuel Bartlett de esta l\u00f3gica en que la econom\u00eda est\u00e1 caminando hacia la econom\u00eda verde?\u201d.<\/p>\n\n\n\n<p>Con respecto al tema de la reforma energ\u00e9tica, refiri\u00f3 que los tratados internacionales que M\u00e9xico ha firmado con otros pa\u00edses contemplan acuerdos de protecci\u00f3n a la inversi\u00f3n.<\/p>\n\n\n\n<p>\u201cLo que dir\u00eda yo, lo que hemos encontrado es que el inter\u00e9s de seguir invirtiendo en nuestro pa\u00eds est\u00e1 latente. Acabamos de estar en una visita en Italia para promover no solamente la inversi\u00f3n, aprovechando eso, y ah\u00ed nos trajimos a inversiones importantes o intenci\u00f3n de inversiones importantes\u201d, agreg\u00f3.<\/p>\n\n\n\n<p>Fuente: https:\/\/www.elfinanciero.com.mx\/nacional\/2021\/10\/28\/inversionistas-tienen-los-ojos-puestos-en-mexico-clouthier\/<\/p>\n","protected":false},"excerpt":{"rendered":"<p>Refiri\u00f3 que los tratados internacionales que M\u00e9xico ha firmado con otros pa\u00edses contemplan acuerdos de protecci\u00f3n a la inversi\u00f3n. EDUARDO [&hellip;]<\/p>\n","protected":false},"author":1,"featured_media":15192,"comment_status":"open","ping_status":"open","sticky":false,"template":"","format":"standard","meta":{"site-sidebar-layout":"default","site-content-layout":"","ast-site-content-layout":"default","site-content-style":"default","site-sidebar-style":"default","ast-global-header-display":"","ast-banner-title-visibility":"","ast-main-header-display":"","ast-hfb-above-header-display":"","ast-hfb-below-header-display":"","ast-hfb-mobile-header-display":"","site-post-title":"","ast-breadcrumbs-content":"","ast-featured-img":"","footer-sml-layout":"","theme-transparent-header-meta":"","adv-header-id-meta":"","stick-header-meta":"","header-above-stick-meta":"","header-main-stick-meta":"","header-below-stick-meta":"","astra-migrate-meta-layouts":"default","ast-page-background-enabled":"default","ast-page-background-meta":{"desktop":{"background-color":"var(--ast-global-color-4)","background-image":"","background-repeat":"repeat","background-position":"center center","background-size":"auto","background-attachment":"scroll","background-type":"","background-media":"","overlay-type":"","overlay-color":"","overlay-opacity":"","overlay-gradient":""},"tablet":{"background-color":"","background-image":"","background-repeat":"repeat","background-position":"center center","background-size":"auto","background-attachment":"scroll","background-type":"","background-media":"","overlay-type":"","overlay-color":"","overlay-opacity":"","overlay-gradient":""},"mobile":{"background-color":"","background-image":"","background-repeat":"repeat","background-position":"center center","background-size":"auto","background-attachment":"scroll","background-type":"","background-media":"","overlay-type":"","overlay-color":"","overlay-opacity":"","overlay-gradient":""}},"ast-content-background-meta":{"desktop":{"background-color":"var(--ast-global-color-5)","background-image":"","background-repeat":"repeat","background-position":"center center","background-size":"auto","background-attachment":"scroll","background-type":"","background-media":"","overlay-type":"","overlay-color":"","overlay-opacity":"","overlay-gradient":""},"tablet":{"background-color":"var(--ast-global-color-5)","background-image":"","background-repeat":"repeat","background-position":"center center","background-size":"auto","background-attachment":"scroll","background-type":"","background-media":"","overlay-type":"","overlay-color":"","overlay-opacity":"","overlay-gradient":""},"mobile":{"background-color":"var(--ast-global-color-5)","background-image":"","background-repeat":"repeat","background-position":"center center","background-size":"auto","background-attachment":"scroll","background-type":"","background-media":"","overlay-type":"","overlay-color":"","overlay-opacity":"","overlay-gradient":""}},"footnotes":""},"categories":[8],"tags":[5097,2097],"class_list":["post-15191","post","type-post","status-publish","format-standard","has-post-thumbnail","hentry","category-noticias","tag-mexico-inversiones","tag-tatiana-clouthier"],"_links":{"self":[{"href":"https:\/\/losperiodistas.com.mx\/portal\/wp-json\/wp\/v2\/posts\/15191","targetHints":{"allow":["GET"]}}],"collection":[{"href":"https:\/\/losperiodistas.com.mx\/portal\/wp-json\/wp\/v2\/posts"}],"about":[{"href":"https:\/\/losperiodistas.com.mx\/portal\/wp-json\/wp\/v2\/types\/post"}],"author":[{"embeddable":true,"href":"https:\/\/losperiodistas.com.mx\/portal\/wp-json\/wp\/v2\/users\/1"}],"replies":[{"embeddable":true,"href":"https:\/\/losperiodistas.com.mx\/portal\/wp-json\/wp\/v2\/comments?post=15191"}],"version-history":[{"count":1,"href":"https:\/\/losperiodistas.com.mx\/portal\/wp-json\/wp\/v2\/posts\/15191\/revisions"}],"predecessor-version":[{"id":15193,"href":"https:\/\/losperiodistas.com.mx\/portal\/wp-json\/wp\/v2\/posts\/15191\/revisions\/15193"}],"wp:featuredmedia":[{"embeddable":true,"href":"https:\/\/losperiodistas.com.mx\/portal\/wp-json\/wp\/v2\/media\/15192"}],"wp:attachment":[{"href":"https:\/\/losperiodistas.com.mx\/portal\/wp-json\/wp\/v2\/media?parent=15191"}],"wp:term":[{"taxonomy":"category","embeddable":true,"href":"https:\/\/losperiodistas.com.mx\/portal\/wp-json\/wp\/v2\/categories?post=15191"},{"taxonomy":"post_tag","embeddable":true,"href":"https:\/\/losperiodistas.com.mx\/portal\/wp-json\/wp\/v2\/tags?post=15191"}],"curies":[{"name":"wp","href":"https:\/\/api.w.org\/{rel}","templated":true}]}}