{"id":15188,"date":"2021-10-28T05:46:09","date_gmt":"2021-10-28T10:46:09","guid":{"rendered":"http:\/\/losperiodistas.com.mx\/portal\/?p=15188"},"modified":"2021-10-28T05:46:10","modified_gmt":"2021-10-28T10:46:10","slug":"mujer-trabajo-y-persistencia-del-maiz-la-campina","status":"publish","type":"post","link":"https:\/\/losperiodistas.com.mx\/portal\/mujer-trabajo-y-persistencia-del-maiz-la-campina\/","title":{"rendered":"Mujer, trabajo y persistencia del ma\u00edz | La Campi\u00f1a"},"content":{"rendered":"\n<p><\/p>\n\n\n\n<figure class=\"wp-block-image size-large\"><img fetchpriority=\"high\" decoding=\"async\" width=\"1024\" height=\"682\" src=\"https:\/\/losperiodistas.com.mx\/portal\/wp-content\/uploads\/2021\/10\/Captura-de-Pantalla-2021-10-28-a-las-5.41.55-1024x682.jpg\" alt=\"\" class=\"wp-image-15189\" srcset=\"https:\/\/losperiodistas.com.mx\/portal\/wp-content\/uploads\/2021\/10\/Captura-de-Pantalla-2021-10-28-a-las-5.41.55-1024x682.jpg 1024w, https:\/\/losperiodistas.com.mx\/portal\/wp-content\/uploads\/2021\/10\/Captura-de-Pantalla-2021-10-28-a-las-5.41.55-300x200.jpg 300w, https:\/\/losperiodistas.com.mx\/portal\/wp-content\/uploads\/2021\/10\/Captura-de-Pantalla-2021-10-28-a-las-5.41.55-768x512.jpg 768w, https:\/\/losperiodistas.com.mx\/portal\/wp-content\/uploads\/2021\/10\/Captura-de-Pantalla-2021-10-28-a-las-5.41.55-1536x1023.jpg 1536w, https:\/\/losperiodistas.com.mx\/portal\/wp-content\/uploads\/2021\/10\/Captura-de-Pantalla-2021-10-28-a-las-5.41.55.jpg 1894w\" sizes=\"(max-width: 1024px) 100vw, 1024px\" \/><\/figure>\n\n\n\n<p class=\"has-vivid-cyan-blue-color has-text-color has-medium-font-size\">MAGDIEL OLANO \/ LA CAMPI\u00d1A<\/p>\n\n\n\n<p><strong>PUEBLA, M\u00c9XICO.-&nbsp;<\/strong>En M\u00e9xico hombres, mujeres, ni\u00f1os y ni\u00f1as de todas las edades esperan la \u00e9poca de noviembre para celebrar una de las tradiciones m\u00e1s importantes del a\u00f1o en el pa\u00eds: el D\u00eda de Muertos.<\/p>\n\n\n\n<p>En el festejo el ritual de la colocaci\u00f3n de la ofrenda es uno de los elementos m\u00e1s importantes, pues ah\u00ed se reciben con comida, adornos de papel picado, veladoras o incienso a los muertos que regresan para convivir con los vivos.<\/p>\n\n\n\n<p>Y aunque existen diversidad de formas de conmemorar la fecha de acuerdo con los rituales propios de cada una de las culturas originarias del pa\u00eds, lo cierto es que en todas ellas las mujeres de las comunidades ind\u00edgenas y rurales han jugado un papel fundamental para la preservaci\u00f3n de la tradici\u00f3n, pues por siglos han sido las encargadas de heredar los saberes de generaci\u00f3n en generaci\u00f3n.<\/p>\n\n\n\n<figure class=\"wp-block-embed is-type-rich is-provider-twitter wp-block-embed-twitter\"><div class=\"wp-block-embed__wrapper\">\n<blockquote class=\"twitter-tweet\" data-width=\"500\" data-dnt=\"true\"><p lang=\"es\" dir=\"ltr\">Mujer ma\u00edz con alas y ra\u00edz <a href=\"https:\/\/t.co\/rms9pjHJdG\">pic.twitter.com\/rms9pjHJdG<\/a><\/p>&mdash; Dulce Pat Puc (@DulcePat_) <a href=\"https:\/\/twitter.com\/DulcePat_\/status\/1443229606153183237?ref_src=twsrc%5Etfw\">September 29, 2021<\/a><\/blockquote><script async src=\"https:\/\/platform.twitter.com\/widgets.js\" charset=\"utf-8\"><\/script>\n<\/div><\/figure>\n\n\n\n<p><strong>RECONOCIMIENTO<\/strong><\/p>\n\n\n\n<p>Para Tihui Campos, direcci\u00f3n de Cultura Alimentaria de la Direcci\u00f3n General de Culturas Populares, Ind\u00edgenas y Urbanas de la Secretar\u00eda de Cultura de M\u00e9xico, es de relevancia que se reconozca este papel que han jugado las mujeres (particularmente las mujeres rurales) en las pr\u00e1cticas culturales.<\/p>\n\n\n\n<p>El papel de las mujeres es fundamental para reconocer en la importancia de nuestra transmisi\u00f3n de cultura, seg\u00fan dijo durante la conferencia \u201cMujer, trabajo y persistencia del ma\u00edz\u201d, organizada por el&nbsp; Centro de Capacitaci\u00f3n para el Trabajo Industrial (Cecati) n\u00famero 29, de Apizaco, como parte del Festival de D\u00eda de Muertos.<\/p>\n\n\n\n<blockquote class=\"wp-block-quote is-layout-flow wp-block-quote-is-layout-flow\"><p>\u201c\u00bfQui\u00e9n monta las ofrendas en nuestras casas, qui\u00e9n elige las fotos, qui\u00e9n pone la virgen, qui\u00e9n hace los arcos, qui\u00e9n pinta el papel, qui\u00e9n manda comprar las velas? mujeres de diversas generaciones, y tenemos tareas asignadas para poder cada a\u00f1o traer a nuestros muertitos y que se reconozcan\u201d.<\/p><\/blockquote>\n\n\n\n<p>Las mujeres del campo, abund\u00f3 la experta en cultura alimentaria, se capacitan toda la vida para poder transmitir estos saberes que muchas veces una carrera universitaria en agronom\u00eda o en otras dedicadas al campo, no reflejan los conocimientos que ellas tienen.<\/p>\n\n\n\n<p>Pero a pesar de ser las encargadas de la transmisi\u00f3n de los conocimientos, hay mucho trabajo que no se reconoce ni se remunera, estim\u00f3 la funcionaria p\u00fablica.<\/p>\n\n\n\n<p>Campos Ortiz consider\u00f3 que la sociedad actual contin\u00faa en una cadena donde la mujer no es valorada ni su trabajo reconocido, donde se piensa que la labor que hacen es por \u201cobligaci\u00f3n, que es natural que las mujeres hagan todo esto\u201d, sin embargo hab\u00eda que reflexionarlo para poder cambiar.<\/p>\n\n\n\n<p>Por ello se\u00f1al\u00f3 que celebrar a los muertos en la \u00e9poca de Todos los Santos es igual de importante que celebrar a las mujeres del M\u00e9xico rural, pues a partir de ello se podr\u00e1n fortalecer los lazos para generar nuevamente el tejido comunitario para salir adelante.<\/p>\n\n\n\n<blockquote class=\"wp-block-quote is-layout-flow wp-block-quote-is-layout-flow\"><p>\u201cEn este D\u00eda de Muertos qu\u00e9 bueno que recordemos a los muertos pero es muy importante que protejamos a nuestras mujeres vivas, y ya no hablemos de feminicidios ni violencia en el hogar ni del machismo, pero es muy importante que reflexionemos que necesitamos cambiar\u201d, dijo Tihui Campos.<\/p><\/blockquote>\n\n\n\n<figure class=\"wp-block-embed is-type-video is-provider-youtube wp-block-embed-youtube wp-embed-aspect-16-9 wp-has-aspect-ratio\"><div class=\"wp-block-embed__wrapper\">\n<iframe title=\"Maria Moctezuma. Mujer Ma\u00edz\" width=\"500\" height=\"281\" src=\"https:\/\/www.youtube.com\/embed\/LqLMQwg6HXY?feature=oembed\" frameborder=\"0\" allow=\"accelerometer; autoplay; clipboard-write; encrypted-media; gyroscope; picture-in-picture; web-share\" referrerpolicy=\"strict-origin-when-cross-origin\" allowfullscreen><\/iframe>\n<\/div><\/figure>\n\n\n\n<p>Fuente: https:\/\/revistalacampina.mx\/2021\/10\/27\/mujer-trabajo-y-persistencia-del-maiz\/<\/p>\n","protected":false},"excerpt":{"rendered":"<p>MAGDIEL OLANO \/ LA CAMPI\u00d1A PUEBLA, M\u00c9XICO.-&nbsp;En M\u00e9xico hombres, mujeres, ni\u00f1os y ni\u00f1as de todas las edades esperan la \u00e9poca [&hellip;]<\/p>\n","protected":false},"author":1,"featured_media":15189,"comment_status":"open","ping_status":"open","sticky":false,"template":"","format":"standard","meta":{"site-sidebar-layout":"default","site-content-layout":"","ast-site-content-layout":"default","site-content-style":"default","site-sidebar-style":"default","ast-global-header-display":"","ast-banner-title-visibility":"","ast-main-header-display":"","ast-hfb-above-header-display":"","ast-hfb-below-header-display":"","ast-hfb-mobile-header-display":"","site-post-title":"","ast-breadcrumbs-content":"","ast-featured-img":"","footer-sml-layout":"","theme-transparent-header-meta":"","adv-header-id-meta":"","stick-header-meta":"","header-above-stick-meta":"","header-main-stick-meta":"","header-below-stick-meta":"","astra-migrate-meta-layouts":"default","ast-page-background-enabled":"default","ast-page-background-meta":{"desktop":{"background-color":"var(--ast-global-color-4)","background-image":"","background-repeat":"repeat","background-position":"center center","background-size":"auto","background-attachment":"scroll","background-type":"","background-media":"","overlay-type":"","overlay-color":"","overlay-opacity":"","overlay-gradient":""},"tablet":{"background-color":"","background-image":"","background-repeat":"repeat","background-position":"center center","background-size":"auto","background-attachment":"scroll","background-type":"","background-media":"","overlay-type":"","overlay-color":"","overlay-opacity":"","overlay-gradient":""},"mobile":{"background-color":"","background-image":"","background-repeat":"repeat","background-position":"center center","background-size":"auto","background-attachment":"scroll","background-type":"","background-media":"","overlay-type":"","overlay-color":"","overlay-opacity":"","overlay-gradient":""}},"ast-content-background-meta":{"desktop":{"background-color":"var(--ast-global-color-5)","background-image":"","background-repeat":"repeat","background-position":"center center","background-size":"auto","background-attachment":"scroll","background-type":"","background-media":"","overlay-type":"","overlay-color":"","overlay-opacity":"","overlay-gradient":""},"tablet":{"background-color":"var(--ast-global-color-5)","background-image":"","background-repeat":"repeat","background-position":"center center","background-size":"auto","background-attachment":"scroll","background-type":"","background-media":"","overlay-type":"","overlay-color":"","overlay-opacity":"","overlay-gradient":""},"mobile":{"background-color":"var(--ast-global-color-5)","background-image":"","background-repeat":"repeat","background-position":"center center","background-size":"auto","background-attachment":"scroll","background-type":"","background-media":"","overlay-type":"","overlay-color":"","overlay-opacity":"","overlay-gradient":""}},"footnotes":""},"categories":[8],"tags":[4843,5095,5094,5096],"class_list":["post-15188","post","type-post","status-publish","format-standard","has-post-thumbnail","hentry","category-noticias","tag-dia-de-muertos","tag-dulce-pat-puc","tag-maiz","tag-tihui-campos"],"_links":{"self":[{"href":"https:\/\/losperiodistas.com.mx\/portal\/wp-json\/wp\/v2\/posts\/15188","targetHints":{"allow":["GET"]}}],"collection":[{"href":"https:\/\/losperiodistas.com.mx\/portal\/wp-json\/wp\/v2\/posts"}],"about":[{"href":"https:\/\/losperiodistas.com.mx\/portal\/wp-json\/wp\/v2\/types\/post"}],"author":[{"embeddable":true,"href":"https:\/\/losperiodistas.com.mx\/portal\/wp-json\/wp\/v2\/users\/1"}],"replies":[{"embeddable":true,"href":"https:\/\/losperiodistas.com.mx\/portal\/wp-json\/wp\/v2\/comments?post=15188"}],"version-history":[{"count":1,"href":"https:\/\/losperiodistas.com.mx\/portal\/wp-json\/wp\/v2\/posts\/15188\/revisions"}],"predecessor-version":[{"id":15190,"href":"https:\/\/losperiodistas.com.mx\/portal\/wp-json\/wp\/v2\/posts\/15188\/revisions\/15190"}],"wp:featuredmedia":[{"embeddable":true,"href":"https:\/\/losperiodistas.com.mx\/portal\/wp-json\/wp\/v2\/media\/15189"}],"wp:attachment":[{"href":"https:\/\/losperiodistas.com.mx\/portal\/wp-json\/wp\/v2\/media?parent=15188"}],"wp:term":[{"taxonomy":"category","embeddable":true,"href":"https:\/\/losperiodistas.com.mx\/portal\/wp-json\/wp\/v2\/categories?post=15188"},{"taxonomy":"post_tag","embeddable":true,"href":"https:\/\/losperiodistas.com.mx\/portal\/wp-json\/wp\/v2\/tags?post=15188"}],"curies":[{"name":"wp","href":"https:\/\/api.w.org\/{rel}","templated":true}]}}