{"id":15185,"date":"2021-10-28T05:40:45","date_gmt":"2021-10-28T10:40:45","guid":{"rendered":"http:\/\/losperiodistas.com.mx\/portal\/?p=15185"},"modified":"2021-10-28T05:40:46","modified_gmt":"2021-10-28T10:40:46","slug":"bajan-ventas-de-flores-para-dia-de-muertos-el-universal-puebla","status":"publish","type":"post","link":"https:\/\/losperiodistas.com.mx\/portal\/bajan-ventas-de-flores-para-dia-de-muertos-el-universal-puebla\/","title":{"rendered":"Bajan ventas de flores para D\u00eda de Muertos | El Universal Puebla"},"content":{"rendered":"\n<p style=\"font-size:18px\"><em>Conf\u00edan comerciantes en recuperarse en megapuente<\/em><\/p>\n\n\n\n<p><\/p>\n\n\n\n<figure class=\"wp-block-image size-large\"><img fetchpriority=\"high\" decoding=\"async\" width=\"1024\" height=\"800\" src=\"https:\/\/losperiodistas.com.mx\/portal\/wp-content\/uploads\/2021\/10\/Captura-de-Pantalla-2021-10-28-a-las-5.37.33-1024x800.jpg\" alt=\"\" class=\"wp-image-15186\" srcset=\"https:\/\/losperiodistas.com.mx\/portal\/wp-content\/uploads\/2021\/10\/Captura-de-Pantalla-2021-10-28-a-las-5.37.33-1024x800.jpg 1024w, https:\/\/losperiodistas.com.mx\/portal\/wp-content\/uploads\/2021\/10\/Captura-de-Pantalla-2021-10-28-a-las-5.37.33-300x234.jpg 300w, https:\/\/losperiodistas.com.mx\/portal\/wp-content\/uploads\/2021\/10\/Captura-de-Pantalla-2021-10-28-a-las-5.37.33-768x600.jpg 768w, https:\/\/losperiodistas.com.mx\/portal\/wp-content\/uploads\/2021\/10\/Captura-de-Pantalla-2021-10-28-a-las-5.37.33-1536x1200.jpg 1536w, https:\/\/losperiodistas.com.mx\/portal\/wp-content\/uploads\/2021\/10\/Captura-de-Pantalla-2021-10-28-a-las-5.37.33-2048x1600.jpg 2048w\" sizes=\"(max-width: 1024px) 100vw, 1024px\" \/><\/figure>\n\n\n\n<p class=\"has-vivid-cyan-blue-color has-text-color has-medium-font-size\">ABEL CUAPA \/ EL UNIVERSAL PUEBLA<\/p>\n\n\n\n<p>Desde hace 20 a\u00f1os,&nbsp;<strong>Don Ignacio Jim\u00e9nez&nbsp;<\/strong>se dedica a la venta de flores afuera del pante\u00f3n municipal de la<strong>&nbsp;ciudad de Puebla.<\/strong><\/p>\n\n\n\n<p>A ra\u00edz de la pandemia de<strong>\u00a0Covid-19\u00a0<\/strong>y debido al confinamiento, as\u00ed como al cierre de panteones, sus ventas han disminuido considerablemente.<\/p>\n\n\n\n<p><em>\u201cS\u00ed llega la gente, pero si antes compraban 50 pesos, ahora compra diez\u201d,<\/em>&nbsp;dijo a<strong><a href=\"http:\/\/eluniversalpuebla.com.mx\/\">&nbsp;El Universal Puebla<\/a><\/strong>&nbsp;con un tono de preocupaci\u00f3n ante la poca demanda de la flor de temporada.<\/p>\n\n\n\n<p>Indic\u00f3 que desde el primer cierre de los cementerios, hace m\u00e1s de a\u00f1o y medio, se vio complicado el panorama porque&nbsp;<em>\u201cpensamos que no iban a reabrir los panteones\u201d.<\/em><\/p>\n\n\n\n<figure class=\"wp-block-image\"><img decoding=\"async\" src=\"https:\/\/www.eluniversalpuebla.com.mx\/sites\/default\/files\/u29465\/campo-de-cempasuchil-el-universal-puebla-recuperado.jpg\" alt=\"campo-de-cempasuchil-el-universal-puebla-recuperado.jpg\"\/><\/figure>\n\n\n\n<p><em>Campo de Cempas\u00fachil<\/em><\/p>\n\n\n\n<p>Por lo tanto, conf\u00eda que en el pr\u00f3ximo megapuente del 2021 sus ventas incrementen ligeramente.<\/p>\n\n\n\n<p>Confi\u00f3 en que no se vuelvan a incrementar los contagios de&nbsp;<strong>Covid-19<\/strong>&nbsp;y se vuelva a cerrar la econom\u00eda.<\/p>\n\n\n\n<p>Don Ignacio precis\u00f3 que, en a\u00f1os anteriores, antes del&nbsp;<strong>Covid-19<\/strong>, en estas fechas, a partir del 27 de octubre, los productores ya estaban vendiendo alrededor de 100 \u2013150 pesos de flor de cempas\u00fachil, pero a la fecha, apenas logran vender 20.<\/p>\n\n\n\n<figure class=\"wp-block-pullquote\"><blockquote><p>\u201cLa venta no es como a\u00f1os anteriores. La econom\u00eda anda mal. Muchos comercios, negocios han cerrado\u201d, declar\u00f3.<\/p><\/blockquote><\/figure>\n\n\n\n<p>A\u00f1adi\u00f3 que debido a que tampoco se han normalizado las actividades en las escuelas al 100 por ciento, no se han hecho concursos de ofrendas y no hay demanda de flor.<\/p>\n\n\n\n<p>A\u00f1adi\u00f3 que, con base en su experiencia, ha estado llegando mucha gente al pante\u00f3n municipal en los \u00faltimos d\u00edas, lo que da la impresi\u00f3n que los d\u00edas<strong>&nbsp;1 y 2 de noviembre&nbsp;<\/strong>no habr\u00e1 acumulaci\u00f3n de personas<\/p>\n\n\n\n<figure class=\"wp-block-pullquote\"><blockquote><p>\u201cLos encargados del pante\u00f3n nos han dicho que, por ejemplo, el pasado fin de semana al lugar llegaron hasta 3 mil personas\u201d, inform\u00f3.<\/p><\/blockquote><\/figure>\n\n\n\n<p>Fuente: https:\/\/www.eluniversalpuebla.com.mx\/ciudad\/bajan-ventas-de-flores-para-dia-de-muertos<\/p>\n","protected":false},"excerpt":{"rendered":"<p>Conf\u00edan comerciantes en recuperarse en megapuente ABEL CUAPA \/ EL UNIVERSAL PUEBLA Desde hace 20 a\u00f1os,&nbsp;Don Ignacio Jim\u00e9nez&nbsp;se dedica a [&hellip;]<\/p>\n","protected":false},"author":1,"featured_media":15186,"comment_status":"open","ping_status":"open","sticky":false,"template":"","format":"standard","meta":{"site-sidebar-layout":"default","site-content-layout":"","ast-site-content-layout":"default","site-content-style":"default","site-sidebar-style":"default","ast-global-header-display":"","ast-banner-title-visibility":"","ast-main-header-display":"","ast-hfb-above-header-display":"","ast-hfb-below-header-display":"","ast-hfb-mobile-header-display":"","site-post-title":"","ast-breadcrumbs-content":"","ast-featured-img":"","footer-sml-layout":"","theme-transparent-header-meta":"","adv-header-id-meta":"","stick-header-meta":"","header-above-stick-meta":"","header-main-stick-meta":"","header-below-stick-meta":"","astra-migrate-meta-layouts":"default","ast-page-background-enabled":"default","ast-page-background-meta":{"desktop":{"background-color":"var(--ast-global-color-4)","background-image":"","background-repeat":"repeat","background-position":"center center","background-size":"auto","background-attachment":"scroll","background-type":"","background-media":"","overlay-type":"","overlay-color":"","overlay-opacity":"","overlay-gradient":""},"tablet":{"background-color":"","background-image":"","background-repeat":"repeat","background-position":"center center","background-size":"auto","background-attachment":"scroll","background-type":"","background-media":"","overlay-type":"","overlay-color":"","overlay-opacity":"","overlay-gradient":""},"mobile":{"background-color":"","background-image":"","background-repeat":"repeat","background-position":"center center","background-size":"auto","background-attachment":"scroll","background-type":"","background-media":"","overlay-type":"","overlay-color":"","overlay-opacity":"","overlay-gradient":""}},"ast-content-background-meta":{"desktop":{"background-color":"var(--ast-global-color-5)","background-image":"","background-repeat":"repeat","background-position":"center center","background-size":"auto","background-attachment":"scroll","background-type":"","background-media":"","overlay-type":"","overlay-color":"","overlay-opacity":"","overlay-gradient":""},"tablet":{"background-color":"var(--ast-global-color-5)","background-image":"","background-repeat":"repeat","background-position":"center center","background-size":"auto","background-attachment":"scroll","background-type":"","background-media":"","overlay-type":"","overlay-color":"","overlay-opacity":"","overlay-gradient":""},"mobile":{"background-color":"var(--ast-global-color-5)","background-image":"","background-repeat":"repeat","background-position":"center center","background-size":"auto","background-attachment":"scroll","background-type":"","background-media":"","overlay-type":"","overlay-color":"","overlay-opacity":"","overlay-gradient":""}},"footnotes":""},"categories":[8],"tags":[5093],"class_list":["post-15185","post","type-post","status-publish","format-standard","has-post-thumbnail","hentry","category-noticias","tag-flores-dia-de-muertos"],"_links":{"self":[{"href":"https:\/\/losperiodistas.com.mx\/portal\/wp-json\/wp\/v2\/posts\/15185","targetHints":{"allow":["GET"]}}],"collection":[{"href":"https:\/\/losperiodistas.com.mx\/portal\/wp-json\/wp\/v2\/posts"}],"about":[{"href":"https:\/\/losperiodistas.com.mx\/portal\/wp-json\/wp\/v2\/types\/post"}],"author":[{"embeddable":true,"href":"https:\/\/losperiodistas.com.mx\/portal\/wp-json\/wp\/v2\/users\/1"}],"replies":[{"embeddable":true,"href":"https:\/\/losperiodistas.com.mx\/portal\/wp-json\/wp\/v2\/comments?post=15185"}],"version-history":[{"count":1,"href":"https:\/\/losperiodistas.com.mx\/portal\/wp-json\/wp\/v2\/posts\/15185\/revisions"}],"predecessor-version":[{"id":15187,"href":"https:\/\/losperiodistas.com.mx\/portal\/wp-json\/wp\/v2\/posts\/15185\/revisions\/15187"}],"wp:featuredmedia":[{"embeddable":true,"href":"https:\/\/losperiodistas.com.mx\/portal\/wp-json\/wp\/v2\/media\/15186"}],"wp:attachment":[{"href":"https:\/\/losperiodistas.com.mx\/portal\/wp-json\/wp\/v2\/media?parent=15185"}],"wp:term":[{"taxonomy":"category","embeddable":true,"href":"https:\/\/losperiodistas.com.mx\/portal\/wp-json\/wp\/v2\/categories?post=15185"},{"taxonomy":"post_tag","embeddable":true,"href":"https:\/\/losperiodistas.com.mx\/portal\/wp-json\/wp\/v2\/tags?post=15185"}],"curies":[{"name":"wp","href":"https:\/\/api.w.org\/{rel}","templated":true}]}}