{"id":15114,"date":"2021-10-26T10:04:38","date_gmt":"2021-10-26T15:04:38","guid":{"rendered":"http:\/\/losperiodistas.com.mx\/portal\/?p=15114"},"modified":"2021-10-26T10:04:40","modified_gmt":"2021-10-26T15:04:40","slug":"activara-buen-fin-la-economia-de-tlaxcala-oem","status":"publish","type":"post","link":"https:\/\/losperiodistas.com.mx\/portal\/activara-buen-fin-la-economia-de-tlaxcala-oem\/","title":{"rendered":"Activar\u00e1 Buen Fin la econom\u00eda de Tlaxcala | OEM"},"content":{"rendered":"\n<p style=\"font-size:18px\"><em>Ser\u00e1 parte del proceso de recuperaci\u00f3n econ\u00f3mica derivado de Covid-19<\/em><\/p>\n\n\n\n<p><\/p>\n\n\n\n<figure class=\"wp-block-image size-large\"><img fetchpriority=\"high\" decoding=\"async\" width=\"1024\" height=\"725\" src=\"https:\/\/losperiodistas.com.mx\/portal\/wp-content\/uploads\/2021\/10\/Captura-de-Pantalla-2021-10-26-a-las-9.46.06-1024x725.jpg\" alt=\"\" class=\"wp-image-15115\" srcset=\"https:\/\/losperiodistas.com.mx\/portal\/wp-content\/uploads\/2021\/10\/Captura-de-Pantalla-2021-10-26-a-las-9.46.06-1024x725.jpg 1024w, https:\/\/losperiodistas.com.mx\/portal\/wp-content\/uploads\/2021\/10\/Captura-de-Pantalla-2021-10-26-a-las-9.46.06-300x212.jpg 300w, https:\/\/losperiodistas.com.mx\/portal\/wp-content\/uploads\/2021\/10\/Captura-de-Pantalla-2021-10-26-a-las-9.46.06-768x543.jpg 768w, https:\/\/losperiodistas.com.mx\/portal\/wp-content\/uploads\/2021\/10\/Captura-de-Pantalla-2021-10-26-a-las-9.46.06.jpg 1498w\" sizes=\"(max-width: 1024px) 100vw, 1024px\" \/><\/figure>\n\n\n\n<p><\/p>\n\n\n\n<p class=\"has-vivid-cyan-blue-color has-text-color has-medium-font-size\">NADIA MENDOZA \/ EL SOL DE TLAXCALA<\/p>\n\n\n\n<p>Como parte del proceso de recuperaci\u00f3n\u00a0<strong><a rel=\"noreferrer noopener\" target=\"_blank\" href=\"https:\/\/www.elsoldetlaxcala.com.mx\/tags\/temas\/economia\">econ\u00f3mica<\/a><\/strong>\u00a0derivado de la pandemia de Covid-19, el\u00a0<strong><a rel=\"noreferrer noopener\" target=\"_blank\" href=\"https:\/\/www.elsoldetlaxcala.com.mx\/local\/comercios-esperan-alza-en-las-ventas-7349596.html?token=-1643199436\">Buen Fin<\/a>\u00a0edici\u00f3n 2021<\/strong>\u00a0representa una oportunidad comercial para los negocios tlaxcaltecas, al ampliarse el periodo del 10 al 16 de noviembre, asever\u00f3 la presidenta de la\u00a0<strong>Federaci\u00f3n de C\u00e1maras de Comercios<\/strong>\u00a0(Fecanaco) en Tlaxcala,\u00a0<strong>Margarita Alva Mac\u00edas,\u00a0<\/strong>en la presentaci\u00f3n del programa y Firma de Convenio General de Colaboraci\u00f3n con la\u00a0<strong>Secretar\u00eda de Desarrollo Econ\u00f3mico<\/strong>\u00a0(Sedeco).<\/p>\n\n\n\n<p>Para este a\u00f1o, las<strong>\u00a0<a rel=\"noreferrer noopener\" target=\"_blank\" href=\"https:\/\/www.elsoldetlaxcala.com.mx\/local\/en-tlaxcala-hay-mas-de-cinco-mil-vacantes-7370125.html?token=-1631012669\">autoridades<\/a>\u00a0estatales y c\u00e1maras de comercio<\/strong>\u00a0estiman la participaci\u00f3n de seis mil 850 unidades econ\u00f3micas y una\u00a0<strong>derrama econ\u00f3mica de 230 millones\u00a0<\/strong>de pesos en los siete d\u00edas que durar\u00e1 la iniciativa.<\/p>\n\n\n\n<figure class=\"wp-block-image\"><img decoding=\"async\" src=\"https:\/\/www.elsoldetlaxcala.com.mx\/local\/q9g8m8-buen-fin\/ALTERNATES\/FREE_160\/Buen%20Fin\" alt=\"\" title=\"Buen Fin\"\/><\/figure>\n\n\n\n<p>En el acto protocolario, la l\u00edder de la Fecanaco en el estado,&nbsp;<strong>Alva Mac\u00edas<\/strong>, enfatiz\u00f3 que el&nbsp;<strong><a rel=\"noreferrer noopener\" target=\"_blank\" href=\"https:\/\/www.elsoldetlaxcala.com.mx\/tags\/temas\/el-buen-fin\">Buen Fin&nbsp;<\/a><\/strong>est\u00e1 en constante evoluci\u00f3n y transformaci\u00f3n, ya que la sociedad, los m\u00e9todos de compra y de contrataci\u00f3n van cambiando, por eso la din\u00e1mica de venta ser\u00e1 f\u00edsica y digital. Inclusive con la&nbsp;<strong>App el&nbsp;<a rel=\"noreferrer noopener\" target=\"_blank\" href=\"https:\/\/www.elsoldetlaxcala.com.mx\/tags\/temas\/_BuenFin2021\">Buen Fin<\/a><\/strong>&nbsp;el consumidor podr\u00e1 comparar precios, productos de calidad y los descuentos ofrecidos.<\/p>\n\n\n\n<p><a href=\"https:\/\/www.elsoldetlaxcala.com.mx\/local\/\">LOCAL<\/a><\/p>\n\n\n\n<figure class=\"wp-block-image\"><a href=\"https:\/\/www.elsoldetlaxcala.com.mx\/local\/no-habra-paralisis-en-el-gobierno-lorena-cuellar-7375306.html\"><img decoding=\"async\" src=\"https:\/\/www.elsoldetlaxcala.com.mx\/local\/zftpg1-lorena\/ALTERNATES\/LANDSCAPE_160\/Lorena\" alt=\"\" title=\"Lorena\"\/><\/a><\/figure>\n\n\n\n<h4 class=\"wp-block-heading\"><a href=\"https:\/\/www.elsoldetlaxcala.com.mx\/local\/no-habra-paralisis-en-el-gobierno-lorena-cuellar-7375306.html\">No habr\u00e1 par\u00e1lisis en el gobierno: Lorena Cu\u00e9llar<\/a><\/h4>\n\n\n\n<p>Con la asistencia de los l\u00edderes de las c\u00e1maras de<em>\u00a0Tlaxcala, Apizaco, Huamantla y Chiautempan<\/em>, as\u00ed como gerentes de plazas comerciales,\u00a0<strong>Margarita Alva\u00a0<\/strong>inform\u00f3 que el registro ya est\u00e1 abierto para los empresarios de comercios, servicios y turismo interesados en participar.<\/p>\n\n\n\n<p>Refiri\u00f3 que el&nbsp;<strong><a rel=\"noreferrer noopener\" target=\"_blank\" href=\"https:\/\/www.elsoldetlaxcala.com.mx\/tags\/temas\/el-buen-fin\">Buen Fin<\/a><\/strong>&nbsp;surgi\u00f3 como una propuesta de colaboraci\u00f3n entre el sector privado y el gobierno, con el objetivo de apoyar la&nbsp;<strong>econom\u00eda familiar<\/strong>, incentivar la reactivaci\u00f3n econ\u00f3mica y acrecentar el comercio formal.<\/p>\n\n\n\n<p><strong>Invitamos a los agentes econ\u00f3micos a que se sumen y se acerquen a las c\u00e1maras de comercio para solicitar informaci\u00f3n y asesor\u00eda referente al registro de participantes para la edici\u00f3n 2021, recordando en todo momento que el Buen Fin es un esfuerzo colectivo, en busca de una derrama econ\u00f3mica en beneficio de las familias tlaxcaltecas,<\/strong>a\u00f1adi\u00f3.<\/p>\n\n\n\n<h2 class=\"wp-block-heading\"><strong>SEDECO PIDE MANTENER MEDIDAS CONTRA COVID-19<\/strong><\/h2>\n\n\n\n<p>En el uso de la voz,&nbsp;<strong>Javier Marroqu\u00edn Calder\u00f3n<\/strong>, titular de la Sedeco, convoc\u00f3 a los empresarios del&nbsp;<strong>comercio, servicio y turismo&nbsp;<\/strong>a mantener las<strong>&nbsp;medidas preventivas de salud ante Covid-19<\/strong>, con el uso de las disposiciones como aplicaci\u00f3n de gel y toma de temperatura.<\/p>\n\n\n\n<p><strong>Esto nos ayudar\u00e1 a que podamos ayudar, debemos trabajar en conjunto con los diferentes sectores y prevalecer la salud en el estado porque ya cerrar no ser\u00eda opci\u00f3n, al contrario debemos trabajar para que nuestra econom\u00eda se reactive. Este Buen Fin nos ayudar\u00e1 a que la derrama econ\u00f3mica beneficie a muchas familias tlaxcaltecas.<\/strong><\/p>\n\n\n\n<p>Argument\u00f3 que el convenio de colaboraci\u00f3n entre la<strong>&nbsp;Sedeco<\/strong>&nbsp;y las c\u00e1maras de comercio impulsar\u00e1 este sector, adem\u00e1s de que es un compromiso estatal ayudar a las micro, peque\u00f1as y medianas empresas,&nbsp;<strong>generar oportunidades<\/strong>&nbsp;a partir de la coordinaci\u00f3n de acciones entre gobierno y organismos empresariales, para alcanzar resultados \u00f3ptimos y garantizar la reactivaci\u00f3n econ\u00f3mica.<\/p>\n\n\n\n<p>Agreg\u00f3 que el gobierno estatal ejecut\u00f3 varias acciones en materia de salud y eso permiti\u00f3&nbsp;<strong>aforos del 80 %&nbsp;<\/strong>en este momento que Tlaxcala tiene&nbsp;<strong><a rel=\"noreferrer noopener\" target=\"_blank\" href=\"https:\/\/www.elsoldetlaxcala.com.mx\/local\/favorece-a-ip-semaforo-en-verde-7370115.html?token=2096175899\">sem\u00e1foro epidemiol\u00f3gico verde&nbsp;<\/a><\/strong>por el SARS-CoV-2.<\/p>\n\n\n\n<ul class=\"wp-block-list\"><li><strong>Participar\u00e1n en el Buen Fin 2021\u00a0<\/strong><em>de Tlaxcala seis mil 850 unidades econ\u00f3micas. 230 millones de pesos, la estimaci\u00f3n en derrama econ\u00f3mica.<\/em><\/li><\/ul>\n\n\n\n<p>Fuente: https:\/\/www.elsoldetlaxcala.com.mx\/local\/activara-buen-fin-la-economia-de-tlaxcala-7391873.html<\/p>\n","protected":false},"excerpt":{"rendered":"<p>Ser\u00e1 parte del proceso de recuperaci\u00f3n econ\u00f3mica derivado de Covid-19 NADIA MENDOZA \/ EL SOL DE TLAXCALA Como parte del [&hellip;]<\/p>\n","protected":false},"author":1,"featured_media":15115,"comment_status":"open","ping_status":"open","sticky":false,"template":"","format":"standard","meta":{"site-sidebar-layout":"default","site-content-layout":"","ast-site-content-layout":"default","site-content-style":"default","site-sidebar-style":"default","ast-global-header-display":"","ast-banner-title-visibility":"","ast-main-header-display":"","ast-hfb-above-header-display":"","ast-hfb-below-header-display":"","ast-hfb-mobile-header-display":"","site-post-title":"","ast-breadcrumbs-content":"","ast-featured-img":"","footer-sml-layout":"","theme-transparent-header-meta":"","adv-header-id-meta":"","stick-header-meta":"","header-above-stick-meta":"","header-main-stick-meta":"","header-below-stick-meta":"","astra-migrate-meta-layouts":"default","ast-page-background-enabled":"default","ast-page-background-meta":{"desktop":{"background-color":"var(--ast-global-color-4)","background-image":"","background-repeat":"repeat","background-position":"center center","background-size":"auto","background-attachment":"scroll","background-type":"","background-media":"","overlay-type":"","overlay-color":"","overlay-opacity":"","overlay-gradient":""},"tablet":{"background-color":"","background-image":"","background-repeat":"repeat","background-position":"center center","background-size":"auto","background-attachment":"scroll","background-type":"","background-media":"","overlay-type":"","overlay-color":"","overlay-opacity":"","overlay-gradient":""},"mobile":{"background-color":"","background-image":"","background-repeat":"repeat","background-position":"center center","background-size":"auto","background-attachment":"scroll","background-type":"","background-media":"","overlay-type":"","overlay-color":"","overlay-opacity":"","overlay-gradient":""}},"ast-content-background-meta":{"desktop":{"background-color":"var(--ast-global-color-5)","background-image":"","background-repeat":"repeat","background-position":"center center","background-size":"auto","background-attachment":"scroll","background-type":"","background-media":"","overlay-type":"","overlay-color":"","overlay-opacity":"","overlay-gradient":""},"tablet":{"background-color":"var(--ast-global-color-5)","background-image":"","background-repeat":"repeat","background-position":"center center","background-size":"auto","background-attachment":"scroll","background-type":"","background-media":"","overlay-type":"","overlay-color":"","overlay-opacity":"","overlay-gradient":""},"mobile":{"background-color":"var(--ast-global-color-5)","background-image":"","background-repeat":"repeat","background-position":"center center","background-size":"auto","background-attachment":"scroll","background-type":"","background-media":"","overlay-type":"","overlay-color":"","overlay-opacity":"","overlay-gradient":""}},"footnotes":""},"categories":[8],"tags":[5070],"class_list":["post-15114","post","type-post","status-publish","format-standard","has-post-thumbnail","hentry","category-noticias","tag-buen-fin-tlaxcala"],"_links":{"self":[{"href":"https:\/\/losperiodistas.com.mx\/portal\/wp-json\/wp\/v2\/posts\/15114","targetHints":{"allow":["GET"]}}],"collection":[{"href":"https:\/\/losperiodistas.com.mx\/portal\/wp-json\/wp\/v2\/posts"}],"about":[{"href":"https:\/\/losperiodistas.com.mx\/portal\/wp-json\/wp\/v2\/types\/post"}],"author":[{"embeddable":true,"href":"https:\/\/losperiodistas.com.mx\/portal\/wp-json\/wp\/v2\/users\/1"}],"replies":[{"embeddable":true,"href":"https:\/\/losperiodistas.com.mx\/portal\/wp-json\/wp\/v2\/comments?post=15114"}],"version-history":[{"count":1,"href":"https:\/\/losperiodistas.com.mx\/portal\/wp-json\/wp\/v2\/posts\/15114\/revisions"}],"predecessor-version":[{"id":15116,"href":"https:\/\/losperiodistas.com.mx\/portal\/wp-json\/wp\/v2\/posts\/15114\/revisions\/15116"}],"wp:featuredmedia":[{"embeddable":true,"href":"https:\/\/losperiodistas.com.mx\/portal\/wp-json\/wp\/v2\/media\/15115"}],"wp:attachment":[{"href":"https:\/\/losperiodistas.com.mx\/portal\/wp-json\/wp\/v2\/media?parent=15114"}],"wp:term":[{"taxonomy":"category","embeddable":true,"href":"https:\/\/losperiodistas.com.mx\/portal\/wp-json\/wp\/v2\/categories?post=15114"},{"taxonomy":"post_tag","embeddable":true,"href":"https:\/\/losperiodistas.com.mx\/portal\/wp-json\/wp\/v2\/tags?post=15114"}],"curies":[{"name":"wp","href":"https:\/\/api.w.org\/{rel}","templated":true}]}}