{"id":15104,"date":"2021-10-26T05:12:49","date_gmt":"2021-10-26T10:12:49","guid":{"rendered":"http:\/\/losperiodistas.com.mx\/portal\/?p=15104"},"modified":"2021-10-26T05:12:49","modified_gmt":"2021-10-26T10:12:49","slug":"como-espuma-costo-del-tren-maya-sube-42-el-financiero","status":"publish","type":"post","link":"https:\/\/losperiodistas.com.mx\/portal\/como-espuma-costo-del-tren-maya-sube-42-el-financiero\/","title":{"rendered":"\u00a1Como espuma! Costo del Tren Maya sube 42% | El Financiero"},"content":{"rendered":"\n<p style=\"font-size:18px\"><em>Adem\u00e1s, ese proyecto enfrenta 25 amparos que buscan frenar su construcci\u00f3n.<\/em><\/p>\n\n\n\n<p><\/p>\n\n\n\n<figure class=\"wp-block-image size-large\"><img fetchpriority=\"high\" decoding=\"async\" width=\"1024\" height=\"684\" src=\"https:\/\/losperiodistas.com.mx\/portal\/wp-content\/uploads\/2021\/10\/Captura-de-Pantalla-2021-10-26-a-las-5.08.44-1024x684.jpg\" alt=\"\" class=\"wp-image-15105\" srcset=\"https:\/\/losperiodistas.com.mx\/portal\/wp-content\/uploads\/2021\/10\/Captura-de-Pantalla-2021-10-26-a-las-5.08.44-1024x684.jpg 1024w, https:\/\/losperiodistas.com.mx\/portal\/wp-content\/uploads\/2021\/10\/Captura-de-Pantalla-2021-10-26-a-las-5.08.44-300x200.jpg 300w, https:\/\/losperiodistas.com.mx\/portal\/wp-content\/uploads\/2021\/10\/Captura-de-Pantalla-2021-10-26-a-las-5.08.44-768x513.jpg 768w, https:\/\/losperiodistas.com.mx\/portal\/wp-content\/uploads\/2021\/10\/Captura-de-Pantalla-2021-10-26-a-las-5.08.44-1536x1026.jpg 1536w, https:\/\/losperiodistas.com.mx\/portal\/wp-content\/uploads\/2021\/10\/Captura-de-Pantalla-2021-10-26-a-las-5.08.44.jpg 1830w\" sizes=\"(max-width: 1024px) 100vw, 1024px\" \/><figcaption><strong>Tren Maya\u00a0<\/strong>Rogelio Jim\u00e9nez Pons, titular de Fonatur\u00a0(Especial)<\/figcaption><\/figure>\n\n\n\n<p class=\"has-vivid-cyan-blue-color has-text-color has-medium-font-size\">EDUARDO ORTEGA \/ EL FINANCIERO<\/p>\n\n\n\n<p>El proyecto del Tren Maya no s\u00f3lo enfrenta 25 amparos que buscan frenar su construcci\u00f3n, sino adem\u00e1s el incremento de sus costos, los cuales se han disparado al pasar de 140 mil millones a 200 mil millones de pesos, reconoci\u00f3 el director general del Fondo Nacional de Fomento al Turismo (Fonatur), Milardy Douglas Rogelio Jim\u00e9nez Pons.<\/p>\n\n\n\n<p>Al comparecer ante la Comisi\u00f3n de Comunicaciones y Transportes del Senado, que preside la morenista Luc\u00eda Meza, como parte de la glosa del Tercer Informe de Gobierno, el funcionario asegur\u00f3 que \u201cest\u00e1 garantizado\u201d que la construcci\u00f3n del Tren Maya \u201cno afectar\u00e1\u201d al medio ambiente.<\/p>\n\n\n\n<p>Explic\u00f3 que cuando se hizo la estimaci\u00f3n del costo inicial del proyecto, se ten\u00eda contemplado s\u00f3lo construir el tramo Canc\u00fan-Playa del Carmen de doble v\u00eda; sin embargo, despu\u00e9s se decidi\u00f3 realizar de doble v\u00eda los tramos M\u00e9rida-Canc\u00fan, Canc\u00fan-Tulum y Canc\u00fan-Chetumal, el cual, adem\u00e1s, ser\u00e1 electrificado.<\/p>\n\n\n\n<p><a href=\"https:\/\/www.elfinanciero.com.mx\/nacional\/2021\/10\/26\/en-pef-mas-recursos-al-tren-que-para-salud\/\"><\/a><a href=\"https:\/\/www.elfinanciero.com.mx\/nacional\/2021\/10\/26\/en-pef-mas-recursos-al-tren-que-para-salud\/\">Al Presupuesto se \u2018lo lleva el Tren\u2019&#8230; Maya: tiene m\u00e1s recursos que salud<\/a><\/p>\n\n\n\n<hr class=\"wp-block-separator\"\/>\n\n\n\n<p>\u201cEntonces los par\u00e1metros econ\u00f3micos empiezan a cambiar. \u00bfPor qu\u00e9? Porque el costo inicial se va de 140 mil millones de pesos, se va casi a 200 mil. M\u00e1s o menos es lo que hemos estimado, que estamos ahora ajustando\u201d, revel\u00f3.<\/p>\n\n\n\n<p>Jim\u00e9nez Pons detall\u00f3 que de los 25 amparos que buscan frenar la construcci\u00f3n del proyecto, que fueron interpuestos por 327 personas, 49 fueron realizados por personas f\u00edsicas y morales que se repiten.<\/p>\n\n\n\n<p>El funcionario, a pregunta realizada por el senador del PRD, Miguel \u00c1ngel Mancera, refiri\u00f3 que se han identificado a seis organizaciones de la sociedad detr\u00e1s de estos amparos. \u201cA su pregunta expresa si consideramos que esto pueda en un momento dado ocasionar un paro en la construcci\u00f3n, espero que no\u201d, dijo.<\/p>\n\n\n\n<p>De acuerdo con Jim\u00e9nez Pons, algunos l\u00edderes que est\u00e1n en contra de la obra son bien intencionados y est\u00e1n en su derecho de oponerse, sin embargo, otros no tanto, \u201cpero son luchadores sociales que tienen su posici\u00f3n, respetable, y el chiste de todo esto es entender que est\u00e1n en su derecho a manifestarse y a presentar amparos\u201d, consider\u00f3 el funcionario.<\/p>\n\n\n\n<p>Afirm\u00f3 que en Campeche 70 comunidades, representadas por 18 mil habitantes de la regi\u00f3n, se han manifestado en contra de los amparos interpuestos y se han manifestado a favor del proyecto del Tren Maya.<\/p>\n\n\n\n<p>Fuente: https:\/\/www.elfinanciero.com.mx\/nacional\/2021\/10\/26\/el-costo-del-tren-maya-sube-de-140-a-200-mil-mdp\/<\/p>\n","protected":false},"excerpt":{"rendered":"<p>Adem\u00e1s, ese proyecto enfrenta 25 amparos que buscan frenar su construcci\u00f3n. EDUARDO ORTEGA \/ EL FINANCIERO El proyecto del Tren [&hellip;]<\/p>\n","protected":false},"author":1,"featured_media":0,"comment_status":"open","ping_status":"open","sticky":false,"template":"","format":"standard","meta":{"site-sidebar-layout":"default","site-content-layout":"","ast-site-content-layout":"default","site-content-style":"default","site-sidebar-style":"default","ast-global-header-display":"","ast-banner-title-visibility":"","ast-main-header-display":"","ast-hfb-above-header-display":"","ast-hfb-below-header-display":"","ast-hfb-mobile-header-display":"","site-post-title":"","ast-breadcrumbs-content":"","ast-featured-img":"","footer-sml-layout":"","theme-transparent-header-meta":"","adv-header-id-meta":"","stick-header-meta":"","header-above-stick-meta":"","header-main-stick-meta":"","header-below-stick-meta":"","astra-migrate-meta-layouts":"default","ast-page-background-enabled":"default","ast-page-background-meta":{"desktop":{"background-color":"var(--ast-global-color-4)","background-image":"","background-repeat":"repeat","background-position":"center center","background-size":"auto","background-attachment":"scroll","background-type":"","background-media":"","overlay-type":"","overlay-color":"","overlay-opacity":"","overlay-gradient":""},"tablet":{"background-color":"","background-image":"","background-repeat":"repeat","background-position":"center center","background-size":"auto","background-attachment":"scroll","background-type":"","background-media":"","overlay-type":"","overlay-color":"","overlay-opacity":"","overlay-gradient":""},"mobile":{"background-color":"","background-image":"","background-repeat":"repeat","background-position":"center center","background-size":"auto","background-attachment":"scroll","background-type":"","background-media":"","overlay-type":"","overlay-color":"","overlay-opacity":"","overlay-gradient":""}},"ast-content-background-meta":{"desktop":{"background-color":"var(--ast-global-color-5)","background-image":"","background-repeat":"repeat","background-position":"center center","background-size":"auto","background-attachment":"scroll","background-type":"","background-media":"","overlay-type":"","overlay-color":"","overlay-opacity":"","overlay-gradient":""},"tablet":{"background-color":"var(--ast-global-color-5)","background-image":"","background-repeat":"repeat","background-position":"center center","background-size":"auto","background-attachment":"scroll","background-type":"","background-media":"","overlay-type":"","overlay-color":"","overlay-opacity":"","overlay-gradient":""},"mobile":{"background-color":"var(--ast-global-color-5)","background-image":"","background-repeat":"repeat","background-position":"center center","background-size":"auto","background-attachment":"scroll","background-type":"","background-media":"","overlay-type":"","overlay-color":"","overlay-opacity":"","overlay-gradient":""}},"footnotes":""},"categories":[1],"tags":[],"class_list":["post-15104","post","type-post","status-publish","format-standard","hentry","category-sin-categoria"],"_links":{"self":[{"href":"https:\/\/losperiodistas.com.mx\/portal\/wp-json\/wp\/v2\/posts\/15104","targetHints":{"allow":["GET"]}}],"collection":[{"href":"https:\/\/losperiodistas.com.mx\/portal\/wp-json\/wp\/v2\/posts"}],"about":[{"href":"https:\/\/losperiodistas.com.mx\/portal\/wp-json\/wp\/v2\/types\/post"}],"author":[{"embeddable":true,"href":"https:\/\/losperiodistas.com.mx\/portal\/wp-json\/wp\/v2\/users\/1"}],"replies":[{"embeddable":true,"href":"https:\/\/losperiodistas.com.mx\/portal\/wp-json\/wp\/v2\/comments?post=15104"}],"version-history":[{"count":0,"href":"https:\/\/losperiodistas.com.mx\/portal\/wp-json\/wp\/v2\/posts\/15104\/revisions"}],"wp:attachment":[{"href":"https:\/\/losperiodistas.com.mx\/portal\/wp-json\/wp\/v2\/media?parent=15104"}],"wp:term":[{"taxonomy":"category","embeddable":true,"href":"https:\/\/losperiodistas.com.mx\/portal\/wp-json\/wp\/v2\/categories?post=15104"},{"taxonomy":"post_tag","embeddable":true,"href":"https:\/\/losperiodistas.com.mx\/portal\/wp-json\/wp\/v2\/tags?post=15104"}],"curies":[{"name":"wp","href":"https:\/\/api.w.org\/{rel}","templated":true}]}}