{"id":15100,"date":"2021-10-26T04:59:54","date_gmt":"2021-10-26T09:59:54","guid":{"rendered":"http:\/\/losperiodistas.com.mx\/portal\/?p=15100"},"modified":"2021-10-26T04:59:55","modified_gmt":"2021-10-26T09:59:55","slug":"el-proximo-papa-sera-juan-xxiv-francisco","status":"publish","type":"post","link":"https:\/\/losperiodistas.com.mx\/portal\/el-proximo-papa-sera-juan-xxiv-francisco\/","title":{"rendered":"El pr\u00f3ximo Papa ser\u00e1 Juan XXIV: Francisco"},"content":{"rendered":"\n<p style=\"font-size:22px\">*El Pont\u00edfice jesuita podr\u00eda imponer a un cardenal filipino; Benedicto XVI anuncia su muerte<\/p>\n\n\n\n<p><\/p>\n\n\n\n<figure class=\"wp-block-image size-large\"><img fetchpriority=\"high\" decoding=\"async\" width=\"976\" height=\"492\" src=\"https:\/\/losperiodistas.com.mx\/portal\/wp-content\/uploads\/2021\/10\/EL-CARDENAL-FILIPINO-Y-EL-PAPA.jpeg\" alt=\"\" class=\"wp-image-15101\" srcset=\"https:\/\/losperiodistas.com.mx\/portal\/wp-content\/uploads\/2021\/10\/EL-CARDENAL-FILIPINO-Y-EL-PAPA.jpeg 976w, https:\/\/losperiodistas.com.mx\/portal\/wp-content\/uploads\/2021\/10\/EL-CARDENAL-FILIPINO-Y-EL-PAPA-300x151.jpeg 300w, https:\/\/losperiodistas.com.mx\/portal\/wp-content\/uploads\/2021\/10\/EL-CARDENAL-FILIPINO-Y-EL-PAPA-768x387.jpeg 768w, https:\/\/losperiodistas.com.mx\/portal\/wp-content\/uploads\/2021\/10\/EL-CARDENAL-FILIPINO-Y-EL-PAPA-585x295.jpeg 585w\" sizes=\"(max-width: 976px) 100vw, 976px\" \/><\/figure>\n\n\n\n<p class=\"has-vivid-cyan-blue-color has-text-color\" style=\"font-size:26px\"><strong><em>Por Ra\u00fal Torres Salmer\u00f3n<\/em><\/strong><\/p>\n\n\n\n<p>Fue una broma, pero como dice el viejo refr\u00e1n, entre broma y broma la verdad asoma. A fines de septiembre, la agencia de noticias italiana ANSA envi\u00f3 la siguiente informaci\u00f3n, fechada el 4 de octubre:<\/p>\n\n\n\n<p>Como una broma realizada durante un reciente encuentro con el Obispo de Ragusa, Italia, Monse\u00f1or Giuseppe La Placa, el Papa Francisco dijo que en 2025 su sucesor ser\u00e1 Juan XXIV.<\/p>\n\n\n\n<p>El Obispo La Placa relat\u00f3 que en su reuni\u00f3n del 27 de septiembre con el Santo Padre, invit\u00f3 al Papa a visitar la ciudad de Ragusa, con motivo del septuag\u00e9simo quinto aniversario de la fundaci\u00f3n de la Di\u00f3cesis en 2025.<\/p>\n\n\n\n<p>El Santo Padre sonri\u00f3 y asinti\u00f3 con la cabeza y con una broma respondi\u00f3 diciendo que en 2025 Juan XXIV har\u00e1 esa visita.<\/p>\n\n\n\n<p>El encuentro con el Papa, destac\u00f3 Monse\u00f1or La Placa fue una conversaci\u00f3n sencilla, cordial y afectuosa que dej\u00f3 en m\u00ed una profunda huella del alma paterna y del esp\u00edritu apost\u00f3lico del Santo Padre.<\/p>\n\n\n\n<p>El Papa Francisco ha expresado en el pasado su afecto por San Juan XXIII, a quien canoniz\u00f3 junto a San Pablo VI el 27 de abril de 2014.<\/p>\n\n\n\n<p>En la homil\u00eda de la Misa de canonizaci\u00f3n, el Santo Padre dijo que Juan XXIII demostr\u00f3 una delicada docilidad al Esp\u00edritu Santo, se dej\u00f3 conducir y fue para la Iglesia un pastor, un gu\u00eda-guiado. \u00c9ste fue su gran servicio a la Iglesia; fue el Papa de la docilidad al Esp\u00edritu.<\/p>\n\n\n\n<p>\u00bfQUI\u00c9N PODR\u00cdA SER JUAN XXIV?<\/p>\n\n\n\n<p>Por su parte, la Cadena 3 Argentina, despu\u00e9s de una investigaci\u00f3n public\u00f3 la siguiente informaci\u00f3n, a prop\u00f3sito de la broma del Papa Francisco, con el t\u00edtulo: Qui\u00e9n es Juan XXIV, el Posible Sucesor de Francisco:<\/p>\n\n\n\n<p>Juan XXIV ser\u00e1 el sucesor del papa Francisco dentro de 4 a\u00f1os. Al menos fue la respuesta que el Pont\u00edfice le dio en una audiencia privada al obispo de Ragusa, Italia, Monse\u00f1or Giuseppe La Placa, cuando \u00e9ste quiso confirmar su presencia en los actos del 75 aniversario de la creaci\u00f3n de su di\u00f3cesis, en 2025.<\/p>\n\n\n\n<p>Ciertamente se trat\u00f3 de una broma, pero recurrente, que hab\u00eda hecho en anteriores oportunidades.<\/p>\n\n\n\n<p>Y no es porque est\u00e9 pensando en renunciar: Ni se me pas\u00f3 por la cabeza, enfatiz\u00f3 en la entrevista que le realiz\u00f3 la COPE, emisora de radio espa\u00f1ola, en septiembre, cuando la prensa italiana especulaba, luego de la operaci\u00f3n de urgencia a la que hab\u00eda sido sometido poco tiempo atr\u00e1s, a los 85 a\u00f1os, cuando le extirparon unos 30 cent\u00edmetros de intestino.<\/p>\n\n\n\n<p>Los analistas afirman que el Papa es consciente de que su tiempo al mando de la Iglesia no podr\u00e1 ser muy prolongado y que busca influir en la elecci\u00f3n de su sucesor, por lo que al haber lanzado Juan XXIV revel\u00f3 su preferencia por un perfil similar al suyo.<\/p>\n\n\n\n<p>C\u00d3MO SER\u00cdA JUAN XXIV<\/p>\n\n\n\n<p>EL candidato papal ser\u00eda como un gran reformador, ya que su antecesor Juan XXIII se destac\u00f3 por haber convocado el Concilio Vaticano II que implic\u00f3 el mayor aggionamiento de la Iglesia en los \u00faltimos siglos.<\/p>\n\n\n\n<p>Si finalmente logra imponerlo, significar\u00e1 una continuidad y si no lo hace, habr\u00e1 una ruptura desde el mismo momento en que ese nombre sea anunciado en la plaza de San Pedro.<\/p>\n\n\n\n<p>Francisco fue el Papa que m\u00e1s cardenales electores lleva nombrados de los 121 menores de 80 a\u00f1os que integran por ahora el c\u00f3nclave, 70 contra 38 de Benedicto XVI y solo 13 de Juan Pablo II.<\/p>\n\n\n\n<p>Sin embargo, antes de diciembre de 2022, la composici\u00f3n cambiar\u00e1, pues 11 cumplir\u00e1n la edad de jubilaci\u00f3n, por lo que es probable que Francisco convoque un nuevo consistorio, la ceremonia de creaci\u00f3n de cardenales y sume una decena m\u00e1s de electores.<\/p>\n\n\n\n<p>En este contexto cabe esperar que el c\u00f3nclave que designar\u00e1 a su sucesor ser\u00eda totalmente francisquista, ya que dispondr\u00eda de los dos tercios de mayor\u00eda necesaria para elegir al nuevo Pont\u00edfice, de acuerdo con las normas establecidas por Benedicto XVI.<\/p>\n\n\n\n<p>Que el antecesor, Benedicto XVI, siga todav\u00eda vivo, configura una situaci\u00f3n extra\u00f1a en la Iglesia, en la que coexisten dos Papas y no son pocos los detractores de Francisco que siguen otorgando la legitimidad a Ratzinger.<\/p>\n\n\n\n<p>\u00bfQu\u00e9 hubiera sucedido entonces si hubiese prosperado la presi\u00f3n para hacerlo renunciar al actual em\u00e9rito? Que habr\u00eda tres Papas en cuanto se le designara sucesor.<\/p>\n\n\n\n<p>Al elegir Francisco su Juan XXIV, rememora a Angelo Roncalli, Juan XXIII, quien fue ungido a punto de cumplir los 78 a\u00f1os, precedido por una fama de conservador. El propio Bergoglio lo canoniz\u00f3 en 2014. Pero termin\u00f3 sorprendiendo a la Iglesia y al mundo con la convocatoria del segundo Concilio Vaticano.<\/p>\n\n\n\n<p>Renov\u00f3 la liturgia y sustituy\u00f3 el lat\u00edn por las lenguas vern\u00e1culas. Apost\u00f3 por el ecumenismo, se abri\u00f3 al papel de los laicos en la Iglesia y se acerc\u00f3 al mundo contempor\u00e1neo para establecer un di\u00e1logo centrado en lo que nos une y no en lo que nos separa.<\/p>\n\n\n\n<p>\u00bfSe sabe qui\u00e9n ser\u00eda el Juan XXIV de Francisco? A quien se tiene como uno de los suyos, es el jesuita filipino de 64 a\u00f1os, a quien responsabiliz\u00f3 del manejo de C\u00e1ritas Internacional y puso al frente de la Congregaci\u00f3n para la Evangelizaci\u00f3n de los Pueblos, como Prefecto, adem\u00e1s de nombrarlo Presidente de la Federaci\u00f3n B\u00edblica Cat\u00f3lica. Es el Obispo de Manila, se llama Luis Antonio Tagle y se lo conoce como Cardenal Chito.<\/p>\n\n\n\n<p>Pero a\u00fan con el concilio num\u00e9ricamente de su lado, no va a ser sencillo para Francisco imponer una l\u00ednea de sucesi\u00f3n dentro del clima adverso en un sector importante de la Iglesia, termina diciendo el medio de comunicaci\u00f3n argentino.<\/p>\n\n\n\n<p>LA PEL\u00cdCULA LOS DOS PAPAS<\/p>\n\n\n\n<p>De acuerdo a la BBC de Londres, en el an\u00e1lisis de la pel\u00edcula de Netflix Los Dos Papas, desvela algunos entretelones no oficiales sobre la elecci\u00f3n del Papa Francisco.<\/p>\n\n\n\n<p>Hubo detalles que salieron a la luz estos a\u00f1os, como los documentos filtrados al diario italiano La Strada que reflejaron que durante el c\u00f3nclave de 2005, el nombre del argentino qued\u00f3 en el segundo puesto en la votaci\u00f3n que, como se esperaba, gan\u00f3 Ratzinger despu\u00e9s de cuatro fumatas negras.<\/p>\n\n\n\n<figure class=\"wp-block-image size-large\"><img decoding=\"async\" width=\"800\" height=\"450\" src=\"https:\/\/losperiodistas.com.mx\/portal\/wp-content\/uploads\/2021\/10\/LOS-DOS-PAPAS.jpeg\" alt=\"\" class=\"wp-image-15102\" srcset=\"https:\/\/losperiodistas.com.mx\/portal\/wp-content\/uploads\/2021\/10\/LOS-DOS-PAPAS.jpeg 800w, https:\/\/losperiodistas.com.mx\/portal\/wp-content\/uploads\/2021\/10\/LOS-DOS-PAPAS-300x169.jpeg 300w, https:\/\/losperiodistas.com.mx\/portal\/wp-content\/uploads\/2021\/10\/LOS-DOS-PAPAS-768x432.jpeg 768w\" sizes=\"(max-width: 800px) 100vw, 800px\" \/><\/figure>\n\n\n\n<p>Oficialmente, Benedicto XVI aleg\u00f3 falta de fuerzas para poder hacer frente a los desaf\u00edos de la Iglesia, seg\u00fan dijo en lat\u00edn en su hist\u00f3rico anuncio de renuncia en febrero de 2013.<\/p>\n\n\n\n<p>La pel\u00edcula sugiere otro elemento, la culpa y una presunta crisis de fe tras la d\u00e9bil respuesta que dio a los esc\u00e1ndalos de abusos sexuales a menores por parte de los curas cat\u00f3licos y en especial, el mexicano Marcial Maciel.<\/p>\n\n\n\n<p>Sin embargo, no hay informaci\u00f3n p\u00fablica que apunte a que Ratzinger se haya arrepentido de c\u00f3mo manej\u00f3 la crisis de los abusos o que se hubiese reunido en la Capilla Sixtina para compartir sus planes de renuncia con el cardenal argentino.<\/p>\n\n\n\n<p>Mucho menos que hayan tenido lugar las conversaciones entre ambos sobre la crisis de fe, los problemas para escuchar la voz de Dios, el intercambio sobre la humildad, los zapatos de Bergoglio o el atrac\u00f3n de pizza y Fanta que se dan en la Capilla de las L\u00e1grimas, aunque es conocido que el Papa Em\u00e9rito es fan\u00e1tico del jugo artificial de naranja.<\/p>\n\n\n\n<p>BENEDICTO ANUNCIA SU MUERTE<\/p>\n\n\n\n<p>Y como si las cosas en el mundo y en la Iglesia Cat\u00f3lica estuvieran tranquilas, la agencia ACIPrensa report\u00f3 el pasado 19 de octubre que el Papa Em\u00e9rito Benedicto XVI, de 94 a\u00f1os, expres\u00f3 que espera unirse pronto a sus amigos en el Cielo, en un mensaje de condolencia por la muerte de un sacerdote de la orden cisterciense.<\/p>\n\n\n\n<p>En una carta con fecha 2 de octubre y publicada por Wilhering Abbey en Austria, Benedicto XVI dijo que la muerte del P. Gerhard Winkler lo conmovi\u00f3 profundamente.<\/p>\n\n\n\n<p>La noticia del fallecimiento del Prof. Dr. Gerhard Winkler O. Cist., que se me ha transmitido, me ha afectado profundamente. Entre todos los colegas y amigos, \u00e9l era el m\u00e1s cercano a m\u00ed. Su alegr\u00eda y profunda fe siempre me atrajeron, escribi\u00f3 Benedicto XVI, que fue Papa de 2005 a 2013.<\/p>\n\n\n\n<p>Ahora ha llegado al otro mundo, donde estoy seguro de que ya le esperan muchos amigos. Espero poder unirme a ellos pronto, indic\u00f3.<\/p>\n\n\n\n<p>Como dicen algunos pol\u00edticos cuando toman decisiones que afectar\u00e1n a sus gobernados: Que Dios nos agarre confesados si las informaciones anteriores resultan ciertas en el corto y mediano plazo.<\/p>\n\n\n\n<p>En fin, como escribi\u00f3 Karol Wojtyla, el Papa Juan Pablo II (Polonia, 1920-2005), el poema La Capilla Sixtina, en su libro Tr\u00edptico Romano, Poemas, escrito en 2003:<\/p>\n\n\n\n<p>La transparencia final y la luz.<\/p>\n\n\n\n<p>La transparencia de los hechos.<\/p>\n\n\n\n<p>La transparencia de las conciencias.<\/p>\n\n\n\n<p>Es preciso que, durante el c\u00f3nclave,<\/p>\n\n\n\n<p>Miguel \u00c1ngel conciencie al pueblo.<\/p>\n\n\n\n<p>No olvid\u00e9is: &#8216;Omnia nuda et aperta sunt ante oculos Eius&#8217;.<\/p>\n\n\n\n<p>\u00a1T\u00fa que lo penetras todo, indica!<\/p>\n\n\n\n<p>\u00c9l indicar\u00e1&#8230;<\/p>\n\n\n\n<p>raultorress@hotmail.com<\/p>\n","protected":false},"excerpt":{"rendered":"<p>*El Pont\u00edfice jesuita podr\u00eda imponer a un cardenal filipino; Benedicto XVI anuncia su muerte Por Ra\u00fal Torres Salmer\u00f3n Fue una [&hellip;]<\/p>\n","protected":false},"author":1,"featured_media":15101,"comment_status":"open","ping_status":"open","sticky":false,"template":"","format":"standard","meta":{"site-sidebar-layout":"default","site-content-layout":"","ast-site-content-layout":"default","site-content-style":"default","site-sidebar-style":"default","ast-global-header-display":"","ast-banner-title-visibility":"","ast-main-header-display":"","ast-hfb-above-header-display":"","ast-hfb-below-header-display":"","ast-hfb-mobile-header-display":"","site-post-title":"","ast-breadcrumbs-content":"","ast-featured-img":"","footer-sml-layout":"","theme-transparent-header-meta":"","adv-header-id-meta":"","stick-header-meta":"","header-above-stick-meta":"","header-main-stick-meta":"","header-below-stick-meta":"","astra-migrate-meta-layouts":"default","ast-page-background-enabled":"default","ast-page-background-meta":{"desktop":{"background-color":"var(--ast-global-color-4)","background-image":"","background-repeat":"repeat","background-position":"center center","background-size":"auto","background-attachment":"scroll","background-type":"","background-media":"","overlay-type":"","overlay-color":"","overlay-opacity":"","overlay-gradient":""},"tablet":{"background-color":"","background-image":"","background-repeat":"repeat","background-position":"center center","background-size":"auto","background-attachment":"scroll","background-type":"","background-media":"","overlay-type":"","overlay-color":"","overlay-opacity":"","overlay-gradient":""},"mobile":{"background-color":"","background-image":"","background-repeat":"repeat","background-position":"center center","background-size":"auto","background-attachment":"scroll","background-type":"","background-media":"","overlay-type":"","overlay-color":"","overlay-opacity":"","overlay-gradient":""}},"ast-content-background-meta":{"desktop":{"background-color":"var(--ast-global-color-5)","background-image":"","background-repeat":"repeat","background-position":"center center","background-size":"auto","background-attachment":"scroll","background-type":"","background-media":"","overlay-type":"","overlay-color":"","overlay-opacity":"","overlay-gradient":""},"tablet":{"background-color":"var(--ast-global-color-5)","background-image":"","background-repeat":"repeat","background-position":"center center","background-size":"auto","background-attachment":"scroll","background-type":"","background-media":"","overlay-type":"","overlay-color":"","overlay-opacity":"","overlay-gradient":""},"mobile":{"background-color":"var(--ast-global-color-5)","background-image":"","background-repeat":"repeat","background-position":"center center","background-size":"auto","background-attachment":"scroll","background-type":"","background-media":"","overlay-type":"","overlay-color":"","overlay-opacity":"","overlay-gradient":""}},"footnotes":""},"categories":[8,19],"tags":[5063,2370],"class_list":["post-15100","post","type-post","status-publish","format-standard","has-post-thumbnail","hentry","category-noticias","category-sin-limites-2","tag-dos-papas","tag-vaticano"],"_links":{"self":[{"href":"https:\/\/losperiodistas.com.mx\/portal\/wp-json\/wp\/v2\/posts\/15100","targetHints":{"allow":["GET"]}}],"collection":[{"href":"https:\/\/losperiodistas.com.mx\/portal\/wp-json\/wp\/v2\/posts"}],"about":[{"href":"https:\/\/losperiodistas.com.mx\/portal\/wp-json\/wp\/v2\/types\/post"}],"author":[{"embeddable":true,"href":"https:\/\/losperiodistas.com.mx\/portal\/wp-json\/wp\/v2\/users\/1"}],"replies":[{"embeddable":true,"href":"https:\/\/losperiodistas.com.mx\/portal\/wp-json\/wp\/v2\/comments?post=15100"}],"version-history":[{"count":1,"href":"https:\/\/losperiodistas.com.mx\/portal\/wp-json\/wp\/v2\/posts\/15100\/revisions"}],"predecessor-version":[{"id":15103,"href":"https:\/\/losperiodistas.com.mx\/portal\/wp-json\/wp\/v2\/posts\/15100\/revisions\/15103"}],"wp:featuredmedia":[{"embeddable":true,"href":"https:\/\/losperiodistas.com.mx\/portal\/wp-json\/wp\/v2\/media\/15101"}],"wp:attachment":[{"href":"https:\/\/losperiodistas.com.mx\/portal\/wp-json\/wp\/v2\/media?parent=15100"}],"wp:term":[{"taxonomy":"category","embeddable":true,"href":"https:\/\/losperiodistas.com.mx\/portal\/wp-json\/wp\/v2\/categories?post=15100"},{"taxonomy":"post_tag","embeddable":true,"href":"https:\/\/losperiodistas.com.mx\/portal\/wp-json\/wp\/v2\/tags?post=15100"}],"curies":[{"name":"wp","href":"https:\/\/api.w.org\/{rel}","templated":true}]}}