{"id":15025,"date":"2021-10-24T12:08:30","date_gmt":"2021-10-24T17:08:30","guid":{"rendered":"http:\/\/losperiodistas.com.mx\/portal\/?p=15025"},"modified":"2021-10-24T13:03:58","modified_gmt":"2021-10-24T18:03:58","slug":"que-nivel-de-desarrollo-politico-lopez-obrador-senalo-a-tabasco-y-guerrero-como-los-mas-liberales-infobae","status":"publish","type":"post","link":"https:\/\/losperiodistas.com.mx\/portal\/que-nivel-de-desarrollo-politico-lopez-obrador-senalo-a-tabasco-y-guerrero-como-los-mas-liberales-infobae\/","title":{"rendered":"\u201cQu\u00e9 nivel de desarrollo pol\u00edtico\u201d: L\u00f3pez Obrador se\u00f1al\u00f3 a Tabasco y Guerrero como los \u201cm\u00e1s liberales\u201d | Infobae"},"content":{"rendered":"\n<p style=\"font-size:18px\"><em>El presidente asegur\u00f3 que los estados fronterizos y con centros nocturnos son los \u201cm\u00e1s progresistas\u201d<\/em><\/p>\n\n\n\n<p><\/p>\n\n\n\n<figure class=\"wp-block-image size-large\"><img fetchpriority=\"high\" decoding=\"async\" width=\"1024\" height=\"682\" src=\"https:\/\/losperiodistas.com.mx\/portal\/wp-content\/uploads\/2021\/10\/Captura-de-Pantalla-2021-10-24-a-las-13.00.23-1024x682.jpg\" alt=\"\" class=\"wp-image-15026\" srcset=\"https:\/\/losperiodistas.com.mx\/portal\/wp-content\/uploads\/2021\/10\/Captura-de-Pantalla-2021-10-24-a-las-13.00.23-1024x682.jpg 1024w, https:\/\/losperiodistas.com.mx\/portal\/wp-content\/uploads\/2021\/10\/Captura-de-Pantalla-2021-10-24-a-las-13.00.23-300x200.jpg 300w, https:\/\/losperiodistas.com.mx\/portal\/wp-content\/uploads\/2021\/10\/Captura-de-Pantalla-2021-10-24-a-las-13.00.23-768x511.jpg 768w, https:\/\/losperiodistas.com.mx\/portal\/wp-content\/uploads\/2021\/10\/Captura-de-Pantalla-2021-10-24-a-las-13.00.23.jpg 1520w\" sizes=\"(max-width: 1024px) 100vw, 1024px\" \/><figcaption>El presidente agradeci\u00f3 al pueblo de Acapulco por su apoyo antes y durante su administraci\u00f3n. (Foto: Captura de Pantalla \/ Youtube Andr\u00e9s Manuel L\u00f3pez Obrador)<\/figcaption><\/figure>\n\n\n\n<p><\/p>\n\n\n\n<p class=\"has-vivid-cyan-blue-color has-text-color has-medium-font-size\">INFOBAE<\/p>\n\n\n\n<p><strong>Andr\u00e9s Manuel L\u00f3pez Obrador (<\/strong><a href=\"https:\/\/www.infobae.com\/tag\/amlo\/\" target=\"_blank\" rel=\"noreferrer noopener\"><strong>AMLO<\/strong><\/a><strong>)&nbsp;<\/strong>reconoci\u00f3 a&nbsp;<strong>Tabasco&nbsp;<\/strong>y&nbsp;<strong>Guerrero&nbsp;<\/strong>como las entidades&nbsp;<strong>\u201cm\u00e1s liberales\u201d&nbsp;<\/strong>de la&nbsp;<strong>Rep\u00fablica Mexicana;&nbsp;<\/strong>una caracter\u00edstica que, asegur\u00f3, tambi\u00e9n comparten los estados que son sedes de&nbsp;<strong>centros tur\u00edsticos&nbsp;<\/strong>y&nbsp;<strong>fronterizos.<\/strong>\u201cAqu\u00ed siempre nos han apoyado (&#8230;) Acapulco, Canc\u00fan, Vallarta, La Paz, Los Cabos &#8230; los centros tur\u00edsticos, sobre todo por el fen\u00f3meno migratorio, son muy progresistas, muy liberales\u201c.<\/p>\n\n\n\n<p>Durante su gira por Guerrero, el mandatario argument\u00f3 que esta cualidad se ha reflejado en la\u00a0<strong>apertura<\/strong>\u00a0que dichas demarcaciones (en mayor medida, los\u00a0<strong>fronterizos<\/strong>) han demostrado hacia la elecci\u00f3n de representantes oriundos de lugares\u00a0<strong>ajenos<\/strong>\u00a0al que gobiernan.<\/p>\n\n\n\n<p>\u201cMiren que&nbsp;<strong>avanzado<\/strong>&nbsp;(&#8230;) Que nivel de&nbsp;<strong>desarrollo pol\u00edtico&nbsp;<\/strong>de la gente que viven estas ciudades pol\u00edticas o fronterizas, que puede gobernar alguien que no naci\u00f3 en ese municipio.&nbsp;<strong>Y no lo ven mal<\/strong>\u201d, reconoci\u00f3 AMLO, ejemplificando con los casos de&nbsp;<strong>Abelina L\u00f3pez&nbsp;<\/strong>(presidenta de&nbsp;<strong>Acapulco<\/strong>) y&nbsp;<strong>Monserrat Caballero&nbsp;<\/strong>(pr\u00f3xima de Tijuana), ambas oriundas de&nbsp;<strong>Oaxaca.<\/strong><img decoding=\"async\" alt=\"(Foto: Captura de Pantalla \/ Youtube Andr\u00e9s Manuel L\u00f3pez Obrador)\" src=\"https:\/\/www.infobae.com\/new-resizer\/RYhKElG9kDPUhlyStmyeo73YhJ4=\/420x236\/filters:format(jpg):quality(85)\/cloudfront-us-east-1.images.arcpublishing.com\/infobae\/ASI3JOKEQFGQ3NQVTCUUUCVY3Y.png%20420w\" height=\"608\" width=\"1088\" srcset=\"https:\/\/www.infobae.com\/new-resizer\/RYhKElG9kDPUhlyStmyeo73YhJ4=\/420x236\/filters:format(jpg):quality(85)\/cloudfront-us-east-1.images.arcpublishing.com\/infobae\/ASI3JOKEQFGQ3NQVTCUUUCVY3Y.png 420w,https:\/\/www.infobae.com\/new-resizer\/1j969MMv3PYElhpCT4InzZZuTFs=\/768x432\/filters:format(jpg):quality(85)\/cloudfront-us-east-1.images.arcpublishing.com\/infobae\/ASI3JOKEQFGQ3NQVTCUUUCVY3Y.png 768w,https:\/\/www.infobae.com\/new-resizer\/eb8e8KkeOeTAT5dzMR7-6lEIll0=\/992x558\/filters:format(jpg):quality(85)\/cloudfront-us-east-1.images.arcpublishing.com\/infobae\/ASI3JOKEQFGQ3NQVTCUUUCVY3Y.png 992w,https:\/\/www.infobae.com\/new-resizer\/uuiZO-bsh5OP-AK42RAkHIYJYIA=\/1200x675\/filters:format(jpg):quality(85)\/cloudfront-us-east-1.images.arcpublishing.com\/infobae\/ASI3JOKEQFGQ3NQVTCUUUCVY3Y.png 1200w,https:\/\/www.infobae.com\/new-resizer\/Y1zZF2XJskg8Wn69pXMi2zRmjHQ=\/1440x810\/filters:format(jpg):quality(85)\/cloudfront-us-east-1.images.arcpublishing.com\/infobae\/ASI3JOKEQFGQ3NQVTCUUUCVY3Y.png 1440w\">(Foto: Captura de Pantalla \/ Youtube Andr\u00e9s Manuel L\u00f3pez Obrador)<\/p>\n\n\n\n<p>En ese tenor, Andr\u00e9s Manuel presumi\u00f3 que en Tabasco&nbsp;<strong>\u201cel principal partido conservador\u201d&nbsp;<\/strong>hab\u00eda obtenido&nbsp;<strong>1.5%&nbsp;<\/strong>del sufragio en la votaci\u00f3n pasada: factor que, asegur\u00f3,&nbsp;<strong>\u201cno es nuevo\u201d&nbsp;<\/strong>en el estado.\u201cMe llena de orgullo (&#8230;) En mi estado somos liberales, somos radicales. Y es lo mismo Guerrero y Acapulco\u201d.<\/p>\n\n\n\n<p>Finalmente, el tabasque\u00f1o asever\u00f3 que la mayor\u00eda de los sufragios a favor de su proyecto de la\u00a0<strong>Cuarta Transformaci\u00f3n (4T)<\/strong>\u00a0proven\u00edan de los estados que calific\u00f3 como\u00a0<strong>\u201cliberales\u201d<\/strong>: \u201cPor eso me da mucho gusto estar aqu\u00ed en Acapulco\u201d, expres\u00f3.<\/p>\n\n\n\n<p><a href=\"https:\/\/mailchi.mp\/newsletter\/mexico-al-dia-mananas\"><strong>Todas las ma\u00f1anas en tu correo: suscr\u00edbete al newsletter de Infobae M\u00e9xico<\/strong><\/a><img decoding=\"async\" height=\"574\" width=\"866\" srcset=\"https:\/\/www.infobae.com\/new-resizer\/O08D-OaDWUQ2Xg1Az1bZVaA8CxA=\/420x280\/filters:format(jpg):quality(85)\/cloudfront-us-east-1.images.arcpublishing.com\/infobae\/LYPZG7NDFBBMHLRSP6GGRULIJA.jpeg 420w,https:\/\/www.infobae.com\/new-resizer\/JVUiu3IBAq04B8CmuwUJ-ekM5Dk=\/768x512\/filters:format(jpg):quality(85)\/cloudfront-us-east-1.images.arcpublishing.com\/infobae\/LYPZG7NDFBBMHLRSP6GGRULIJA.jpeg 768w,https:\/\/www.infobae.com\/new-resizer\/YGSwozKFYQPwf3upIdyEdN56ank=\/992x661\/filters:format(jpg):quality(85)\/cloudfront-us-east-1.images.arcpublishing.com\/infobae\/LYPZG7NDFBBMHLRSP6GGRULIJA.jpeg 992w,https:\/\/www.infobae.com\/new-resizer\/XlzeyI9lZer3UrDIZjmeVR0fO2M=\/1200x800\/filters:format(jpg):quality(85)\/cloudfront-us-east-1.images.arcpublishing.com\/infobae\/LYPZG7NDFBBMHLRSP6GGRULIJA.jpeg 1200w,https:\/\/www.infobae.com\/new-resizer\/CA2gIpMHwgvPz3KgBFs7pQtn13w=\/1440x960\/filters:format(jpg):quality(85)\/cloudfront-us-east-1.images.arcpublishing.com\/infobae\/LYPZG7NDFBBMHLRSP6GGRULIJA.jpeg 1440w\" alt=\"&quot;Todo el apoyo del Gobierno Federal\u201d, expres\u00f3 el presidente. (Foto: Presidencia de M\u00e9xico)\" src=\"https:\/\/www.infobae.com\/new-resizer\/O08D-OaDWUQ2Xg1Az1bZVaA8CxA=\/420x280\/filters:format(jpg):quality(85)\/cloudfront-us-east-1.images.arcpublishing.com\/infobae\/LYPZG7NDFBBMHLRSP6GGRULIJA.jpeg%20420w\">\u00abTodo el apoyo del Gobierno Federal\u201d, expres\u00f3 el presidente. (Foto: Presidencia de M\u00e9xico)<\/p>\n\n\n\n<p>En otro momento de la conferencia, el Jefe del Ejecutivo reiter\u00f3 su apoyo a&nbsp;<a href=\"https:\/\/www.infobae.com\/america\/mexico\/2021\/10\/22\/evelyn-salgado-la-gobernadora-de-guerrero-sufrio-el-hackeo-de-su-cuenta-de-whatsapp\/\" target=\"_blank\" rel=\"noreferrer noopener\"><strong>Evelyn Salgado Macedonio<\/strong><\/a>, Gobernadora de Guerrero, asegurando que la gobernante recibir\u00e1&nbsp;<strong>\u201ctodo el apoyo del Gobierno Federal\u201d.&nbsp;<\/strong>De igual manera, reconoci\u00f3 la administraci\u00f3n de&nbsp;<strong>Abelina L\u00f3pez&nbsp;<\/strong>al frente de la presidencia municipal de&nbsp;<strong>Acapulco.<\/strong>\u201cContinuar apoyando en Acapulco. Ahora con m\u00e1s raz\u00f3n porque se necesita respaldar a las dos mujeres que gobiernan en Guerrero y Acapulco. Las vamos a apoyar. Ya lo hemos venido haciendo (&#8230;) \u201cEn el caso de Evelyn, como lo he venido diciendo en estos dos d\u00edas: todo el apoyo del Gobierno Federal\u201d.<\/p>\n\n\n\n<p>El mandatario resalt\u00f3 la implementaci\u00f3n de un programa gubernamental con el cual se buscar\u00e1&nbsp;<strong>\u201caminorar los contrastes\u201d<\/strong>&nbsp;del municipio: \u201cQue no haya una zona tur\u00edstica con&nbsp;<strong>hoteles de gran lujo<\/strong>&nbsp;y&nbsp;<strong>colonias populares abandonadas<\/strong>; sin servicios, donde viven los trabajadores del sector tur\u00edstico\u201d, asever\u00f3.<\/p>\n\n\n\n<p>Para ello, se llevaron a cabo\u00a0<strong>obras de restauraci\u00f3n\u00a0<\/strong>y mejoramiento<strong>\u00a0urbano &#8211;<\/strong>\u00a0entre las cuales se incluy\u00f3 la restauraci\u00f3n del\u00a0<strong>Parque Papagayo\u00a0<\/strong>&#8211; motivo central del encuentro. Por esa raz\u00f3n, reconoci\u00f3 al ex gobernador,\u00a0<strong>H\u00e9ctor Astudillo<\/strong>, por su colaboraci\u00f3n para la obra: \u201cEl cumpli\u00f3 con su aportaci\u00f3n\u201d, afirm\u00f3.<\/p>\n\n\n\n<p>Fuente: https:\/\/www.infobae.com\/america\/mexico\/2021\/10\/24\/que-nivel-de-desarrollo-politico-lopez-obrador-senalo-a-tabasco-y-guerrero-como-los-mas-liberales\/<\/p>\n","protected":false},"excerpt":{"rendered":"<p>El presidente asegur\u00f3 que los estados fronterizos y con centros nocturnos son los \u201cm\u00e1s progresistas\u201d INFOBAE Andr\u00e9s Manuel L\u00f3pez Obrador [&hellip;]<\/p>\n","protected":false},"author":1,"featured_media":15026,"comment_status":"open","ping_status":"open","sticky":false,"template":"","format":"standard","meta":{"site-sidebar-layout":"default","site-content-layout":"","ast-site-content-layout":"default","site-content-style":"default","site-sidebar-style":"default","ast-global-header-display":"","ast-banner-title-visibility":"","ast-main-header-display":"","ast-hfb-above-header-display":"","ast-hfb-below-header-display":"","ast-hfb-mobile-header-display":"","site-post-title":"","ast-breadcrumbs-content":"","ast-featured-img":"","footer-sml-layout":"","theme-transparent-header-meta":"","adv-header-id-meta":"","stick-header-meta":"","header-above-stick-meta":"","header-main-stick-meta":"","header-below-stick-meta":"","astra-migrate-meta-layouts":"default","ast-page-background-enabled":"default","ast-page-background-meta":{"desktop":{"background-color":"var(--ast-global-color-4)","background-image":"","background-repeat":"repeat","background-position":"center center","background-size":"auto","background-attachment":"scroll","background-type":"","background-media":"","overlay-type":"","overlay-color":"","overlay-opacity":"","overlay-gradient":""},"tablet":{"background-color":"","background-image":"","background-repeat":"repeat","background-position":"center center","background-size":"auto","background-attachment":"scroll","background-type":"","background-media":"","overlay-type":"","overlay-color":"","overlay-opacity":"","overlay-gradient":""},"mobile":{"background-color":"","background-image":"","background-repeat":"repeat","background-position":"center center","background-size":"auto","background-attachment":"scroll","background-type":"","background-media":"","overlay-type":"","overlay-color":"","overlay-opacity":"","overlay-gradient":""}},"ast-content-background-meta":{"desktop":{"background-color":"var(--ast-global-color-5)","background-image":"","background-repeat":"repeat","background-position":"center center","background-size":"auto","background-attachment":"scroll","background-type":"","background-media":"","overlay-type":"","overlay-color":"","overlay-opacity":"","overlay-gradient":""},"tablet":{"background-color":"var(--ast-global-color-5)","background-image":"","background-repeat":"repeat","background-position":"center center","background-size":"auto","background-attachment":"scroll","background-type":"","background-media":"","overlay-type":"","overlay-color":"","overlay-opacity":"","overlay-gradient":""},"mobile":{"background-color":"var(--ast-global-color-5)","background-image":"","background-repeat":"repeat","background-position":"center center","background-size":"auto","background-attachment":"scroll","background-type":"","background-media":"","overlay-type":"","overlay-color":"","overlay-opacity":"","overlay-gradient":""}},"footnotes":""},"categories":[8],"tags":[199,5015,5016,5017,4989],"class_list":["post-15025","post","type-post","status-publish","format-standard","has-post-thumbnail","hentry","category-noticias","tag-amlo","tag-entidades-liberales","tag-evelyn-salgado-macedonio","tag-guerrero","tag-tabasco"],"_links":{"self":[{"href":"https:\/\/losperiodistas.com.mx\/portal\/wp-json\/wp\/v2\/posts\/15025","targetHints":{"allow":["GET"]}}],"collection":[{"href":"https:\/\/losperiodistas.com.mx\/portal\/wp-json\/wp\/v2\/posts"}],"about":[{"href":"https:\/\/losperiodistas.com.mx\/portal\/wp-json\/wp\/v2\/types\/post"}],"author":[{"embeddable":true,"href":"https:\/\/losperiodistas.com.mx\/portal\/wp-json\/wp\/v2\/users\/1"}],"replies":[{"embeddable":true,"href":"https:\/\/losperiodistas.com.mx\/portal\/wp-json\/wp\/v2\/comments?post=15025"}],"version-history":[{"count":1,"href":"https:\/\/losperiodistas.com.mx\/portal\/wp-json\/wp\/v2\/posts\/15025\/revisions"}],"predecessor-version":[{"id":15027,"href":"https:\/\/losperiodistas.com.mx\/portal\/wp-json\/wp\/v2\/posts\/15025\/revisions\/15027"}],"wp:featuredmedia":[{"embeddable":true,"href":"https:\/\/losperiodistas.com.mx\/portal\/wp-json\/wp\/v2\/media\/15026"}],"wp:attachment":[{"href":"https:\/\/losperiodistas.com.mx\/portal\/wp-json\/wp\/v2\/media?parent=15025"}],"wp:term":[{"taxonomy":"category","embeddable":true,"href":"https:\/\/losperiodistas.com.mx\/portal\/wp-json\/wp\/v2\/categories?post=15025"},{"taxonomy":"post_tag","embeddable":true,"href":"https:\/\/losperiodistas.com.mx\/portal\/wp-json\/wp\/v2\/tags?post=15025"}],"curies":[{"name":"wp","href":"https:\/\/api.w.org\/{rel}","templated":true}]}}