{"id":15021,"date":"2021-10-24T12:01:37","date_gmt":"2021-10-24T17:01:37","guid":{"rendered":"http:\/\/losperiodistas.com.mx\/portal\/?p=15021"},"modified":"2021-10-24T12:58:55","modified_gmt":"2021-10-24T17:58:55","slug":"divide-et-impera","status":"publish","type":"post","link":"https:\/\/losperiodistas.com.mx\/portal\/divide-et-impera\/","title":{"rendered":"\u00abDivide et impera\u00bb"},"content":{"rendered":"\n<p><\/p>\n\n\n\n<figure class=\"wp-block-embed is-type-video is-provider-youtube wp-block-embed-youtube wp-embed-aspect-16-9 wp-has-aspect-ratio\"><div class=\"wp-block-embed__wrapper\">\n<iframe title=\"&quot;Divide et impera&quot;\" width=\"500\" height=\"281\" src=\"https:\/\/www.youtube.com\/embed\/hLt7iNsulpo?feature=oembed\" frameborder=\"0\" allow=\"accelerometer; autoplay; clipboard-write; encrypted-media; gyroscope; picture-in-picture; web-share\" referrerpolicy=\"strict-origin-when-cross-origin\" allowfullscreen><\/iframe>\n<\/div><\/figure>\n\n\n\n<p><\/p>\n\n\n\n<p class=\"has-vivid-cyan-blue-color has-text-color\" style=\"font-size:26px\"><em>Por Jes\u00fas Manuel Hern\u00e1ndez<\/em><\/p>\n\n\n\n<p>La \u00fanica manera de gobernar a los mexicanos pareciera que es dividi\u00e9ndolos, impidiendo hacer realidad eso de \u201cla uni\u00f3n hace la fuerza\u201d, y el presidente Andr\u00e9s Manuel conoce perfectamente la estrategia militar y pol\u00edtica basada en el \u201cDivide et impera\u201d de Julio C\u00e9sar o el \u201cdivide y vencer\u00e1s\u201d de Napole\u00f3n.<\/p>\n\n\n\n<p>Romper la unidad de las instituciones y los grupos de poder a trav\u00e9s de actos provocativos, quiz\u00e1 fundados en el resentimiento derivado de las confrontaciones del pasado, es una de las habituales formas de comunicaci\u00f3n presidencial.<\/p>\n\n\n\n<p>Hist\u00f3ricamente dividir a los grupos, impedir la cohesi\u00f3n, la suma de fuerzas, ha permitido a los caciques, a los pol\u00edticos gobernantes, mantenerse en el poder.<\/p>\n\n\n\n<p>Atacar a la UNAM ha sido un tema que prendi\u00f3 muy r\u00e1pido en el \u00e1nimo de los cr\u00edticos de la 4T, les parece a muchos que se trata de una declaraci\u00f3n err\u00f3nea, sin sentido, derivada de la ignorancia o de mala informaci\u00f3n deliberadamente filtrada al Presidente.<\/p>\n\n\n\n<p>La primera repercusi\u00f3n es provocar a los universitarios a definir qu\u00e9 rumbo tomar\u00e1n, defender o frenar al neoliberalismo, es decir tomar partido en el concierto de la naci\u00f3n cuyo escenario est\u00e1 sembrado de divisiones, de problemas de salud, econ\u00f3micos, y millones de ciudadanos urgidos quiz\u00e1 en el mejor de los casos de trabajar unidos para seguir construyendo a la naci\u00f3n mexicana en lugar de andar revisando la historia de por qu\u00e9 los Mexicas fueron dominados por las tribus que no aceptaron su centralismo, sumadas a los espa\u00f1oles.<\/p>\n\n\n\n<p>Un asunto delicado pasa por la mente de los universitarios, enfrentar una dicotom\u00eda como la de los aztecas en su tiempo, o las tribus se plegaban a sus intereses, a sus dioses, a su imperio, o estaban en contra de ellos. Y as\u00ed se van decantando ahora.<\/p>\n\n\n\n<p>Ricardo Monreal, un presidenciable, ha marcado su posici\u00f3n a tiempo, se ha puesto del lado de la UNAM, con las consecuencias que ello traer\u00e1.<\/p>\n\n\n\n<p>L\u00f3pez Obrador en esta mitad de gobierno tiene dos caminos, unir a los mexicanos o dividirlos y el peso de la UNAM, de las universidades en forma amplia, pretende ser llevado a esa disyuntiva \u201cest\u00e1s conmigo o est\u00e1s en contra de la 4T\u201d.<\/p>\n\n\n\n<p>Aunque quiz\u00e1 a L\u00f3pez Obrador le gustar\u00eda m\u00e1s preguntar a la manera de Darth Vader, el de Star Wars: \u201csi no est\u00e1s conmigo, eres mi enemigo\u201d, o sea: \u00bfest\u00e1s conmigo o est\u00e1s contra M\u00e9xico?<\/p>\n\n\n\n<p>O por lo menos, as\u00ed me lo parece.<\/p>\n\n\n\n<p><a href=\"mailto:losperiodistas.com.mx@gmail.com\">losperiodistas.com.mx@gmail.com<\/a><\/p>\n","protected":false},"excerpt":{"rendered":"<p>Por Jes\u00fas Manuel Hern\u00e1ndez La \u00fanica manera de gobernar a los mexicanos pareciera que es dividi\u00e9ndolos, impidiendo hacer realidad eso [&hellip;]<\/p>\n","protected":false},"author":1,"featured_media":15023,"comment_status":"open","ping_status":"open","sticky":false,"template":"","format":"standard","meta":{"site-sidebar-layout":"default","site-content-layout":"","ast-site-content-layout":"default","site-content-style":"default","site-sidebar-style":"default","ast-global-header-display":"","ast-banner-title-visibility":"","ast-main-header-display":"","ast-hfb-above-header-display":"","ast-hfb-below-header-display":"","ast-hfb-mobile-header-display":"","site-post-title":"","ast-breadcrumbs-content":"","ast-featured-img":"","footer-sml-layout":"","theme-transparent-header-meta":"","adv-header-id-meta":"","stick-header-meta":"","header-above-stick-meta":"","header-main-stick-meta":"","header-below-stick-meta":"","astra-migrate-meta-layouts":"default","ast-page-background-enabled":"default","ast-page-background-meta":{"desktop":{"background-color":"var(--ast-global-color-4)","background-image":"","background-repeat":"repeat","background-position":"center center","background-size":"auto","background-attachment":"scroll","background-type":"","background-media":"","overlay-type":"","overlay-color":"","overlay-opacity":"","overlay-gradient":""},"tablet":{"background-color":"","background-image":"","background-repeat":"repeat","background-position":"center center","background-size":"auto","background-attachment":"scroll","background-type":"","background-media":"","overlay-type":"","overlay-color":"","overlay-opacity":"","overlay-gradient":""},"mobile":{"background-color":"","background-image":"","background-repeat":"repeat","background-position":"center center","background-size":"auto","background-attachment":"scroll","background-type":"","background-media":"","overlay-type":"","overlay-color":"","overlay-opacity":"","overlay-gradient":""}},"ast-content-background-meta":{"desktop":{"background-color":"var(--ast-global-color-5)","background-image":"","background-repeat":"repeat","background-position":"center center","background-size":"auto","background-attachment":"scroll","background-type":"","background-media":"","overlay-type":"","overlay-color":"","overlay-opacity":"","overlay-gradient":""},"tablet":{"background-color":"var(--ast-global-color-5)","background-image":"","background-repeat":"repeat","background-position":"center center","background-size":"auto","background-attachment":"scroll","background-type":"","background-media":"","overlay-type":"","overlay-color":"","overlay-opacity":"","overlay-gradient":""},"mobile":{"background-color":"var(--ast-global-color-5)","background-image":"","background-repeat":"repeat","background-position":"center center","background-size":"auto","background-attachment":"scroll","background-type":"","background-media":"","overlay-type":"","overlay-color":"","overlay-opacity":"","overlay-gradient":""}},"footnotes":""},"categories":[8,5,1],"tags":[5014,2098,2672],"class_list":["post-15021","post","type-post","status-publish","format-standard","has-post-thumbnail","hentry","category-noticias","category-por-soleares","category-sin-categoria","tag-amlo-divide-a-mexicanos","tag-ricardo-monreal","tag-unam"],"_links":{"self":[{"href":"https:\/\/losperiodistas.com.mx\/portal\/wp-json\/wp\/v2\/posts\/15021","targetHints":{"allow":["GET"]}}],"collection":[{"href":"https:\/\/losperiodistas.com.mx\/portal\/wp-json\/wp\/v2\/posts"}],"about":[{"href":"https:\/\/losperiodistas.com.mx\/portal\/wp-json\/wp\/v2\/types\/post"}],"author":[{"embeddable":true,"href":"https:\/\/losperiodistas.com.mx\/portal\/wp-json\/wp\/v2\/users\/1"}],"replies":[{"embeddable":true,"href":"https:\/\/losperiodistas.com.mx\/portal\/wp-json\/wp\/v2\/comments?post=15021"}],"version-history":[{"count":1,"href":"https:\/\/losperiodistas.com.mx\/portal\/wp-json\/wp\/v2\/posts\/15021\/revisions"}],"predecessor-version":[{"id":15024,"href":"https:\/\/losperiodistas.com.mx\/portal\/wp-json\/wp\/v2\/posts\/15021\/revisions\/15024"}],"wp:featuredmedia":[{"embeddable":true,"href":"https:\/\/losperiodistas.com.mx\/portal\/wp-json\/wp\/v2\/media\/15023"}],"wp:attachment":[{"href":"https:\/\/losperiodistas.com.mx\/portal\/wp-json\/wp\/v2\/media?parent=15021"}],"wp:term":[{"taxonomy":"category","embeddable":true,"href":"https:\/\/losperiodistas.com.mx\/portal\/wp-json\/wp\/v2\/categories?post=15021"},{"taxonomy":"post_tag","embeddable":true,"href":"https:\/\/losperiodistas.com.mx\/portal\/wp-json\/wp\/v2\/tags?post=15021"}],"curies":[{"name":"wp","href":"https:\/\/api.w.org\/{rel}","templated":true}]}}