{"id":15012,"date":"2021-10-24T07:03:00","date_gmt":"2021-10-24T12:03:00","guid":{"rendered":"http:\/\/losperiodistas.com.mx\/portal\/?p=15012"},"modified":"2021-10-24T07:03:01","modified_gmt":"2021-10-24T12:03:01","slug":"mineraggedon-como-la-escasez-de-materias-primas-causara-un-frenazo-tecnologico-papel","status":"publish","type":"post","link":"https:\/\/losperiodistas.com.mx\/portal\/mineraggedon-como-la-escasez-de-materias-primas-causara-un-frenazo-tecnologico-papel\/","title":{"rendered":"Mineraggedon: c\u00f3mo la escasez de materias primas causar\u00e1 un frenazo tecnol\u00f3gico | Papel"},"content":{"rendered":"\n<p style=\"font-size:18px\"><em>La escasez de chips que provoca retrasos en la entrega de coches o m\u00f3viles es s\u00f3lo un aviso de lo que est\u00e1 por venir. El cadmio, el litio, el cobalto o los elementos de las tierras raras son cruciales para el avance tecnol\u00f3gico y ya escasean. Espa\u00f1a, ultradependiente, debate la apertura de minas<\/em><\/p>\n\n\n\n<p><\/p>\n\n\n\n<figure class=\"wp-block-image size-large\"><img fetchpriority=\"high\" decoding=\"async\" width=\"1024\" height=\"982\" src=\"https:\/\/losperiodistas.com.mx\/portal\/wp-content\/uploads\/2021\/10\/papel-oct-24-1024x982.jpg\" alt=\"\" class=\"wp-image-15013\" srcset=\"https:\/\/losperiodistas.com.mx\/portal\/wp-content\/uploads\/2021\/10\/papel-oct-24-1024x982.jpg 1024w, https:\/\/losperiodistas.com.mx\/portal\/wp-content\/uploads\/2021\/10\/papel-oct-24-300x288.jpg 300w, https:\/\/losperiodistas.com.mx\/portal\/wp-content\/uploads\/2021\/10\/papel-oct-24-768x736.jpg 768w, https:\/\/losperiodistas.com.mx\/portal\/wp-content\/uploads\/2021\/10\/papel-oct-24.jpg 1500w\" sizes=\"(max-width: 1024px) 100vw, 1024px\" \/><figcaption>JOSETXU PI\u00d1EIRO<\/figcaption><\/figure>\n\n\n\n<p><\/p>\n\n\n\n<p class=\"has-vivid-cyan-blue-color has-text-color has-medium-font-size\">JORGE BEN\u00cdTEZ \/ JOSETXU PI\u00d1EIRO \/ Ilustraciones \/ PAPEL \/ EL MUNDO<\/p>\n\n\n\n<p>El bombardeo de publicidad que recibimos estos d\u00edas nos avisa que el chute consumista previsto para el final del a\u00f1o ya est\u00e1 en marcha. Sus pilares son la reactivaci\u00f3n econ\u00f3mica, el \u00e9xito de la vacuna y una tasa de ahorro hist\u00f3rica de los espa\u00f1oles.&nbsp;Primero vendr\u00e1 el&nbsp;<em>Black Friday<\/em>&nbsp;y, a continuaci\u00f3n, una campa\u00f1a navide\u00f1a que intentar\u00e1 hacer olvidar el desastre del a\u00f1o pasado, cuando el virus acorral\u00f3 las pulsiones compradoras de Pap\u00e1 Noel y los Reyes Magos.<\/p>\n\n\n\n<p>Pero el consumidor, por muy euf\u00f3rico que se muestre, est\u00e1 abocado a la decepci\u00f3n. Si visita un concesionario para comprar un coche es probable que le adviertan de que<strong>&nbsp;le tocar\u00e1 esperar unos meses<\/strong>&nbsp;para conducirlo. Suceder\u00e1 lo mismo si est\u00e1 tentado por el \u00faltimo modelo de tel\u00e9fono m\u00f3vil del mercado. No ver\u00e1 nada m\u00e1s all\u00e1 de las muestras de exposici\u00f3n. Un poco de paciencia, le pedir\u00e1n.<\/p>\n\n\n\n<p>Las justificaciones de esta falta de productos son tan variadas como ciertas: la guerra de los microchips, los&nbsp;<strong>atascos del comercio mar\u00edtimo<\/strong>&nbsp;y. en general, una cadena de suministros a\u00fan gripada por la pandemia. Afortunadamente, le reconfortar\u00e1 el vendedor, todo volver\u00e1 a la normalidad en unos meses&#8230; \u00bfO no?<\/p>\n\n\n\n<p>\u00abEstamos ante un problema que parece puntual, pero que en realidad es estructural\u00bb, alerta<strong>&nbsp;Alicia Valero<\/strong>, ingeniera qu\u00edmica e investigadora de Circe, instituto tecnol\u00f3gico aragon\u00e9s dedicado a la investigaci\u00f3n del desarrollo sostenible. \u00abLa falta de microchips en el mercado s\u00f3lo es la&nbsp;<strong>punta del iceberg<\/strong>&nbsp;de lo que nos espera. Estamos entrando en una era de escasez de materias primas. Nuestros estudios revelan una tendencia de consumo que, como sucedi\u00f3 con los contagios del coronavirus, es exponencial\u00bb.<\/p>\n\n\n\n<p>El alivio, pues, ser\u00e1 temporal. El par\u00f3n en el suministro de chips es s\u00f3lo el primer ejemplo de un fen\u00f3meno mucho m\u00e1s inquietante y que no resuelve la paciencia: muchas f\u00e1bricas del mundo se est\u00e1n parando. Y el motivo es que la propia f\u00e1brica de la Tierra est\u00e1 bajo m\u00ednimos. Devorada por el hambre de consumo de la humanidad, muchos de sus recursos minerales empiezan a no dar m\u00e1s de s\u00ed. Y es algo muy serio porque se trata de la sangre que riega industrias cruciales: la<strong>&nbsp;tecnol\u00f3gica, la automovil\u00edstica, la qu\u00edmica, la m\u00e9dica.<\/strong>&#8230; Hoy est\u00e1n an\u00e9micas, pero ma\u00f1ana se producir\u00e1 un par\u00f3n tecnol\u00f3gico si no se soluciona el problema de abastecimiento y la idea de construir un planeta m\u00e1s sostenible para combatir el cambio clim\u00e1tico se convertir\u00e1 en una utop\u00eda. Tanto que numerosos pa\u00edses, Espa\u00f1a incluida, se est\u00e1n planteando impulsar su explotaci\u00f3n minera.<\/p>\n\n\n\n<p>Para demostrar que<strong>&nbsp;esta crisis es previa a la pandemia&nbsp;<\/strong>basta con echar un vistazo a un informe de Circe de 2018, cuando ya se advert\u00eda que, dada la falta de algunos elementos claves para la electrificaci\u00f3n y el internet de las cosas, el mundo iba a enfrentarse a problemas de abastecimiento. Necesitamos mucho m\u00e1s cadmio, cobalto, cromo, litio, manganeso, plomo, plata, indio, galio, teluro o cinc, entre otros, si queremos mantener el mismo ritmo.<\/p>\n\n\n\n<figure class=\"wp-block-pullquote\"><blockquote><p>\u00abLa falta de microchips en el mercado s\u00f3lo es la punta del iceberg\u00bb\u00a0<\/p><p><strong>ALICIA VALERO <\/strong><\/p><p><strong>(INSTITUTO CIRCE-UNIVERSIDAD DE ZARAGOZA)<\/strong><\/p><\/blockquote><\/figure>\n\n\n\n<p>El Banco Mundial estima que el aumento de la demanda de algunos de estos elementos puede ser superior&nbsp;<strong>al 1000% de aqu\u00ed a 2050<\/strong>. No s\u00f3lo eso, la Uni\u00f3n Europea depende entre un 75% y un 100% de ellos para abordar su transici\u00f3n verde y digital.<\/p>\n\n\n\n<p>Como en la lista de los m\u00e1s buscados del FBI, Europa tiene su lista de los&nbsp;<strong>30 minerales cr\u00edticos&nbsp;<\/strong>para su econom\u00eda. Los necesita, pero su suelo apenas los produce. Y la situaci\u00f3n se ha agravado desde que la pandemia demostr\u00f3 que uno no puede fiarse de los mercados exteriores para abastecerse en tiempos de crisis.<\/p>\n\n\n\n<figure class=\"wp-block-image\"><img decoding=\"async\" src=\"https:\/\/e00-elmundo.uecdn.es\/assets\/multimedia\/imagenes\/2021\/10\/22\/16349227457042.jpg\" alt=\"\"\/><\/figure>\n\n\n\n<p>\u00bfRecuerdan la<strong>&nbsp;ley de la jungla&nbsp;<\/strong>que imper\u00f3 en los primeros meses del Covid en la compra de mascarillas y respiradores? Pues es la misma que ahora sufren -y sufrir\u00e1n- empresas inform\u00e1ticas, de coches, electrodom\u00e9sticos o de energ\u00edas renovables. Y usted ser\u00e1 quien lo pague: los precios, inevitablemente, van a subir.<\/p>\n\n\n\n<p>Dentro del apocalipsis mineral que amenaza la revoluci\u00f3n tecnol\u00f3gica -el<em>&nbsp;mineraggedon<\/em>&#8211; cobra especial importancia un t\u00e9rmino confuso que hoy ocupa titulares de la prensa econ\u00f3mica y es perseguido como un man\u00e1 por los inversores: las tierras raras. Es confuso porque en el mundo de la geolog\u00eda resulta ser algo as\u00ed como Puertollano, que no es&nbsp;<em>puerto<\/em>&nbsp;ni es<em>&nbsp;llano<\/em>: es decir que las tierras raras tampoco son<em>&nbsp;tierras<\/em>&nbsp;ni son<em>&nbsp;raras.<\/em>&nbsp;En realidad definen a aquellos elementos que forman&nbsp;<strong>multitud de minerales (hasta 180) y compuestos<\/strong>, fundamentalmente \u00f3xidos, que resultan vitales para nuestro futuro.<\/p>\n\n\n\n<p>Las tierras raras son 17 elementos qu\u00edmicos (escandio, itrio y los 15 elementos del grupo de los lant\u00e1nidos) que resultan dif\u00edciles de extraer y son muy \u00fatiles para la producci\u00f3n de catalizadores, la electr\u00f3nica, \u00f3ptica, cer\u00e1mica y metalurgia. Basta poner unos ejemplos para que se entienda su extraordinario valor: el<strong>&nbsp;samario&nbsp;<\/strong>se utiliza en potentes imanes permanentes que permiten el desarrollo de motores el\u00e9ctricos; el<strong>&nbsp;iterbio y el terbio&nbsp;<\/strong>son claves en el almacenamiento de datos inform\u00e1ticos en formatos cada vez m\u00e1s peque\u00f1os, mientras que el neodimio y el holmio est\u00e1n detr\u00e1s de los \u00faltimos avances en cristales l\u00e1ser.<\/p>\n\n\n\n<p>El problema es que s\u00f3lo se producen<strong>&nbsp;160.000 toneladas de estos \u00f3xidos al a\u00f1o<\/strong>, de las que el 90% son controladas por China. Un pa\u00eds que adem\u00e1s, como recoge un informe reciente del Instituto Espa\u00f1ol de Estudios Estrat\u00e9gicos, ha volcado su estrategia comercial en la explotaci\u00f3n de recursos mineros de Latinoam\u00e9rica, Australia, \u00c1frica y Groenlandia.<\/p>\n\n\n\n<p>Una dependencia tan grande de China genera una preocupaci\u00f3n similar en Europa a cuando Rusia amenaza en invierno con cortar el grifo del gas.<strong>&nbsp;Las entra\u00f1as de la tierra son ya un arma estrat\u00e9gica de primer orden,<\/strong>&nbsp;cuya falta de suministro destruye puestos de trabajo y ralentiza el progreso de un pa\u00eds. Aunque no mate, asusta m\u00e1s su falta de suministro en muchos gobiernos que el misil hipers\u00f3nico que prob\u00f3 Pek\u00edn el pasado mes de agosto.<\/p>\n\n\n\n<figure class=\"wp-block-pullquote\"><blockquote><p>\u00abEn todo el mundo se producen 160.000 toneladas de tierras raras\u00bb<\/p><\/blockquote><\/figure>\n\n\n\n<p>\u00abNo olvidemos que hay pa\u00edses que acumulan reservas de estos minerales y ponen limitaciones a su exportaci\u00f3n\u00bb, advierte<strong>&nbsp;Susana Tim\u00f3n S\u00e1nchez,<\/strong>&nbsp;investigadora de recursos minerales del Instituto Geol\u00f3gico y Minero de Espa\u00f1a-CSIC. \u00abNo nos podemos quedar atr\u00e1s en esta carrera\u00bb.<\/p>\n\n\n\n<p>El problema es que no hay una soluci\u00f3n a corto plazo. Ni siquiera nos salva formar parte del grupo de los pa\u00edses ricos. La billetera no es suficiente, como ha quedado demostrado estos d\u00edas con corporaciones potent\u00edsimas como Apple, Renault o General Motors: que por muchos recursos de los que dispongan se han visto incapaces de cumplir sus planes de producci\u00f3n. \u00bfY a largo plazo? S\u00f3lo se vislumbran dos caminos, ambos muy complejos: el&nbsp;<strong>reciclaje y la miner\u00eda<\/strong>.<\/p>\n\n\n\n<p>Para Alicia Valero, esta escasez va a obligar a eliminar de nuestro vocabulario el concepto de usar y tirar. \u00abTenemos que implantar seriamente la<strong>&nbsp;econom\u00eda circular<\/strong>&nbsp;y en eso estamos muy retrasados\u00bb, afirma. \u00abExportamos nuestra basura tecnol\u00f3gica y encima no la sabemos reciclar porque en Europa hay pocas plantas que traten materiales cr\u00edticos\u00bb.<\/p>\n\n\n\n<figure class=\"wp-block-image\"><img decoding=\"async\" src=\"https:\/\/e00-elmundo.uecdn.es\/assets\/multimedia\/imagenes\/2021\/10\/22\/16349232320114.jpg\" alt=\"\"\/><\/figure>\n\n\n\n<p>La principal dificultad de la reutilizaci\u00f3n de algunos de estos elementos es que resulta muy costosa y compleja dadas las cantidades tan peque\u00f1as de estos elementos que se utilizan en cada dispositivo. Ya hay expertos que auguran que recuperaremos la cultura de nuestros abuelos de reparar las cosas cuando se estropean. Es decir, la muerte del<em>&nbsp;modelo Ikea<\/em>. Un cambio en el modelo de consumo que obligar\u00e1 tambi\u00e9n a muchas empresas a poner fin a la obsolescencia programada de sus productos tecnol\u00f3gicos. Las cosas tendr\u00e1n que durar m\u00e1s para satisfacer la demanda planetaria.<\/p>\n\n\n\n<p>Para&nbsp;<strong>Manuel Regueiro<\/strong>, presidente del Colegio de Ge\u00f3logos de Espa\u00f1a, ya vamos tarde: \u00abLo que estamos viviendo es resultado de un consumo desatado y est\u00fapido. Nuestro sistema econ\u00f3mico se basa en gastar y consumir constantemente y para que funcione necesitamos de grandes cantidades de energ\u00eda y de materias primas\u00bb.<\/p>\n\n\n\n<p>Por ello relaciona los problemas de abastecimiento de minerales con el precio disparatado de la factura de la luz: \u00abNo se puede basar una pol\u00edtica s\u00f3lo en la importaci\u00f3n como tampoco energ\u00e9ticamente puedes depender exclusivamente de un tipo de energ\u00eda si esta no cubre tus necesidades porque, como vemos, luego terminas pag\u00e1ndolo\u00bb.<\/p>\n\n\n\n<p>Europa vuelve a mirar a su suelo y se lanza<strong>&nbsp;preguntas que hoy parecen contradictorias.<\/strong>&nbsp;Especialmente tras haber acometido hace pocas d\u00e9cadas una severa reconversi\u00f3n industrial que cerr\u00f3 la mayor\u00eda de sus minas. La miner\u00eda es a\u00fan una industria pol\u00e9mica, con defensores y retractores viscerales. Unos la ven como generadora de riqueza y de independencia estrat\u00e9gica, mientras que otros consideran que todav\u00eda no compensa por los da\u00f1os medioambientales que provoca.<\/p>\n\n\n\n<p>Un ejemplo de este conflicto est\u00e1 en C\u00e1ceres, donde hay dos yacimientos de litio listos para su explotaci\u00f3n y un proyecto para instalar una planta de bater\u00edas, adem\u00e1s del intento de la Junta de Extremadura en atraer a alguna firma automovil\u00edstica a la comunidad aut\u00f3noma. Se ha desatado una gran controversia pol\u00edtica y social sobre la explotaci\u00f3n de estos terrenos, considerados la segunda reserva m\u00e1s importante de Europa de este metal alcalino de color blanco plateado imprescindible para el despegue definitivo del coche el\u00e9ctrico. Tanta que ya se habla de la&nbsp;<em>guerra del litio<\/em>.<\/p>\n\n\n\n<p>El \u00faltimo cap\u00edtulo de esta<em>&nbsp;guerra&nbsp;<\/em>se produjo hace una semana. Ante la contestaci\u00f3n social, la promotora de la mina a cielo abierto localizada en el&nbsp;<strong>paraje Valdeflores<\/strong>, la australiana Infinity Lithium, present\u00f3 un nuevo proyecto en el que se compromet\u00eda a soterrar el proceso de extracci\u00f3n para rebajar el impacto ambiental, adem\u00e1s de prometer m\u00e1s empleos que en su oferta inicial.<\/p>\n\n\n\n<p>\u00abLas minas siempre generan controversia e incomodan a los pol\u00edticos, que no se plantean si son buenas para un pa\u00eds, sino cu\u00e1l es su coste electoral\u00bb, apunta Regueiro. Pone un ejemplo de<strong>&nbsp;la \u00abmala prensa\u00bb del sector:<\/strong>&nbsp;la miner\u00eda ha dependido siempre del Ministerio de Industria, mientras que ahora est\u00e1 incluida en el Ministerio de Transici\u00f3n Ecol\u00f3gica, lo que ve como un \u00absinsentido\u00bb.<\/p>\n\n\n\n<figure class=\"wp-block-pullquote\"><blockquote><p>\u00abLas \u00fanicas soluciones son muy complejas: reciclaje y miner\u00eda\u00bb<\/p><\/blockquote><\/figure>\n\n\n\n<p>En cuanto a las tierras raras espa\u00f1olas, su mapa tiene algunas certezas y muchos interrogantes. Desde el Colegio de Ge\u00f3logos se denuncia que no se ponen medios suficientes para investigar nuestras tierras raras.<\/p>\n\n\n\n<p>El enclave que tiene m\u00e1s potencial del que se tiene constancia est\u00e1 en<strong>&nbsp;Matamulas (Ciudad Real)&nbsp;<\/strong>y est\u00e1 formado en gravas con maracita que podr\u00eda contener una notable cantidad de europio, un componente indispensable de las pantallas de m\u00f3viles, monitores y televisiones. Su proyecto de explotaci\u00f3n no ha sido autorizado por \u00abalegaciones ambientales\u00bb como el consumo de agua y el da\u00f1o a la fauna y la flora. En Galicia tambi\u00e9n se han estudiado varios terrenos, como el del&nbsp;<strong>monte Gali\u00f1eiro&nbsp;<\/strong>de Pontevedra. All\u00ed, seg\u00fan los expertos, podr\u00eda llegar a producirse hasta 2.856 toneladas anuales de tierras raras\u00bb.<\/p>\n\n\n\n<p>Para la investigadora Susana Tim\u00f3n la explotaci\u00f3n minera debe tenerse mucho m\u00e1s en cuenta para resolver la carest\u00eda mineral espa\u00f1ola: \u00abSi no apostamos por esta industria como hacen otros pa\u00edses, que est\u00e1n abriendo minas,&nbsp;<strong>jugamos con desventaja<\/strong>\u00bb, afirma.<\/p>\n\n\n\n<p>Sin embargo, la ingeniera y profesora de la Universidad de Zaragoza Alicia Valero muestra recelos sobre las bondades de esta apuesta: \u00abCorremos el riesgo de pasar de una dependencia del petr\u00f3leo a una multidependencia de materiales que son escasos en la Naturaleza\u00bb. Y a\u00f1ade: \u00abUn aumento de esta demanda tambi\u00e9n provocar\u00e1&nbsp;<strong>un aumento de las emisiones asociadas a la miner\u00eda<\/strong>, que en muchos casos requiere de combustibles f\u00f3siles\u00bb.<\/p>\n\n\n\n<p>Sea cu\u00e1l sea la estrategia que decidan las autoridades, parece claro que si no se encuentran soluciones el chute tecnol\u00f3gico-capitalista de la Cuarta Revoluci\u00f3n Industrial va a ser, como m\u00ednimo, intermitente. Eso s\u00ed, lo que nadie imaginaba es que encima iba a estar dirigido por un partido comunista con sede en China.<\/p>\n\n\n\n<p>Fuente: https:\/\/www.elmundo.es\/papel\/futuro\/2021\/10\/24\/6172e7eafdddffec198b4570.html<\/p>\n","protected":false},"excerpt":{"rendered":"<p>La escasez de chips que provoca retrasos en la entrega de coches o m\u00f3viles es s\u00f3lo un aviso de lo [&hellip;]<\/p>\n","protected":false},"author":1,"featured_media":15013,"comment_status":"open","ping_status":"open","sticky":false,"template":"","format":"standard","meta":{"site-sidebar-layout":"default","site-content-layout":"","ast-site-content-layout":"default","site-content-style":"default","site-sidebar-style":"default","ast-global-header-display":"","ast-banner-title-visibility":"","ast-main-header-display":"","ast-hfb-above-header-display":"","ast-hfb-below-header-display":"","ast-hfb-mobile-header-display":"","site-post-title":"","ast-breadcrumbs-content":"","ast-featured-img":"","footer-sml-layout":"","theme-transparent-header-meta":"","adv-header-id-meta":"","stick-header-meta":"","header-above-stick-meta":"","header-main-stick-meta":"","header-below-stick-meta":"","astra-migrate-meta-layouts":"default","ast-page-background-enabled":"default","ast-page-background-meta":{"desktop":{"background-color":"var(--ast-global-color-4)","background-image":"","background-repeat":"repeat","background-position":"center center","background-size":"auto","background-attachment":"scroll","background-type":"","background-media":"","overlay-type":"","overlay-color":"","overlay-opacity":"","overlay-gradient":""},"tablet":{"background-color":"","background-image":"","background-repeat":"repeat","background-position":"center center","background-size":"auto","background-attachment":"scroll","background-type":"","background-media":"","overlay-type":"","overlay-color":"","overlay-opacity":"","overlay-gradient":""},"mobile":{"background-color":"","background-image":"","background-repeat":"repeat","background-position":"center center","background-size":"auto","background-attachment":"scroll","background-type":"","background-media":"","overlay-type":"","overlay-color":"","overlay-opacity":"","overlay-gradient":""}},"ast-content-background-meta":{"desktop":{"background-color":"var(--ast-global-color-5)","background-image":"","background-repeat":"repeat","background-position":"center center","background-size":"auto","background-attachment":"scroll","background-type":"","background-media":"","overlay-type":"","overlay-color":"","overlay-opacity":"","overlay-gradient":""},"tablet":{"background-color":"var(--ast-global-color-5)","background-image":"","background-repeat":"repeat","background-position":"center center","background-size":"auto","background-attachment":"scroll","background-type":"","background-media":"","overlay-type":"","overlay-color":"","overlay-opacity":"","overlay-gradient":""},"mobile":{"background-color":"var(--ast-global-color-5)","background-image":"","background-repeat":"repeat","background-position":"center center","background-size":"auto","background-attachment":"scroll","background-type":"","background-media":"","overlay-type":"","overlay-color":"","overlay-opacity":"","overlay-gradient":""}},"footnotes":""},"categories":[8],"tags":[5005,5007,5009,5003,5004,5008,5006],"class_list":["post-15012","post","type-post","status-publish","format-standard","has-post-thumbnail","hentry","category-noticias","tag-atascos-maritimo","tag-cadmio","tag-cobalto","tag-escasez-materias-primas","tag-guerra-microchips","tag-litio","tag-mineraggedon"],"_links":{"self":[{"href":"https:\/\/losperiodistas.com.mx\/portal\/wp-json\/wp\/v2\/posts\/15012","targetHints":{"allow":["GET"]}}],"collection":[{"href":"https:\/\/losperiodistas.com.mx\/portal\/wp-json\/wp\/v2\/posts"}],"about":[{"href":"https:\/\/losperiodistas.com.mx\/portal\/wp-json\/wp\/v2\/types\/post"}],"author":[{"embeddable":true,"href":"https:\/\/losperiodistas.com.mx\/portal\/wp-json\/wp\/v2\/users\/1"}],"replies":[{"embeddable":true,"href":"https:\/\/losperiodistas.com.mx\/portal\/wp-json\/wp\/v2\/comments?post=15012"}],"version-history":[{"count":1,"href":"https:\/\/losperiodistas.com.mx\/portal\/wp-json\/wp\/v2\/posts\/15012\/revisions"}],"predecessor-version":[{"id":15014,"href":"https:\/\/losperiodistas.com.mx\/portal\/wp-json\/wp\/v2\/posts\/15012\/revisions\/15014"}],"wp:featuredmedia":[{"embeddable":true,"href":"https:\/\/losperiodistas.com.mx\/portal\/wp-json\/wp\/v2\/media\/15013"}],"wp:attachment":[{"href":"https:\/\/losperiodistas.com.mx\/portal\/wp-json\/wp\/v2\/media?parent=15012"}],"wp:term":[{"taxonomy":"category","embeddable":true,"href":"https:\/\/losperiodistas.com.mx\/portal\/wp-json\/wp\/v2\/categories?post=15012"},{"taxonomy":"post_tag","embeddable":true,"href":"https:\/\/losperiodistas.com.mx\/portal\/wp-json\/wp\/v2\/tags?post=15012"}],"curies":[{"name":"wp","href":"https:\/\/api.w.org\/{rel}","templated":true}]}}