{"id":14977,"date":"2021-10-24T05:31:04","date_gmt":"2021-10-24T10:31:04","guid":{"rendered":"http:\/\/losperiodistas.com.mx\/portal\/?p=14977"},"modified":"2021-10-24T05:31:05","modified_gmt":"2021-10-24T10:31:05","slug":"comisiones-del-cabildo-de-puebla-asi-fueron-repartidas-el-universal-puebla","status":"publish","type":"post","link":"https:\/\/losperiodistas.com.mx\/portal\/comisiones-del-cabildo-de-puebla-asi-fueron-repartidas-el-universal-puebla\/","title":{"rendered":"Comisiones del Cabildo de Puebla. As\u00ed fueron repartidas | el Universal Puebla"},"content":{"rendered":"\n<p style=\"font-size:18px\"><em>El PAN preside 12 de un total de 18 grupos para el periodo 2021-2024<\/em><\/p>\n\n\n\n<p><\/p>\n\n\n\n<figure class=\"wp-block-image size-large\"><img fetchpriority=\"high\" decoding=\"async\" width=\"1024\" height=\"724\" src=\"https:\/\/losperiodistas.com.mx\/portal\/wp-content\/uploads\/2021\/10\/Captura-de-Pantalla-2021-10-24-a-las-5.10.57-1024x724.jpg\" alt=\"\" class=\"wp-image-14983\" srcset=\"https:\/\/losperiodistas.com.mx\/portal\/wp-content\/uploads\/2021\/10\/Captura-de-Pantalla-2021-10-24-a-las-5.10.57-1024x724.jpg 1024w, https:\/\/losperiodistas.com.mx\/portal\/wp-content\/uploads\/2021\/10\/Captura-de-Pantalla-2021-10-24-a-las-5.10.57-300x212.jpg 300w, https:\/\/losperiodistas.com.mx\/portal\/wp-content\/uploads\/2021\/10\/Captura-de-Pantalla-2021-10-24-a-las-5.10.57-768x543.jpg 768w, https:\/\/losperiodistas.com.mx\/portal\/wp-content\/uploads\/2021\/10\/Captura-de-Pantalla-2021-10-24-a-las-5.10.57-1536x1086.jpg 1536w, https:\/\/losperiodistas.com.mx\/portal\/wp-content\/uploads\/2021\/10\/Captura-de-Pantalla-2021-10-24-a-las-5.10.57-2048x1448.jpg 2048w\" sizes=\"(max-width: 1024px) 100vw, 1024px\" \/><\/figure>\n\n\n\n<p class=\"has-vivid-cyan-blue-color has-text-color has-medium-font-size\">ABEL CUAPA \/ EL UNIVERSAL DE PUEBLA<\/p>\n\n\n\n<p>Desde el martes 19 de octubre del 2021, en el&nbsp;<strong>Cabildo de Puebla<\/strong>&nbsp;comenzaron a instalarse las comisiones que trabajar\u00e1n en los pr\u00f3ximos tres a\u00f1os.<\/p>\n\n\n\n<p>Desde esos espacios, los<strong>&nbsp;regidores<\/strong>&nbsp;de los distintos partidos impulsar\u00e1n proyectos e iniciativas para la ciudad.<\/p>\n\n\n\n<p>Los grupos se conformaron para el&nbsp;<strong>periodo 2021-2024<\/strong>&nbsp;y est\u00e1n compuestos por cinco integrantes: el presidente y cuatro vocales.<a href=\"https:\/\/www.eluniversalpuebla.com.mx\/ciudad\/conflicto-sindical-en-el-ayuntamiento-de-puebla-quien-esta-detras\"><br>Conflicto sindical en el ayuntamiento de Puebla \u00bfqui\u00e9n est\u00e1 detr\u00e1s?<\/a><\/p>\n\n\n\n<figure class=\"wp-block-image\"><a href=\"https:\/\/www.eluniversalpuebla.com.mx\/ciudad\/conflicto-sindical-en-el-ayuntamiento-de-puebla-quien-esta-detras\"><img decoding=\"async\" src=\"https:\/\/www.eluniversalpuebla.com.mx\/sites\/default\/files\/styles\/f14-210x129\/public\/2021\/10\/21\/sindicato-trabajadores-ayuntamiento-el-universal-puebla.jpg?itok=9YUBuUoa\" alt=\"Sindicalizados Ayuntamiento de Puebla\"\/><\/a><\/figure>\n\n\n\n<p>En este caso, los regidores del&nbsp;<strong>Partido Acci\u00f3n Nacional<\/strong>&nbsp;(PAN) fueron quienes se quedaron con las principales comisiones y presiden un total de 12;&nbsp;<strong>Movimiento Regeneraci\u00f3n Nacional<\/strong>&nbsp;(Morena) ahora s\u00f3lo encabeza tres; el&nbsp;<strong>Partido Revolucionario Institucional<\/strong>, dos y el&nbsp;<strong>Partido de la Revoluci\u00f3n Democr\u00e1tica<\/strong>, una.<\/p>\n\n\n\n<p>A continuaci\u00f3n, se desglosa qui\u00e9nes las presiden:<\/p>\n\n\n\n<p><strong>1. Bienestar<\/strong><\/p>\n\n\n\n<p>Presidente: Luis Franco Mart\u00ednez (PAN)<\/p>\n\n\n\n<p>Vocales: Ana Mar\u00eda Jim\u00e9nez Ortiz, Christian Guzm\u00e1n Jim\u00e9nez, Alfredo Ram\u00edrez Barra y Ernesto Antonio Aguilar.<\/p>\n\n\n\n<p><strong>2. Patrimonio y Hacienda P\u00fablica Municipal,<\/strong><\/p>\n\n\n\n<p>Presidenta: Ana Mar\u00eda Jim\u00e9nez Ortiz (PAN)<\/p>\n\n\n\n<p>Vocales: Susana Riestra Pi\u00f1a, Christian Guzm\u00e1n Jim\u00e9nez, \u00c1ngel Rivera Ortega y Carlos Montiel Solana.<\/p>\n\n\n\n<p><strong>3. Gobernaci\u00f3n<\/strong><\/p>\n\n\n\n<p>Presidente: Miguel \u00c1ngel Mantilla Mart\u00ednez (PAN)<\/p>\n\n\n\n<p>Vocales: Mar\u00eda Dolores Cervantes Moctezuma, Gabriela Ruiz Ben\u00edtez, Carlos Montiel Solana y Leobardo Rodr\u00edguez Ju\u00e1rez.<\/p>\n\n\n\n<p><strong>4. Infraestructura, Movilidad y Servicios P\u00fablicos<\/strong><\/p>\n\n\n\n<p>Presidenta: Mar\u00eda Fernanda Huerta L\u00f3pez (PAN)<\/p>\n\n\n\n<p>Vocales: Susana Riestra Pi\u00f1a, Alfredo Ram\u00edrez Parra, Carlos Montiel Solana y \u00c1ngel Rivera Ortega.<\/p>\n\n\n\n<p><strong>5. Seguridad, Justicia y Protecci\u00f3n Civil<\/strong><\/p>\n\n\n\n<p>Presidente: Fernando Sarur Hern\u00e1ndez (PAN)<\/p>\n\n\n\n<p>Vocales: Roc\u00edo S\u00e1nchez de la Vega Escalante, Gabriela Ruiz Ben\u00edtez, Ana Laura Mart\u00ednez Escobar y Miguel \u00c1ngel Mantilla Mart\u00ednez.<\/p>\n\n\n\n<p><strong>6. Transparencia y Gobierno Abierto<\/strong><\/p>\n\n\n\n<p>Presidenta: Vanessa Rend\u00f3n Mart\u00ednez (PRD)<\/p>\n\n\n\n<p>Vocales: Ricardo Grau de la Rosa, Alfredo Ram\u00edrez Barra, Leobardo Rodr\u00edguez Ju\u00e1rez y \u00c1ngel Rivera Ortega.<\/p>\n\n\n\n<p><strong>7. Desarrollo Urbano, Gesti\u00f3n y Medio Ambiente<\/strong><\/p>\n\n\n\n<p>Presidenta: Susana Riestra Pi\u00f1a (PAN)<\/p>\n\n\n\n<p><strong>8. Desarrollo Econ\u00f3mico y Turismo<\/strong><\/p>\n\n\n\n<p>Presidente: Manolo Herrera Rojas (PAN)<\/p>\n\n\n\n<p><strong>9. Salubridad, Asistencia P\u00fablica, Grupos Vulnerables y Personas con Discapacidad<\/strong><\/p>\n\n\n\n<p>Presidenta: Gabriela Ruiz Ben\u00edtez (PAN)<\/p>\n\n\n\n<p><strong>10. Educaci\u00f3n, Ciencia y Tecnolog\u00eda<\/strong><\/p>\n\n\n\n<p>Presidenta: Roc\u00edo S\u00e1nchez de la Vega (PAN)<\/p>\n\n\n\n<p><strong>11. Igualdad Sustantiva de G\u00e9nero y Derechos Humanos<\/strong><\/p>\n\n\n\n<p>Presidenta: Christian Guzm\u00e1n Jim\u00e9nez (PRI)<\/p>\n\n\n\n<p><strong>12. Agenda 2030<\/strong><\/p>\n\n\n\n<p>Presidenta: Elisa Molina Rivera (Morena)<\/p>\n\n\n\n<p><strong>13.Regularizaci\u00f3n de Tierra<\/strong><\/p>\n\n\n\n<p>Presidenta: Mar\u00eda Dolores Cervantes Moctezuma (PAN)<\/p>\n\n\n\n<p><strong>14. Arte y Cultura:<\/strong><\/p>\n\n\n\n<p>Presidente: Leobardo Rodr\u00edguez Ju\u00e1rez (Morena)<\/p>\n\n\n\n<p><strong>15. Juventud y Deporte<\/strong><\/p>\n\n\n\n<p>Presidente: Ricardo Grau de la Rosa (PAN)<\/p>\n\n\n\n<p><strong>16. Trabajo<\/strong><\/p>\n\n\n\n<p>Presidente: Leobardo Soto Enr\u00edquez (PRI)<\/p>\n\n\n\n<p><strong>17. Participaci\u00f3n Ciudadana<\/strong><\/p>\n\n\n\n<p>Presidente: Alfredo Ram\u00edrez Barra (PAN)<\/p>\n\n\n\n<p><strong>18. Vigilancia<\/strong><\/p>\n\n\n\n<p>Presidenta: Ana Laura Mart\u00ednez (Morena)<\/p>\n\n\n\n<p>Fuente: https:\/\/www.eluniversalpuebla.com.mx\/ciudad\/comisiones-del-cabildo-de-puebla-asi-fueron-repartidas<\/p>\n","protected":false},"excerpt":{"rendered":"<p>El PAN preside 12 de un total de 18 grupos para el periodo 2021-2024 ABEL CUAPA \/ EL UNIVERSAL DE [&hellip;]<\/p>\n","protected":false},"author":1,"featured_media":0,"comment_status":"open","ping_status":"open","sticky":false,"template":"","format":"standard","meta":{"site-sidebar-layout":"default","site-content-layout":"","ast-site-content-layout":"default","site-content-style":"default","site-sidebar-style":"default","ast-global-header-display":"","ast-banner-title-visibility":"","ast-main-header-display":"","ast-hfb-above-header-display":"","ast-hfb-below-header-display":"","ast-hfb-mobile-header-display":"","site-post-title":"","ast-breadcrumbs-content":"","ast-featured-img":"","footer-sml-layout":"","theme-transparent-header-meta":"","adv-header-id-meta":"","stick-header-meta":"","header-above-stick-meta":"","header-main-stick-meta":"","header-below-stick-meta":"","astra-migrate-meta-layouts":"default","ast-page-background-enabled":"default","ast-page-background-meta":{"desktop":{"background-color":"var(--ast-global-color-4)","background-image":"","background-repeat":"repeat","background-position":"center center","background-size":"auto","background-attachment":"scroll","background-type":"","background-media":"","overlay-type":"","overlay-color":"","overlay-opacity":"","overlay-gradient":""},"tablet":{"background-color":"","background-image":"","background-repeat":"repeat","background-position":"center center","background-size":"auto","background-attachment":"scroll","background-type":"","background-media":"","overlay-type":"","overlay-color":"","overlay-opacity":"","overlay-gradient":""},"mobile":{"background-color":"","background-image":"","background-repeat":"repeat","background-position":"center center","background-size":"auto","background-attachment":"scroll","background-type":"","background-media":"","overlay-type":"","overlay-color":"","overlay-opacity":"","overlay-gradient":""}},"ast-content-background-meta":{"desktop":{"background-color":"var(--ast-global-color-5)","background-image":"","background-repeat":"repeat","background-position":"center center","background-size":"auto","background-attachment":"scroll","background-type":"","background-media":"","overlay-type":"","overlay-color":"","overlay-opacity":"","overlay-gradient":""},"tablet":{"background-color":"var(--ast-global-color-5)","background-image":"","background-repeat":"repeat","background-position":"center center","background-size":"auto","background-attachment":"scroll","background-type":"","background-media":"","overlay-type":"","overlay-color":"","overlay-opacity":"","overlay-gradient":""},"mobile":{"background-color":"var(--ast-global-color-5)","background-image":"","background-repeat":"repeat","background-position":"center center","background-size":"auto","background-attachment":"scroll","background-type":"","background-media":"","overlay-type":"","overlay-color":"","overlay-opacity":"","overlay-gradient":""}},"footnotes":""},"categories":[1],"tags":[],"class_list":["post-14977","post","type-post","status-publish","format-standard","hentry","category-sin-categoria"],"_links":{"self":[{"href":"https:\/\/losperiodistas.com.mx\/portal\/wp-json\/wp\/v2\/posts\/14977","targetHints":{"allow":["GET"]}}],"collection":[{"href":"https:\/\/losperiodistas.com.mx\/portal\/wp-json\/wp\/v2\/posts"}],"about":[{"href":"https:\/\/losperiodistas.com.mx\/portal\/wp-json\/wp\/v2\/types\/post"}],"author":[{"embeddable":true,"href":"https:\/\/losperiodistas.com.mx\/portal\/wp-json\/wp\/v2\/users\/1"}],"replies":[{"embeddable":true,"href":"https:\/\/losperiodistas.com.mx\/portal\/wp-json\/wp\/v2\/comments?post=14977"}],"version-history":[{"count":1,"href":"https:\/\/losperiodistas.com.mx\/portal\/wp-json\/wp\/v2\/posts\/14977\/revisions"}],"predecessor-version":[{"id":14984,"href":"https:\/\/losperiodistas.com.mx\/portal\/wp-json\/wp\/v2\/posts\/14977\/revisions\/14984"}],"wp:attachment":[{"href":"https:\/\/losperiodistas.com.mx\/portal\/wp-json\/wp\/v2\/media?parent=14977"}],"wp:term":[{"taxonomy":"category","embeddable":true,"href":"https:\/\/losperiodistas.com.mx\/portal\/wp-json\/wp\/v2\/categories?post=14977"},{"taxonomy":"post_tag","embeddable":true,"href":"https:\/\/losperiodistas.com.mx\/portal\/wp-json\/wp\/v2\/tags?post=14977"}],"curies":[{"name":"wp","href":"https:\/\/api.w.org\/{rel}","templated":true}]}}