{"id":14965,"date":"2021-10-23T08:36:29","date_gmt":"2021-10-23T13:36:29","guid":{"rendered":"http:\/\/losperiodistas.com.mx\/portal\/?p=14965"},"modified":"2021-10-23T08:36:31","modified_gmt":"2021-10-23T13:36:31","slug":"la-4t-terminara-mal-hay-que-tomar-nota-de-los-que-la-alentaron-claudio-x-gonzalez-sinembargo","status":"publish","type":"post","link":"https:\/\/losperiodistas.com.mx\/portal\/la-4t-terminara-mal-hay-que-tomar-nota-de-los-que-la-alentaron-claudio-x-gonzalez-sinembargo\/","title":{"rendered":"\u201cLa 4T terminar\u00e1 mal. Hay que tomar nota de los que la alentaron\u201d: Claudio X Gonz\u00e1lez | SinEmbargo"},"content":{"rendered":"\n<p style=\"font-size:18px\"><em>El empresario Claudio X. Gonz\u00e1lez arremeti\u00f3 en contra de la llamada Cuarta Transformaci\u00f3n (4T) al afirmar que \u201ces una farsa\u201d y llam\u00f3 a no olvidar a las personas que apoyaron \u201cel autoritarismo populista\u201d.<\/em><\/p>\n\n\n\n<p><\/p>\n\n\n\n<figure class=\"wp-block-image size-large\"><img fetchpriority=\"high\" decoding=\"async\" width=\"1024\" height=\"540\" src=\"https:\/\/losperiodistas.com.mx\/portal\/wp-content\/uploads\/2021\/10\/cuartoscuro-839099-digital-1-1024x540.jpeg\" alt=\"\" class=\"wp-image-14966\" srcset=\"https:\/\/losperiodistas.com.mx\/portal\/wp-content\/uploads\/2021\/10\/cuartoscuro-839099-digital-1-1024x540.jpeg 1024w, https:\/\/losperiodistas.com.mx\/portal\/wp-content\/uploads\/2021\/10\/cuartoscuro-839099-digital-1-300x158.jpeg 300w, https:\/\/losperiodistas.com.mx\/portal\/wp-content\/uploads\/2021\/10\/cuartoscuro-839099-digital-1-768x405.jpeg 768w, https:\/\/losperiodistas.com.mx\/portal\/wp-content\/uploads\/2021\/10\/cuartoscuro-839099-digital-1.jpeg 1100w\" sizes=\"(max-width: 1024px) 100vw, 1024px\" \/><figcaption>CUARTOSCURO<\/figcaption><\/figure>\n\n\n\n<p><\/p>\n\n\n\n<p class=\"has-vivid-cyan-blue-color has-text-color has-medium-font-size\">SINEMBARGO<\/p>\n\n\n\n<p>Ciudad de M\u00e9xico, 22 de octubre (SinEmbargo).\u2013 El l\u00edder de la oposici\u00f3n mexicana,&nbsp;<strong>Claudio X. Gonz\u00e1lez Guajardo,<\/strong>&nbsp;pidi\u00f3 esta ma\u00f1ana \u201ctomar nota\u201d de todos aquellos que apoyaron, seg\u00fan su criterio, al movimiento del&nbsp;<strong>Presidente Andr\u00e9s Manuel L\u00f3pez Obrador.<\/strong><\/p>\n\n\n\n<blockquote class=\"wp-block-quote is-layout-flow wp-block-quote-is-layout-flow\"><p>\u201cLa llamada 4t [Cuarta Transformaci\u00f3n], una gran farsa, acabar\u00e1 mal, muy mal. Hay que tomar nota de todos aquellos que, por acci\u00f3n o por omisi\u00f3n, alentaron las acciones y hechos de la actual administraci\u00f3n y lastimaron a M\u00e9xico. Que no se olvide quien se puso del lado del autoritarismo populista y destructor\u201d, dijo el primog\u00e9nito de una de las familias empresariales m\u00e1s poderosas del pa\u00eds.<\/p><\/blockquote>\n\n\n\n<figure class=\"wp-block-embed is-type-rich is-provider-twitter wp-block-embed-twitter\"><div class=\"wp-block-embed__wrapper\">\n<blockquote class=\"twitter-tweet\" data-width=\"500\" data-dnt=\"true\"><p lang=\"es\" dir=\"ltr\">La llamada 4t, una gran farsa, acabar\u00e1 mal, muy mal. Hay que tomar nota de todos aquellos que, por acci\u00f3n o por omisi\u00f3n, alentaron las acciones y hechos de la actual admon. y lastimaron a M\u00e9xico. Que no se olvide quien se puso del lado del autoritarismo populista y destructor.<\/p>&mdash; Claudio X. Gonz\u00e1lez G. (@ClaudioXGG) <a href=\"https:\/\/twitter.com\/ClaudioXGG\/status\/1451543412193234946?ref_src=twsrc%5Etfw\">October 22, 2021<\/a><\/blockquote><script async src=\"https:\/\/platform.twitter.com\/widgets.js\" charset=\"utf-8\"><\/script>\n<\/div><\/figure>\n\n\n\n<p>El padre de Claudio X. Gonz\u00e1lez Guajardo es Claudio X. Gonz\u00e1lez Laporte, exasesor de presidentes de M\u00e9xico y beneficiario de miles de millones en contratos de los gobiernos pasados. Esta poderosa familia ha amasado una fortuna mientras participa directamente de la vida pol\u00edtica nacional.<\/p>\n\n\n\n<p>Gonz\u00e1lez Guajardo uni\u00f3 al Partido Acci\u00f3n Nacional (PAN), el Revolucionario Institucional (PRI), el de la Revoluci\u00f3n Democr\u00e1tica (PRD) y una ala de los patrones en Va por M\u00e9xico, coalici\u00f3n electoral que aspira a tomar el poder en 2024, en las elecciones para renovar la Presidencia de la Rep\u00fablica.<\/p>\n\n\n\n<p>Una poderosa ala del sector patronal mexicano, que rechaza a L\u00f3pez Obrador desde hace dos d\u00e9cadas, es aliada del se\u00f1or X. Gonz\u00e1lez. Muchos estos empresarios tomaron parte \u2013con una inyecci\u00f3n in\u00e9dita de dinero\u2013 de la llamada \u201cguerra sucia\u201d de 2006, con la que, de acuerdo con la izquierda, se impuso a Felipe Calder\u00f3n Hinojosa como Presidente de M\u00e9xico.<\/p>\n\n\n\n<p>El pasado 20 de octubre la coalici\u00f3n S\u00ed por M\u00e9xico, integrada por diversas organizaciones, ciudadanos y fundada por los empresarios Gustavo de Hoyos y Claudio X. Gonz\u00e1lez, invitaron a Movimiento Ciudadano (MC) a sumarse a su proyecto, como ya lo hicieron el PAN, PRI y PRD, para \u201cechar a Morena de la Presidencia de la Rep\u00fablica en 2024\u201d.<\/p>\n\n\n\n<p>En el aniversario de su coalici\u00f3n, Claudio X. Gonz\u00e1lez Guajardo destac\u00f3 los avances del movimiento: \u201cPara m\u00ed, el principal aprendizaje que nos deja la pasada elecci\u00f3n es que Morena no es invencible y que la oposici\u00f3n puede ganar la elecci\u00f3n presidencial y la Jefatura de Gobierno en 2024. No s\u00f3lo se le puede ganar a Morena, le vamos a ganar\u201d.<\/p>\n\n\n\n<figure class=\"wp-block-image size-large\"><img decoding=\"async\" width=\"1024\" height=\"738\" src=\"https:\/\/losperiodistas.com.mx\/portal\/wp-content\/uploads\/2021\/10\/Captura-de-Pantalla-2021-10-23-a-las-8.33.59-1024x738.jpg\" alt=\"\" class=\"wp-image-14967\" srcset=\"https:\/\/losperiodistas.com.mx\/portal\/wp-content\/uploads\/2021\/10\/Captura-de-Pantalla-2021-10-23-a-las-8.33.59-1024x738.jpg 1024w, https:\/\/losperiodistas.com.mx\/portal\/wp-content\/uploads\/2021\/10\/Captura-de-Pantalla-2021-10-23-a-las-8.33.59-300x216.jpg 300w, https:\/\/losperiodistas.com.mx\/portal\/wp-content\/uploads\/2021\/10\/Captura-de-Pantalla-2021-10-23-a-las-8.33.59-768x554.jpg 768w, https:\/\/losperiodistas.com.mx\/portal\/wp-content\/uploads\/2021\/10\/Captura-de-Pantalla-2021-10-23-a-las-8.33.59.jpg 1398w\" sizes=\"(max-width: 1024px) 100vw, 1024px\" \/><\/figure>\n\n\n\n<p>El empresario, quien es hijo de Claudio X. Gonz\u00e1lez Laporte, due\u00f1o de Kimberly Clark M\u00e9xico, destac\u00f3 que la cuidadan\u00eda y S\u00ed por M\u00e9xico lograron su primer principal objetivo en la pasada elecci\u00f3n de junio: arrebatar la mayor\u00eda calificada a Morena y sus aliados en la C\u00e1mara de Diputados. \u201cCon ello, ya no cuentan con la posibilidad de da\u00f1ar y desaparecer a organismos aut\u00f3nomos e indispensables\u201d.<\/p>\n\n\n\n<p>\u201cEn la Ciudad de M\u00e9xico, la coalici\u00f3n gan\u00f3 9 de las 16 alcald\u00edas en disputa y el oficialismo lo sabe\u201d, mencion\u00f3 el empresario en la conferencia de prensa que tuvo lugar en un hotel del Centro Hist\u00f3rico de la Ciudad de M\u00e9xico ubicado frente a Palacio Nacional.<\/p>\n\n\n\n<p>Gonz\u00e1lez Guajardo ha sido cofundador de varias asociaciones civiles como: B\u00e9calos (2006), Mexicanos Primero (2007), Mexicanos contra la Corrupci\u00f3n y la Impunidad (2016) y S\u00ed por M\u00e9xico (2020).<\/p>\n\n\n\n<figure class=\"wp-block-image\" id=\"attachment_4044530\"><img decoding=\"async\" src=\"https:\/\/i2.wp.com\/www.sinembargo.mx\/wp-content\/uploads\/2021\/10\/cuartoscuro-839100-digital.jpeg?resize=700%2C467&amp;quality=80&amp;strip=all&amp;ssl=1\" alt=\"\" class=\"wp-image-4044530\"\/><figcaption>Claudio X. Gonz\u00e1lez en el aniversario de S\u00ed por M\u00e9xico. Foto: Cuartoscuro.<\/figcaption><\/figure>\n\n\n\n<p>El Presidente Andr\u00e9s Manuel L\u00f3pez Obrador se refiri\u00f3 esta ma\u00f1ana a la reuni\u00f3n de S\u00ed por M\u00e9xico en en un hotel del Centro Hist\u00f3rico frente a Palacio Nacional. En especial a la fotograf\u00eda que sus integrantes se tomaron con una manta en la que aseguraban que iban a \u201cechar a Morena de Palacio Nacional\u201d.<\/p>\n\n\n\n<p>\u201cEst\u00e1n en su derecho de oponerse, eso es la democracia, me preocupar\u00eda de que no hubiese protesta\u201d, dijo el Presidente en su conferencia ma\u00f1anera. \u201cSiempre ha sido as\u00ed, como ya no hay simulaci\u00f3n ahora son dos bloques, liberales y conservadores, antes enga\u00f1aban de que eran distintos, pero como ahora estamos viviendo tiempos de definici\u00f3n, el que se agrupe el conservadurismo es normal y es fuera m\u00e1scaras.<\/p>\n\n\n\n<p>\u201cSe supon\u00eda que estaban en partidos distintos, el PRI y PRD, ahora se unen, pero es la defensa de intereses creados, sin embargo, esta\u00f1o en su derecho y yo estoy contento porque se est\u00e1 consolidando el proceso de transformaci\u00f3n y va a ser muy dif\u00edcil dar marcha atr\u00e1s\u201d, agreg\u00f3.<\/p>\n\n\n\n<p>Fuente: https:\/\/www.sinembargo.mx\/22-10-2021\/4044493<\/p>\n","protected":false},"excerpt":{"rendered":"<p>El empresario Claudio X. Gonz\u00e1lez arremeti\u00f3 en contra de la llamada Cuarta Transformaci\u00f3n (4T) al afirmar que \u201ces una farsa\u201d [&hellip;]<\/p>\n","protected":false},"author":1,"featured_media":14966,"comment_status":"open","ping_status":"open","sticky":false,"template":"","format":"standard","meta":{"site-sidebar-layout":"default","site-content-layout":"","ast-site-content-layout":"default","site-content-style":"default","site-sidebar-style":"default","ast-global-header-display":"","ast-banner-title-visibility":"","ast-main-header-display":"","ast-hfb-above-header-display":"","ast-hfb-below-header-display":"","ast-hfb-mobile-header-display":"","site-post-title":"","ast-breadcrumbs-content":"","ast-featured-img":"","footer-sml-layout":"","theme-transparent-header-meta":"","adv-header-id-meta":"","stick-header-meta":"","header-above-stick-meta":"","header-main-stick-meta":"","header-below-stick-meta":"","astra-migrate-meta-layouts":"default","ast-page-background-enabled":"default","ast-page-background-meta":{"desktop":{"background-color":"var(--ast-global-color-4)","background-image":"","background-repeat":"repeat","background-position":"center center","background-size":"auto","background-attachment":"scroll","background-type":"","background-media":"","overlay-type":"","overlay-color":"","overlay-opacity":"","overlay-gradient":""},"tablet":{"background-color":"","background-image":"","background-repeat":"repeat","background-position":"center center","background-size":"auto","background-attachment":"scroll","background-type":"","background-media":"","overlay-type":"","overlay-color":"","overlay-opacity":"","overlay-gradient":""},"mobile":{"background-color":"","background-image":"","background-repeat":"repeat","background-position":"center center","background-size":"auto","background-attachment":"scroll","background-type":"","background-media":"","overlay-type":"","overlay-color":"","overlay-opacity":"","overlay-gradient":""}},"ast-content-background-meta":{"desktop":{"background-color":"var(--ast-global-color-5)","background-image":"","background-repeat":"repeat","background-position":"center center","background-size":"auto","background-attachment":"scroll","background-type":"","background-media":"","overlay-type":"","overlay-color":"","overlay-opacity":"","overlay-gradient":""},"tablet":{"background-color":"var(--ast-global-color-5)","background-image":"","background-repeat":"repeat","background-position":"center center","background-size":"auto","background-attachment":"scroll","background-type":"","background-media":"","overlay-type":"","overlay-color":"","overlay-opacity":"","overlay-gradient":""},"mobile":{"background-color":"var(--ast-global-color-5)","background-image":"","background-repeat":"repeat","background-position":"center center","background-size":"auto","background-attachment":"scroll","background-type":"","background-media":"","overlay-type":"","overlay-color":"","overlay-opacity":"","overlay-gradient":""}},"footnotes":""},"categories":[8],"tags":[3927,199,4972,4973],"class_list":["post-14965","post","type-post","status-publish","format-standard","has-post-thumbnail","hentry","category-noticias","tag-4t","tag-amlo","tag-claudia-x-gonzalez","tag-si-por-mexico"],"_links":{"self":[{"href":"https:\/\/losperiodistas.com.mx\/portal\/wp-json\/wp\/v2\/posts\/14965","targetHints":{"allow":["GET"]}}],"collection":[{"href":"https:\/\/losperiodistas.com.mx\/portal\/wp-json\/wp\/v2\/posts"}],"about":[{"href":"https:\/\/losperiodistas.com.mx\/portal\/wp-json\/wp\/v2\/types\/post"}],"author":[{"embeddable":true,"href":"https:\/\/losperiodistas.com.mx\/portal\/wp-json\/wp\/v2\/users\/1"}],"replies":[{"embeddable":true,"href":"https:\/\/losperiodistas.com.mx\/portal\/wp-json\/wp\/v2\/comments?post=14965"}],"version-history":[{"count":1,"href":"https:\/\/losperiodistas.com.mx\/portal\/wp-json\/wp\/v2\/posts\/14965\/revisions"}],"predecessor-version":[{"id":14968,"href":"https:\/\/losperiodistas.com.mx\/portal\/wp-json\/wp\/v2\/posts\/14965\/revisions\/14968"}],"wp:featuredmedia":[{"embeddable":true,"href":"https:\/\/losperiodistas.com.mx\/portal\/wp-json\/wp\/v2\/media\/14966"}],"wp:attachment":[{"href":"https:\/\/losperiodistas.com.mx\/portal\/wp-json\/wp\/v2\/media?parent=14965"}],"wp:term":[{"taxonomy":"category","embeddable":true,"href":"https:\/\/losperiodistas.com.mx\/portal\/wp-json\/wp\/v2\/categories?post=14965"},{"taxonomy":"post_tag","embeddable":true,"href":"https:\/\/losperiodistas.com.mx\/portal\/wp-json\/wp\/v2\/tags?post=14965"}],"curies":[{"name":"wp","href":"https:\/\/api.w.org\/{rel}","templated":true}]}}