{"id":14962,"date":"2021-10-23T08:08:30","date_gmt":"2021-10-23T13:08:30","guid":{"rendered":"http:\/\/losperiodistas.com.mx\/portal\/?p=14962"},"modified":"2021-10-23T08:08:30","modified_gmt":"2021-10-23T13:08:30","slug":"creel-invita-a-amlo-a-tomar-una-clase-de-derecho-constitucional-en-la-unam-proceso","status":"publish","type":"post","link":"https:\/\/losperiodistas.com.mx\/portal\/creel-invita-a-amlo-a-tomar-una-clase-de-derecho-constitucional-en-la-unam-proceso\/","title":{"rendered":"Creel invita a AMLO a tomar una clase de derecho constitucional en la UNAM | Proceso"},"content":{"rendered":"\n<p style=\"font-size:18px\"><em>\u201cTodos los lunes, mi\u00e9rcoles y viernes doy clases de esta materia en nuestra m\u00e1xima casa de estudios; lo invito. \u00bfQu\u00e9 dice? \u00bfQu\u00e9 d\u00eda puede?\u201d, lanz\u00f3 Creel.<\/em><\/p>\n\n\n\n<p><\/p>\n\n\n\n<figure class=\"wp-block-image size-large\"><img fetchpriority=\"high\" decoding=\"async\" width=\"1024\" height=\"580\" src=\"https:\/\/losperiodistas.com.mx\/portal\/wp-content\/uploads\/2021\/10\/Captura-de-Pantalla-2021-10-23-a-las-8.05.41-1024x580.jpg\" alt=\"\" class=\"wp-image-14963\" srcset=\"https:\/\/losperiodistas.com.mx\/portal\/wp-content\/uploads\/2021\/10\/Captura-de-Pantalla-2021-10-23-a-las-8.05.41-1024x580.jpg 1024w, https:\/\/losperiodistas.com.mx\/portal\/wp-content\/uploads\/2021\/10\/Captura-de-Pantalla-2021-10-23-a-las-8.05.41-300x170.jpg 300w, https:\/\/losperiodistas.com.mx\/portal\/wp-content\/uploads\/2021\/10\/Captura-de-Pantalla-2021-10-23-a-las-8.05.41-768x435.jpg 768w, https:\/\/losperiodistas.com.mx\/portal\/wp-content\/uploads\/2021\/10\/Captura-de-Pantalla-2021-10-23-a-las-8.05.41.jpg 1472w\" sizes=\"(max-width: 1024px) 100vw, 1024px\" \/><\/figure>\n\n\n\n<p><\/p>\n\n\n\n<p class=\"has-vivid-cyan-blue-color has-text-color has-medium-font-size\">REDACCI\u00d3N PROCESO<\/p>\n\n\n\n<p>CIUDAD DE M\u00c9XICO (aprto).- El exsecretario de Gobernaci\u00f3n,&nbsp;Santiago Creel Miranda, hizo una invitaci\u00f3n al presidente&nbsp;Andr\u00e9s Manuel L\u00f3pez Obrador&nbsp;para que asista a una de sus clases de derecho constitucional, en la&nbsp;Universidad Nacional Aut\u00f3noma de M\u00e9xico&nbsp;(UNAM).<\/p>\n\n\n\n<p>Lo anterior, en respuesta a los se\u00f1alamientos del Ejecutivo, quien asegur\u00f3 que la UNAM ya no imparte clases de esa materia, promueve el individualismo y se ha\u00a0\u201cderechizado\u201d.\u00a0<\/p>\n\n\n\n<p>En su cuenta de Twitter el panista escribi\u00f3: \u201cSr. Presidente Andr\u00e9s Manuel L\u00f3pez Obrador (AMLO), usted ha dicho que en la UNAM ya no se imparten clases de derecho constitucional.<\/p>\n\n\n\n<p>\u201cTodos los lunes, mi\u00e9rcoles y viernes doy clases de esta materia en nuestra m\u00e1xima casa de estudios; lo invito. \u00bfQu\u00e9 dice? \u00bfQu\u00e9 d\u00eda puede?\u201d.<\/p>\n\n\n\n<p>Fuente: https:\/\/www.proceso.com.mx\/nacional\/2021\/10\/22\/creel-invita-amlo-tomar-una-clase-de-derecho-constitucional-en-la-unam-274475.html<\/p>\n","protected":false},"excerpt":{"rendered":"<p>\u201cTodos los lunes, mi\u00e9rcoles y viernes doy clases de esta materia en nuestra m\u00e1xima casa de estudios; lo invito. \u00bfQu\u00e9 [&hellip;]<\/p>\n","protected":false},"author":1,"featured_media":14963,"comment_status":"open","ping_status":"open","sticky":false,"template":"","format":"standard","meta":{"site-sidebar-layout":"default","site-content-layout":"","ast-site-content-layout":"default","site-content-style":"default","site-sidebar-style":"default","ast-global-header-display":"","ast-banner-title-visibility":"","ast-main-header-display":"","ast-hfb-above-header-display":"","ast-hfb-below-header-display":"","ast-hfb-mobile-header-display":"","site-post-title":"","ast-breadcrumbs-content":"","ast-featured-img":"","footer-sml-layout":"","theme-transparent-header-meta":"","adv-header-id-meta":"","stick-header-meta":"","header-above-stick-meta":"","header-main-stick-meta":"","header-below-stick-meta":"","astra-migrate-meta-layouts":"default","ast-page-background-enabled":"default","ast-page-background-meta":{"desktop":{"background-color":"var(--ast-global-color-4)","background-image":"","background-repeat":"repeat","background-position":"center center","background-size":"auto","background-attachment":"scroll","background-type":"","background-media":"","overlay-type":"","overlay-color":"","overlay-opacity":"","overlay-gradient":""},"tablet":{"background-color":"","background-image":"","background-repeat":"repeat","background-position":"center center","background-size":"auto","background-attachment":"scroll","background-type":"","background-media":"","overlay-type":"","overlay-color":"","overlay-opacity":"","overlay-gradient":""},"mobile":{"background-color":"","background-image":"","background-repeat":"repeat","background-position":"center center","background-size":"auto","background-attachment":"scroll","background-type":"","background-media":"","overlay-type":"","overlay-color":"","overlay-opacity":"","overlay-gradient":""}},"ast-content-background-meta":{"desktop":{"background-color":"var(--ast-global-color-5)","background-image":"","background-repeat":"repeat","background-position":"center center","background-size":"auto","background-attachment":"scroll","background-type":"","background-media":"","overlay-type":"","overlay-color":"","overlay-opacity":"","overlay-gradient":""},"tablet":{"background-color":"var(--ast-global-color-5)","background-image":"","background-repeat":"repeat","background-position":"center center","background-size":"auto","background-attachment":"scroll","background-type":"","background-media":"","overlay-type":"","overlay-color":"","overlay-opacity":"","overlay-gradient":""},"mobile":{"background-color":"var(--ast-global-color-5)","background-image":"","background-repeat":"repeat","background-position":"center center","background-size":"auto","background-attachment":"scroll","background-type":"","background-media":"","overlay-type":"","overlay-color":"","overlay-opacity":"","overlay-gradient":""}},"footnotes":""},"categories":[8],"tags":[199,4971,4970,2672],"class_list":["post-14962","post","type-post","status-publish","format-standard","has-post-thumbnail","hentry","category-noticias","tag-amlo","tag-derecho-constitucional","tag-santiago-creel","tag-unam"],"_links":{"self":[{"href":"https:\/\/losperiodistas.com.mx\/portal\/wp-json\/wp\/v2\/posts\/14962","targetHints":{"allow":["GET"]}}],"collection":[{"href":"https:\/\/losperiodistas.com.mx\/portal\/wp-json\/wp\/v2\/posts"}],"about":[{"href":"https:\/\/losperiodistas.com.mx\/portal\/wp-json\/wp\/v2\/types\/post"}],"author":[{"embeddable":true,"href":"https:\/\/losperiodistas.com.mx\/portal\/wp-json\/wp\/v2\/users\/1"}],"replies":[{"embeddable":true,"href":"https:\/\/losperiodistas.com.mx\/portal\/wp-json\/wp\/v2\/comments?post=14962"}],"version-history":[{"count":1,"href":"https:\/\/losperiodistas.com.mx\/portal\/wp-json\/wp\/v2\/posts\/14962\/revisions"}],"predecessor-version":[{"id":14964,"href":"https:\/\/losperiodistas.com.mx\/portal\/wp-json\/wp\/v2\/posts\/14962\/revisions\/14964"}],"wp:featuredmedia":[{"embeddable":true,"href":"https:\/\/losperiodistas.com.mx\/portal\/wp-json\/wp\/v2\/media\/14963"}],"wp:attachment":[{"href":"https:\/\/losperiodistas.com.mx\/portal\/wp-json\/wp\/v2\/media?parent=14962"}],"wp:term":[{"taxonomy":"category","embeddable":true,"href":"https:\/\/losperiodistas.com.mx\/portal\/wp-json\/wp\/v2\/categories?post=14962"},{"taxonomy":"post_tag","embeddable":true,"href":"https:\/\/losperiodistas.com.mx\/portal\/wp-json\/wp\/v2\/tags?post=14962"}],"curies":[{"name":"wp","href":"https:\/\/api.w.org\/{rel}","templated":true}]}}