{"id":1485,"date":"2020-11-24T15:00:54","date_gmt":"2020-11-24T21:00:54","guid":{"rendered":"http:\/\/losperiodistas.com.mx\/portal\/?p=1485"},"modified":"2020-11-24T15:00:54","modified_gmt":"2020-11-24T21:00:54","slug":"retos-de-la-gestion-publica-en-el-neoliberalismo","status":"publish","type":"post","link":"https:\/\/losperiodistas.com.mx\/portal\/retos-de-la-gestion-publica-en-el-neoliberalismo\/","title":{"rendered":"Retos de la gesti\u00f3n p\u00fablica en el neoliberalismo"},"content":{"rendered":"\n<p style=\"font-size:26px\"><em>Por Dr. Carlos Figueroa Ibarra<\/em><\/p>\n\n\n\n<p>El jueves 19 de noviembre fui invitado por el Instituto Nacional de Administraci\u00f3n P\u00fablica de Guatemala (INAP) a dar la conferencia titulada \u201cLos retos&nbsp; actuales de&nbsp; la administraci\u00f3n p\u00fablica, una perspectiva desde la pol\u00edtica y la sociolog\u00eda\u201d. Ten\u00eda conocimiento de que un d\u00eda antes, en una sesi\u00f3n acelerada y de madrugada, la mayor\u00eda oficialista en el Congreso de dicho pa\u00eds hab\u00eda aprobado al vapor un presupuesto p\u00fablico verdaderamente ultrajante. Esto, &nbsp;por las concesiones a la corrupci\u00f3n y al despilfarro que mostr\u00f3. El resultado de ello fue una explosi\u00f3n de ira popular que se observ\u00f3 dos d\u00edas despu\u00e9s&nbsp; de la actividad a la que fui invitado. El presupuesto de egresos 2021 aprobado por el poder legislativo guatemalteco es una muestra de la descomposici\u00f3n del poder p\u00fablico.<\/p>\n\n\n\n<p>En un pa\u00eds con 50% de ni\u00f1os con desnutrici\u00f3n cr\u00f3nica, los diputados guatemaltecos eliminaron \u00a0200 millones de quetzales (1 d\u00f3lar=7.79 quetzales) \u00a0destinados a combatir el hambre\u00a0 y destinaron la misma cantidad de dinero a la construcci\u00f3n de un nuevo edificio para el poder legislativo. Se recetaron un aumento de 500 mil quetzales para \u00a0sus alimentos (\u00a1!!) y 4 millones m\u00e1s para comprarse autos. Destinaron el 10% del presupuesto de 99,700 millones de quetzales al corrupto Ministerio de Construcci\u00f3n, Infraestructura y Vivienda cuando es sabido que buena parte de las constructoras que contrata est\u00e1n relacionadas con los diputados venales. Aument\u00f3 el monto de dinero al seguro escolar privado y al Centro de Gobierno, instancia dirigida por el alegado compa\u00f1ero sentimental del presidente Giammattei. Redujo en plena pandemia\u00a0 750 millones de quetzales el presupuesto para hospitales y centros de salud y disminuy\u00f3 el monto destinado al Poder Judicial, Universidad y a la Procuradur\u00eda de Derechos Humanos. <\/p>\n\n\n\n<p>El caso guatemalteco ilustra los retos de la gesti\u00f3n p\u00fablica en muchos pa\u00edses latinoamericanos en un momento en que enfrenta tres flagelos: la voracidad empresarial desatada por el neoliberalismo, la corrupci\u00f3n en los sectores p\u00fablico y privado, y el crimen organizado. As\u00ed las cosas, el esfuerzo inicial y fundamental es la separaci\u00f3n del poder pol\u00edtico con respecto al poder econ\u00f3mico. Se necesita en palabras de Gramsci, un Estado con esp\u00edritu estatal y no con esp\u00edritu econ\u00f3mico-corporativo. Un segundo desaf\u00edo es la corrupci\u00f3n expresada en la delincuencia de cuello blanco o delito econ\u00f3mico organizado. Un tercer reto es el combate a la penetraci\u00f3n del crimen organizado en el Estado. Un cuarto elemento es el combate al despilfarro que generan los privilegios de la alta burocracia estatal (austeridad republicana). Un quinto combate es por una administraci\u00f3n municipal sana en tanto que el poder local es un escenario privilegiado del crimen organizado. Una sexta tarea es la eficiencia y agilidad administrativa lograda al desterrar la farragosa tramitolog\u00eda, la corrupci\u00f3n como acelerador de diligencias. Finalmente y como consecuencia de todo lo anterior, la s\u00e9ptima empresa ser\u00e1 la eficiencia en la recaudaci\u00f3n y el combate a la evasi\u00f3n fiscal. La recaudaci\u00f3n eficiente de impuestos y el combate a su evasi\u00f3n\u00a0 ser\u00e1 m\u00e1s posible si la ciudadan\u00eda advierte que est\u00e1 regida por un gobierno honesto y transparente. <\/p>\n\n\n\n<p>Resulta alentador que en diversos pa\u00edses se est\u00e9 expresando la rebeli\u00f3n ciudadana&nbsp; contra el uso patrimonial, corrupto y delincuencial del Estado. Lo sucedido recientemente en Per\u00fa y en Guatemala como lo sucedido en M\u00e9xico en 2018, revela que cada vez m\u00e1s la ciudadan\u00eda esta diciendo no.<\/p>\n","protected":false},"excerpt":{"rendered":"<p>Por Dr. Carlos Figueroa Ibarra El jueves 19 de noviembre fui invitado por el Instituto Nacional de Administraci\u00f3n P\u00fablica de [&hellip;]<\/p>\n","protected":false},"author":1,"featured_media":600,"comment_status":"open","ping_status":"open","sticky":false,"template":"","format":"standard","meta":{"site-sidebar-layout":"default","site-content-layout":"","ast-site-content-layout":"default","site-content-style":"default","site-sidebar-style":"default","ast-global-header-display":"","ast-banner-title-visibility":"","ast-main-header-display":"","ast-hfb-above-header-display":"","ast-hfb-below-header-display":"","ast-hfb-mobile-header-display":"","site-post-title":"","ast-breadcrumbs-content":"","ast-featured-img":"","footer-sml-layout":"","theme-transparent-header-meta":"","adv-header-id-meta":"","stick-header-meta":"","header-above-stick-meta":"","header-main-stick-meta":"","header-below-stick-meta":"","astra-migrate-meta-layouts":"default","ast-page-background-enabled":"default","ast-page-background-meta":{"desktop":{"background-color":"var(--ast-global-color-4)","background-image":"","background-repeat":"repeat","background-position":"center center","background-size":"auto","background-attachment":"scroll","background-type":"","background-media":"","overlay-type":"","overlay-color":"","overlay-opacity":"","overlay-gradient":""},"tablet":{"background-color":"","background-image":"","background-repeat":"repeat","background-position":"center center","background-size":"auto","background-attachment":"scroll","background-type":"","background-media":"","overlay-type":"","overlay-color":"","overlay-opacity":"","overlay-gradient":""},"mobile":{"background-color":"","background-image":"","background-repeat":"repeat","background-position":"center center","background-size":"auto","background-attachment":"scroll","background-type":"","background-media":"","overlay-type":"","overlay-color":"","overlay-opacity":"","overlay-gradient":""}},"ast-content-background-meta":{"desktop":{"background-color":"var(--ast-global-color-5)","background-image":"","background-repeat":"repeat","background-position":"center center","background-size":"auto","background-attachment":"scroll","background-type":"","background-media":"","overlay-type":"","overlay-color":"","overlay-opacity":"","overlay-gradient":""},"tablet":{"background-color":"var(--ast-global-color-5)","background-image":"","background-repeat":"repeat","background-position":"center center","background-size":"auto","background-attachment":"scroll","background-type":"","background-media":"","overlay-type":"","overlay-color":"","overlay-opacity":"","overlay-gradient":""},"mobile":{"background-color":"var(--ast-global-color-5)","background-image":"","background-repeat":"repeat","background-position":"center center","background-size":"auto","background-attachment":"scroll","background-type":"","background-media":"","overlay-type":"","overlay-color":"","overlay-opacity":"","overlay-gradient":""}},"footnotes":""},"categories":[22],"tags":[],"class_list":["post-1485","post","type-post","status-publish","format-standard","has-post-thumbnail","hentry","category-opinion-invitada"],"_links":{"self":[{"href":"https:\/\/losperiodistas.com.mx\/portal\/wp-json\/wp\/v2\/posts\/1485","targetHints":{"allow":["GET"]}}],"collection":[{"href":"https:\/\/losperiodistas.com.mx\/portal\/wp-json\/wp\/v2\/posts"}],"about":[{"href":"https:\/\/losperiodistas.com.mx\/portal\/wp-json\/wp\/v2\/types\/post"}],"author":[{"embeddable":true,"href":"https:\/\/losperiodistas.com.mx\/portal\/wp-json\/wp\/v2\/users\/1"}],"replies":[{"embeddable":true,"href":"https:\/\/losperiodistas.com.mx\/portal\/wp-json\/wp\/v2\/comments?post=1485"}],"version-history":[{"count":1,"href":"https:\/\/losperiodistas.com.mx\/portal\/wp-json\/wp\/v2\/posts\/1485\/revisions"}],"predecessor-version":[{"id":1486,"href":"https:\/\/losperiodistas.com.mx\/portal\/wp-json\/wp\/v2\/posts\/1485\/revisions\/1486"}],"wp:featuredmedia":[{"embeddable":true,"href":"https:\/\/losperiodistas.com.mx\/portal\/wp-json\/wp\/v2\/media\/600"}],"wp:attachment":[{"href":"https:\/\/losperiodistas.com.mx\/portal\/wp-json\/wp\/v2\/media?parent=1485"}],"wp:term":[{"taxonomy":"category","embeddable":true,"href":"https:\/\/losperiodistas.com.mx\/portal\/wp-json\/wp\/v2\/categories?post=1485"},{"taxonomy":"post_tag","embeddable":true,"href":"https:\/\/losperiodistas.com.mx\/portal\/wp-json\/wp\/v2\/tags?post=1485"}],"curies":[{"name":"wp","href":"https:\/\/api.w.org\/{rel}","templated":true}]}}