{"id":14845,"date":"2021-10-21T06:18:35","date_gmt":"2021-10-21T11:18:35","guid":{"rendered":"http:\/\/losperiodistas.com.mx\/portal\/?p=14845"},"modified":"2021-10-21T06:18:36","modified_gmt":"2021-10-21T11:18:36","slug":"diputados-aprobaron-la-miscelanea-fiscal-2022-en-lo-general-y-particular-infobae","status":"publish","type":"post","link":"https:\/\/losperiodistas.com.mx\/portal\/diputados-aprobaron-la-miscelanea-fiscal-2022-en-lo-general-y-particular-infobae\/","title":{"rendered":"Diputados aprobaron la Miscel\u00e1nea Fiscal 2022 en lo general y particular | Infobae"},"content":{"rendered":"\n<p style=\"font-size:18px\"><em>Aceptado con 274 votos a favor, 220 en contra y 0 abstenciones, el dictamen ahora pasar\u00e1 al Senado de la Rep\u00fablica para su revisi\u00f3n<\/em><\/p>\n\n\n\n<p><\/p>\n\n\n\n<figure class=\"wp-block-image size-large\"><img fetchpriority=\"high\" decoding=\"async\" width=\"1024\" height=\"686\" src=\"https:\/\/losperiodistas.com.mx\/portal\/wp-content\/uploads\/2021\/10\/Captura-de-Pantalla-2021-10-21-a-las-6.15.08-1024x686.jpg\" alt=\"\" class=\"wp-image-14846\" srcset=\"https:\/\/losperiodistas.com.mx\/portal\/wp-content\/uploads\/2021\/10\/Captura-de-Pantalla-2021-10-21-a-las-6.15.08-1024x686.jpg 1024w, https:\/\/losperiodistas.com.mx\/portal\/wp-content\/uploads\/2021\/10\/Captura-de-Pantalla-2021-10-21-a-las-6.15.08-300x201.jpg 300w, https:\/\/losperiodistas.com.mx\/portal\/wp-content\/uploads\/2021\/10\/Captura-de-Pantalla-2021-10-21-a-las-6.15.08-768x515.jpg 768w, https:\/\/losperiodistas.com.mx\/portal\/wp-content\/uploads\/2021\/10\/Captura-de-Pantalla-2021-10-21-a-las-6.15.08.jpg 1510w\" sizes=\"(max-width: 1024px) 100vw, 1024px\" \/><figcaption>Diputados aprobaron la Miscel\u00e1nea Fiscal 2022 en lo general y particular (Foto: EFE\/ Jos\u00e9 M\u00e9ndez)<\/figcaption><\/figure>\n\n\n\n<p class=\"has-vivid-cyan-blue-color has-text-color has-medium-font-size\">INFOBAE<\/p>\n\n\n\n<p><strong>La C\u00e1mara de Diputados aprob\u00f3 la Miscel\u00e1nea Fiscal 2022<\/strong>&nbsp;del presidente Andr\u00e9s Manuel L\u00f3pez Obrador con 274 votos a favor, 220 en contra y 0 abstenciones, por lo que ahora pasar\u00e1 al Senado de la Rep\u00fablica.<\/p>\n\n\n\n<p>Fue la noche del 18 de octubre de 2022 cuando los diputados mexicanos aprobaron en lo general, por 260 votos a favor, 218 en contra y cero abstenciones,<strong>\u00a0remitida por el jefe del Ejecutivo Federal el 8 de septiembre.<\/strong><\/p>\n\n\n\n<p>El dictamen con proyecto de decreto reforma, adiciona y deroga diversas disposiciones de la&nbsp;<strong>Ley del Impuesto Sobre la Renta<\/strong>, de la<strong>&nbsp;Ley del Impuesto al Valor Agregado<\/strong>, de la Ley del Impuesto sobre Producci\u00f3n y Servicios, de la&nbsp;<strong>Ley Federal del Impuesto sobre Autom\u00f3viles Nuevos,<\/strong>&nbsp;del&nbsp;<strong>C\u00f3digo Fiscal de la Federaci\u00f3n y otros ordenamientos.<\/strong><\/p>\n\n\n\n<h2 class=\"wp-block-heading\">Ley del Impuesto Sobre la Renta<\/h2>\n\n\n\n<p>Dentro de la<strong>&nbsp;Ley del Impuesto Sobre la Renta<\/strong>&nbsp;(ISR), se propuso, entre otras cosas, regular las autorizaciones que otorga la autoridad fiscal para la enajenaci\u00f3n de acciones a costo fiscal en los casos de reestructuraci\u00f3n de sociedades constituidas en M\u00e9xico pertenecientes a un mismo grupo, adem\u00e1s de combatir el mercado il\u00edcito de hidrocarburos y petrol\u00edferos, o eliminar la excepci\u00f3n que en la actualidad considera para los pagos por concepto de asistencia t\u00e9cnica, transferencia de tecnolog\u00eda o regal\u00edas.<\/p>\n\n\n\n<p>Asimismo, se busca incluir reglas sobre p\u00e9rdidas fiscales, eliminar a personas f\u00edsicas del r\u00e9gimen de actividades agr\u00edcolas, ganaderas, silv\u00edcolas o pesqueras. Destac\u00f3 tambi\u00e9n que no existe obligaci\u00f3n de presentar declaraciones informativas por retenciones de servicios profesionales.<img decoding=\"async\" alt=\"Aceptado con 274 votos a favor, 220 en contra y 0 abstenciones, el dictamen ahora pasar\u00e1 al Senado de la Rep\u00fablica para su revisi\u00f3n\n\n REUTERS\/Edgard Garrido\/Ilustraci\u00f3n\/Archivo\" src=\"https:\/\/www.infobae.com\/new-resizer\/NDYh1fOXgAn_ACHGRzCdQlc9ah4=\/420x280\/filters:format(jpg):quality(85)\/cloudfront-us-east-1.images.arcpublishing.com\/infobae\/GYDTA7DYGHGW5OVXZ2SUEUGRMY.jpg%20420w\" height=\"533\" width=\"800\" srcset=\"https:\/\/www.infobae.com\/new-resizer\/NDYh1fOXgAn_ACHGRzCdQlc9ah4=\/420x280\/filters:format(jpg):quality(85)\/cloudfront-us-east-1.images.arcpublishing.com\/infobae\/GYDTA7DYGHGW5OVXZ2SUEUGRMY.jpg 420w,https:\/\/www.infobae.com\/new-resizer\/nKov_N9bOIjd5J4hUuj_62nAjBs=\/768x512\/filters:format(jpg):quality(85)\/cloudfront-us-east-1.images.arcpublishing.com\/infobae\/GYDTA7DYGHGW5OVXZ2SUEUGRMY.jpg 768w,https:\/\/www.infobae.com\/new-resizer\/ICh5rmXivEQoCLfOf9G7-aDfTxs=\/992x661\/filters:format(jpg):quality(85)\/cloudfront-us-east-1.images.arcpublishing.com\/infobae\/GYDTA7DYGHGW5OVXZ2SUEUGRMY.jpg 992w,https:\/\/www.infobae.com\/new-resizer\/2_5QmFwvxYHeXgSOD691fYWbXYI=\/1200x800\/filters:format(jpg):quality(85)\/cloudfront-us-east-1.images.arcpublishing.com\/infobae\/GYDTA7DYGHGW5OVXZ2SUEUGRMY.jpg 1200w,https:\/\/www.infobae.com\/new-resizer\/VsNeB-bDR2fuPDKTPKVwS-ThBcs=\/1440x960\/filters:format(jpg):quality(85)\/cloudfront-us-east-1.images.arcpublishing.com\/infobae\/GYDTA7DYGHGW5OVXZ2SUEUGRMY.jpg 1440w\">Aceptado con 274 votos a favor, 220 en contra y 0 abstenciones, el dictamen ahora pasar\u00e1 al Senado de la Rep\u00fablica para su revisi\u00f3n REUTERS\/Edgard Garrido\/Ilustraci\u00f3n\/Archivo<\/p>\n\n\n\n<h2 class=\"wp-block-heading\">Ley del Impuesto al Valor Agregado<\/h2>\n\n\n\n<p>La reforma a la&nbsp;<strong>Ley del Impuesto al Valor Agregado&nbsp;<\/strong>establece que la enajenaci\u00f3n de productos destinados a la alimentaci\u00f3n humana y a la de animales tiene tasa de 0%; se modificar\u00e1 el tratamiento impositivo a los productos de gesti\u00f3n menstrual; y se se\u00f1alar\u00e1n los requisitos del acreditamiento del IVA.<\/p>\n\n\n\n<h2 class=\"wp-block-heading\">Ley del IEPS<\/h2>\n\n\n\n<p>Se enmienda la&nbsp;<strong>Ley del Impuesto Especial sobre Producci\u00f3n y Servicios<\/strong>&nbsp;(IEPS) para importar combustibles automotrices, determinar las definiciones relativas a bebidas alcoh\u00f3licas (marbete electr\u00f3nico y establecimiento), determinar las cuotas aplicables a combustibles automotrices,&nbsp;<strong>incluir reglas para el consumo de bebidas alcoh\u00f3licas en el mismo lugar o establecimiento en el que se enajenen.<\/strong><\/p>\n\n\n\n<p>Generar el<strong>&nbsp;Padr\u00f3n de Contribuyentes de Bebidas Alcoh\u00f3licas<\/strong>&nbsp;con los fabricantes de alcohol desnaturalizado, mieles incristalizables, cigarros y otros tabacos labrados;<strong>&nbsp;actualizar las cuotas aplicables a combustibles automotrices<\/strong>, y eliminar el tratamiento diferencial aplicable a la enajenaci\u00f3n de autom\u00f3viles blindados.<img decoding=\"async\" alt=\"Diputados aprobaron la Miscel\u00e1nea Fiscal 2022 en lo general y particular\n\nREUTERS\/Edgard Garrido\" src=\"https:\/\/www.infobae.com\/new-resizer\/25M2d6j2U_OK1ec_KL5MHW1H-yo=\/420x280\/filters:format(jpg):quality(85)\/cloudfront-us-east-1.images.arcpublishing.com\/infobae\/FBB4FJDJKTBAOEEBMTIOMXIMWQ.jpg%20420w\" height=\"533\" width=\"800\" srcset=\"https:\/\/www.infobae.com\/new-resizer\/25M2d6j2U_OK1ec_KL5MHW1H-yo=\/420x280\/filters:format(jpg):quality(85)\/cloudfront-us-east-1.images.arcpublishing.com\/infobae\/FBB4FJDJKTBAOEEBMTIOMXIMWQ.jpg 420w,https:\/\/www.infobae.com\/new-resizer\/rxDDjSTKzpURXiuqd_g6ZEmuGO0=\/768x512\/filters:format(jpg):quality(85)\/cloudfront-us-east-1.images.arcpublishing.com\/infobae\/FBB4FJDJKTBAOEEBMTIOMXIMWQ.jpg 768w,https:\/\/www.infobae.com\/new-resizer\/pU1qY9S_YBThOQ_dYDV85Vsf-os=\/992x661\/filters:format(jpg):quality(85)\/cloudfront-us-east-1.images.arcpublishing.com\/infobae\/FBB4FJDJKTBAOEEBMTIOMXIMWQ.jpg 992w,https:\/\/www.infobae.com\/new-resizer\/zvI1OVWeSThesYELO4Nr87-X0fc=\/1200x800\/filters:format(jpg):quality(85)\/cloudfront-us-east-1.images.arcpublishing.com\/infobae\/FBB4FJDJKTBAOEEBMTIOMXIMWQ.jpg 1200w,https:\/\/www.infobae.com\/new-resizer\/I9F2FjplKcRHEhgeH4FZQEv6Ha4=\/1440x960\/filters:format(jpg):quality(85)\/cloudfront-us-east-1.images.arcpublishing.com\/infobae\/FBB4FJDJKTBAOEEBMTIOMXIMWQ.jpg 1440w\">Diputados aprobaron la Miscel\u00e1nea Fiscal 2022 en lo general y particular REUTERS\/Edgard Garrido<\/p>\n\n\n\n<h2 class=\"wp-block-heading\">C\u00f3digo Fiscal de la Federaci\u00f3n<\/h2>\n\n\n\n<p>Los cambios en el C\u00f3digo Fiscal de la Federaci\u00f3n buscan se\u00f1alar que la condici\u00f3n de residente en M\u00e9xico no se perder\u00e1&nbsp;<strong>si la persona no acredita su cambio de residencia<\/strong>, o bien, si no presenta el aviso de cambio; adem\u00e1s de eliminar la referencia a la recepci\u00f3n de declaraciones por instituciones bancarias.<\/p>\n\n\n\n<p>Adem\u00e1s, es en esta donde se encuentra la propuesta al&nbsp;<strong>C\u00f3digo Fiscal de la Federaci\u00f3n&nbsp;<\/strong>y el Art\u00edculo Noveno del decreto en donde se establece que las personas f\u00edsicas mayores de edad deber\u00e1n solicitar su inscripci\u00f3n al Registro Federal de Contribuyentes.<\/p>\n\n\n\n<p>Tambi\u00e9n se prev\u00e9 establecer los tr\u00e1mites y reducir los tiempos de atenci\u00f3n y evitar el&nbsp;<strong>uso de papel mediante el uso de medios electr\u00f3nico<\/strong>, entre otros.<\/p>\n\n\n\n<p>Luego de la votaci\u00f3n en lo general, el presidente de la Mesa Directiva, diputado Sergio Guti\u00e9rrez Luna, decret\u00f3 un receso y cit\u00f3 para ma\u00f1ana martes 19 de octubre, a las 10:00 horas, para continuar con la discusi\u00f3n en lo particular del dictamen.<\/p>\n\n\n\n<p>Fuente: https:\/\/www.infobae.com\/america\/mexico\/2021\/10\/21\/diputados-aprobaron-la-miscelanea-fiscal-2022-en-lo-general-y-particular\/<\/p>\n","protected":false},"excerpt":{"rendered":"<p>Aceptado con 274 votos a favor, 220 en contra y 0 abstenciones, el dictamen ahora pasar\u00e1 al Senado de la [&hellip;]<\/p>\n","protected":false},"author":1,"featured_media":14846,"comment_status":"open","ping_status":"open","sticky":false,"template":"","format":"standard","meta":{"site-sidebar-layout":"default","site-content-layout":"","ast-site-content-layout":"default","site-content-style":"default","site-sidebar-style":"default","ast-global-header-display":"","ast-banner-title-visibility":"","ast-main-header-display":"","ast-hfb-above-header-display":"","ast-hfb-below-header-display":"","ast-hfb-mobile-header-display":"","site-post-title":"","ast-breadcrumbs-content":"","ast-featured-img":"","footer-sml-layout":"","theme-transparent-header-meta":"","adv-header-id-meta":"","stick-header-meta":"","header-above-stick-meta":"","header-main-stick-meta":"","header-below-stick-meta":"","astra-migrate-meta-layouts":"default","ast-page-background-enabled":"default","ast-page-background-meta":{"desktop":{"background-color":"var(--ast-global-color-4)","background-image":"","background-repeat":"repeat","background-position":"center center","background-size":"auto","background-attachment":"scroll","background-type":"","background-media":"","overlay-type":"","overlay-color":"","overlay-opacity":"","overlay-gradient":""},"tablet":{"background-color":"","background-image":"","background-repeat":"repeat","background-position":"center center","background-size":"auto","background-attachment":"scroll","background-type":"","background-media":"","overlay-type":"","overlay-color":"","overlay-opacity":"","overlay-gradient":""},"mobile":{"background-color":"","background-image":"","background-repeat":"repeat","background-position":"center center","background-size":"auto","background-attachment":"scroll","background-type":"","background-media":"","overlay-type":"","overlay-color":"","overlay-opacity":"","overlay-gradient":""}},"ast-content-background-meta":{"desktop":{"background-color":"var(--ast-global-color-5)","background-image":"","background-repeat":"repeat","background-position":"center center","background-size":"auto","background-attachment":"scroll","background-type":"","background-media":"","overlay-type":"","overlay-color":"","overlay-opacity":"","overlay-gradient":""},"tablet":{"background-color":"var(--ast-global-color-5)","background-image":"","background-repeat":"repeat","background-position":"center center","background-size":"auto","background-attachment":"scroll","background-type":"","background-media":"","overlay-type":"","overlay-color":"","overlay-opacity":"","overlay-gradient":""},"mobile":{"background-color":"var(--ast-global-color-5)","background-image":"","background-repeat":"repeat","background-position":"center center","background-size":"auto","background-attachment":"scroll","background-type":"","background-media":"","overlay-type":"","overlay-color":"","overlay-opacity":"","overlay-gradient":""}},"footnotes":""},"categories":[8],"tags":[4909,4907,4906,4908,4859],"class_list":["post-14845","post","type-post","status-publish","format-standard","has-post-thumbnail","hentry","category-noticias","tag-codigo-fiscal-de-la-federacion","tag-ley-del-impuesto-al-valor-agregado","tag-ley-del-impuesto-sobre-la-renta","tag-ley-federal-del-impuesto-sobre-automoviles-nuevos","tag-miscelanea-fiscal-2022"],"_links":{"self":[{"href":"https:\/\/losperiodistas.com.mx\/portal\/wp-json\/wp\/v2\/posts\/14845","targetHints":{"allow":["GET"]}}],"collection":[{"href":"https:\/\/losperiodistas.com.mx\/portal\/wp-json\/wp\/v2\/posts"}],"about":[{"href":"https:\/\/losperiodistas.com.mx\/portal\/wp-json\/wp\/v2\/types\/post"}],"author":[{"embeddable":true,"href":"https:\/\/losperiodistas.com.mx\/portal\/wp-json\/wp\/v2\/users\/1"}],"replies":[{"embeddable":true,"href":"https:\/\/losperiodistas.com.mx\/portal\/wp-json\/wp\/v2\/comments?post=14845"}],"version-history":[{"count":1,"href":"https:\/\/losperiodistas.com.mx\/portal\/wp-json\/wp\/v2\/posts\/14845\/revisions"}],"predecessor-version":[{"id":14847,"href":"https:\/\/losperiodistas.com.mx\/portal\/wp-json\/wp\/v2\/posts\/14845\/revisions\/14847"}],"wp:featuredmedia":[{"embeddable":true,"href":"https:\/\/losperiodistas.com.mx\/portal\/wp-json\/wp\/v2\/media\/14846"}],"wp:attachment":[{"href":"https:\/\/losperiodistas.com.mx\/portal\/wp-json\/wp\/v2\/media?parent=14845"}],"wp:term":[{"taxonomy":"category","embeddable":true,"href":"https:\/\/losperiodistas.com.mx\/portal\/wp-json\/wp\/v2\/categories?post=14845"},{"taxonomy":"post_tag","embeddable":true,"href":"https:\/\/losperiodistas.com.mx\/portal\/wp-json\/wp\/v2\/tags?post=14845"}],"curies":[{"name":"wp","href":"https:\/\/api.w.org\/{rel}","templated":true}]}}