{"id":14839,"date":"2021-10-21T06:06:56","date_gmt":"2021-10-21T11:06:56","guid":{"rendered":"http:\/\/losperiodistas.com.mx\/portal\/?p=14839"},"modified":"2021-10-21T06:06:58","modified_gmt":"2021-10-21T11:06:58","slug":"llama-mbh-a-preservar-tradiciones-y-hacer-de-puebla-un-estado-fuerte-con-reactivacion-economica","status":"publish","type":"post","link":"https:\/\/losperiodistas.com.mx\/portal\/llama-mbh-a-preservar-tradiciones-y-hacer-de-puebla-un-estado-fuerte-con-reactivacion-economica\/","title":{"rendered":"Llama MBH a preservar tradiciones y hacer de Puebla un estado fuerte con reactivaci\u00f3n econ\u00f3mica"},"content":{"rendered":"\n<p style=\"font-size:18px\"><em>El mandatario presidi\u00f3 el inicio de la \u201cTemporada de Mole de Caderas 2021\u201d en Tehuac\u00e1n<\/em>. <em>\u201cEl mole de caderas es aut\u00e9ntico, sint\u00e1monos orgullosos de este platillo\u201d, destac\u00f3<\/em><\/p>\n\n\n\n<p><\/p>\n\n\n\n<figure class=\"wp-block-image size-large\"><img fetchpriority=\"high\" decoding=\"async\" width=\"1024\" height=\"683\" src=\"https:\/\/losperiodistas.com.mx\/portal\/wp-content\/uploads\/2021\/10\/MG_3877-1024x683.jpeg\" alt=\"\" class=\"wp-image-14840\" srcset=\"https:\/\/losperiodistas.com.mx\/portal\/wp-content\/uploads\/2021\/10\/MG_3877-1024x683.jpeg 1024w, https:\/\/losperiodistas.com.mx\/portal\/wp-content\/uploads\/2021\/10\/MG_3877-300x200.jpeg 300w, https:\/\/losperiodistas.com.mx\/portal\/wp-content\/uploads\/2021\/10\/MG_3877-768x512.jpeg 768w, https:\/\/losperiodistas.com.mx\/portal\/wp-content\/uploads\/2021\/10\/MG_3877-1536x1024.jpeg 1536w, https:\/\/losperiodistas.com.mx\/portal\/wp-content\/uploads\/2021\/10\/MG_3877-2048x1365.jpeg 2048w\" sizes=\"(max-width: 1024px) 100vw, 1024px\" \/><\/figure>\n\n\n\n<p><\/p>\n\n\n\n<p class=\"has-vivid-cyan-blue-color has-text-color has-medium-font-size\">REDACCI\u00d3N<\/p>\n\n\n\n<p>TEHUAC\u00c1N, Pue. &#8211; Con la presentaci\u00f3n de ballets de esta regi\u00f3n y el \u201cRitual de la Matanza\u201d, el gobernador Miguel Barbosa Huerta presidi\u00f3 el inicio de la \u201cTemporada de Mole de Caderas 2021\u201d en este municipio. En el acto, el mandatario llam\u00f3 a autoridades y poblaci\u00f3n en general a preservar las tradiciones, as\u00ed como asociar la reactivaci\u00f3n econ\u00f3mica con los temas culturales y educativos para hacer de Puebla un estado fuerte.<\/p>\n\n\n\n<p>En compa\u00f1\u00eda de la presidenta honoraria del Patronato del SEDIF, Rosario Orozco Caballero, el titular del Ejecutivo refrend\u00f3 que hoy la entidad cuenta con un gobierno consolidado, responsable y ordenado, mismo que combate la corrupci\u00f3n, la delincuencia y garantiza educaci\u00f3n, salud y bienestar a las y los poblanos.<\/p>\n\n\n\n<p>Refiri\u00f3 que, gracias a las acciones implementadas por su administraci\u00f3n, Puebla avanza por \u201cbuen rumbo\u201d; en este sentido, reiter\u00f3 su disposici\u00f3n de trabajar de la mano con los alcaldes de los 217 municipios del estado para generar estrategias a favor de las y los poblanos.<\/p>\n\n\n\n<p>Barbosa Huerta felicit\u00f3 a las y los habitantes de la regi\u00f3n de Tehuac\u00e1n por mantener la tradici\u00f3n de mole de caderas, platillo que si bien lleva insumos oaxaque\u00f1os, fue preparado por primera vez en el municipio.<\/p>\n\n\n\n<p>A\u00f1adi\u00f3 que su gobierno, a trav\u00e9s de la Direcci\u00f3n de Protecci\u00f3n contra Riesgos Sanitarios (DPRIS), supervisar\u00e1 que la matanza y la preparaci\u00f3n del platillo cumpla con los est\u00e1ndares de higiene, adem\u00e1s de que los animales no sean torturados. Puntualiz\u00f3 que el mole de caderas es aut\u00e9ntico, por lo que invit\u00f3 a las y los poblanos a sentirse orgullosos de este platillo y de las tradiciones que hay en la entidad: \u201cel mole de caderas es tehuacanero y as\u00ed lo presentamos hoy\u201d.<\/p>\n\n\n\n<p><strong>EN CONJUNTO CON GOBIERNO ESTATAL, AYUNTAMIENTO BUSCAR\u00c1 DENOMINACI\u00d3N DE ORIGEN DEL MOLE DE CADERAS: TEPOLE<\/strong><\/p>\n\n\n\n<p>En su intervenci\u00f3n, el presidente municipal de Tehuac\u00e1n, Pedro Tepole Hern\u00e1ndez reiter\u00f3 la disposici\u00f3n de su administraci\u00f3n para trabajar de la mano con el gobierno de Miguel Barbosa Huerta y buscar la denominaci\u00f3n de origen del mole de caderas, con el fin de preservar el valor de este platillo y recuperar el orgullo para los tehuacanenses.<\/p>\n\n\n\n<p>Agreg\u00f3 que el mole brinda a Tehuac\u00e1n y a los municipios aleda\u00f1os un impulso econ\u00f3mico, ya que incrementa la afluencia tur\u00edstica y beneficia a hoteleros, restauranteros, matanceros y comerciantes. Asimismo, dijo que el \u201cRito de la Matanza\u201d es un legado cultural heredado que debe permanecer en las presentes generaciones.<\/p>\n\n\n\n<p>En tanto, la secretaria de Turismo, Marta Ornelas Guerrero destac\u00f3 que este platillo contin\u00faa consolid\u00e1ndose como uno de los grandes atractivos del turismo gastron\u00f3mico del estado, y dijo que representa una ventana a trav\u00e9s de la cual se puede apreciar el pasado y presente de Tehuac\u00e1n.<\/p>\n\n\n\n<p>A su vez, el secretario de Cultura, Sergio Vergara Berdejo enfatiz\u00f3 que el mole de caderas simboliza historia, costumbres y rituales ancestrales de una regi\u00f3n misteriosa y milenaria, e invit\u00f3 a las y los ciudadanos a disfrutar de esta tradici\u00f3n, que tiene su origen en la zona tehuacanera.<\/p>\n\n\n\n<p>En el inicio de temporada estuvieron presentes los presidentes del Tribunal Superior de Justicia y de la Junta de Gobierno y Coordinaci\u00f3n Pol\u00edtica del Congreso local, H\u00e9ctor S\u00e1nchez S\u00e1nchez y Sergio C\u00e9spedes Peregrina; el presidente municipal de Puebla, Eduardo Rivera P\u00e9rez; el fiscal general del Estado, Gilberto Higuera Bernal; la rectora de la Benem\u00e9rita Universidad Aut\u00f3noma de Puebla, doctora Lilia Cedillo Ram\u00edrez; secretarias y secretarios del gabinete estatal, diputadas y diputados locales, as\u00ed como empresarios.<\/p>\n\n\n\n<p>Fuente: https:\/\/puebla.gob.mx\/index.php\/noticias\/item\/7023-llama-mbh-a-preservar-tradiciones-y-hacer-de-puebla-un-estado-fuerte-con-reactivacion-economica<\/p>\n","protected":false},"excerpt":{"rendered":"<p>El mandatario presidi\u00f3 el inicio de la \u201cTemporada de Mole de Caderas 2021\u201d en Tehuac\u00e1n. \u201cEl mole de caderas es [&hellip;]<\/p>\n","protected":false},"author":1,"featured_media":14840,"comment_status":"open","ping_status":"open","sticky":false,"template":"","format":"standard","meta":{"site-sidebar-layout":"default","site-content-layout":"","ast-site-content-layout":"default","site-content-style":"default","site-sidebar-style":"default","ast-global-header-display":"","ast-banner-title-visibility":"","ast-main-header-display":"","ast-hfb-above-header-display":"","ast-hfb-below-header-display":"","ast-hfb-mobile-header-display":"","site-post-title":"","ast-breadcrumbs-content":"","ast-featured-img":"","footer-sml-layout":"","theme-transparent-header-meta":"","adv-header-id-meta":"","stick-header-meta":"","header-above-stick-meta":"","header-main-stick-meta":"","header-below-stick-meta":"","astra-migrate-meta-layouts":"default","ast-page-background-enabled":"default","ast-page-background-meta":{"desktop":{"background-color":"var(--ast-global-color-4)","background-image":"","background-repeat":"repeat","background-position":"center center","background-size":"auto","background-attachment":"scroll","background-type":"","background-media":"","overlay-type":"","overlay-color":"","overlay-opacity":"","overlay-gradient":""},"tablet":{"background-color":"","background-image":"","background-repeat":"repeat","background-position":"center center","background-size":"auto","background-attachment":"scroll","background-type":"","background-media":"","overlay-type":"","overlay-color":"","overlay-opacity":"","overlay-gradient":""},"mobile":{"background-color":"","background-image":"","background-repeat":"repeat","background-position":"center center","background-size":"auto","background-attachment":"scroll","background-type":"","background-media":"","overlay-type":"","overlay-color":"","overlay-opacity":"","overlay-gradient":""}},"ast-content-background-meta":{"desktop":{"background-color":"var(--ast-global-color-5)","background-image":"","background-repeat":"repeat","background-position":"center center","background-size":"auto","background-attachment":"scroll","background-type":"","background-media":"","overlay-type":"","overlay-color":"","overlay-opacity":"","overlay-gradient":""},"tablet":{"background-color":"var(--ast-global-color-5)","background-image":"","background-repeat":"repeat","background-position":"center center","background-size":"auto","background-attachment":"scroll","background-type":"","background-media":"","overlay-type":"","overlay-color":"","overlay-opacity":"","overlay-gradient":""},"mobile":{"background-color":"var(--ast-global-color-5)","background-image":"","background-repeat":"repeat","background-position":"center center","background-size":"auto","background-attachment":"scroll","background-type":"","background-media":"","overlay-type":"","overlay-color":"","overlay-opacity":"","overlay-gradient":""}},"footnotes":""},"categories":[8],"tags":[4902,4901,4903],"class_list":["post-14839","post","type-post","status-publish","format-standard","has-post-thumbnail","hentry","category-noticias","tag-mole-de-caderas","tag-ritual-de-la-matanza","tag-tahuacan"],"_links":{"self":[{"href":"https:\/\/losperiodistas.com.mx\/portal\/wp-json\/wp\/v2\/posts\/14839","targetHints":{"allow":["GET"]}}],"collection":[{"href":"https:\/\/losperiodistas.com.mx\/portal\/wp-json\/wp\/v2\/posts"}],"about":[{"href":"https:\/\/losperiodistas.com.mx\/portal\/wp-json\/wp\/v2\/types\/post"}],"author":[{"embeddable":true,"href":"https:\/\/losperiodistas.com.mx\/portal\/wp-json\/wp\/v2\/users\/1"}],"replies":[{"embeddable":true,"href":"https:\/\/losperiodistas.com.mx\/portal\/wp-json\/wp\/v2\/comments?post=14839"}],"version-history":[{"count":1,"href":"https:\/\/losperiodistas.com.mx\/portal\/wp-json\/wp\/v2\/posts\/14839\/revisions"}],"predecessor-version":[{"id":14841,"href":"https:\/\/losperiodistas.com.mx\/portal\/wp-json\/wp\/v2\/posts\/14839\/revisions\/14841"}],"wp:featuredmedia":[{"embeddable":true,"href":"https:\/\/losperiodistas.com.mx\/portal\/wp-json\/wp\/v2\/media\/14840"}],"wp:attachment":[{"href":"https:\/\/losperiodistas.com.mx\/portal\/wp-json\/wp\/v2\/media?parent=14839"}],"wp:term":[{"taxonomy":"category","embeddable":true,"href":"https:\/\/losperiodistas.com.mx\/portal\/wp-json\/wp\/v2\/categories?post=14839"},{"taxonomy":"post_tag","embeddable":true,"href":"https:\/\/losperiodistas.com.mx\/portal\/wp-json\/wp\/v2\/tags?post=14839"}],"curies":[{"name":"wp","href":"https:\/\/api.w.org\/{rel}","templated":true}]}}