{"id":14820,"date":"2021-10-20T08:33:02","date_gmt":"2021-10-20T13:33:02","guid":{"rendered":"http:\/\/losperiodistas.com.mx\/portal\/?p=14820"},"modified":"2021-10-20T08:33:04","modified_gmt":"2021-10-20T13:33:04","slug":"alzheimer-lady-gaga-y-tony-bennett-un-dueto-para-recordar-aleteia","status":"publish","type":"post","link":"https:\/\/losperiodistas.com.mx\/portal\/alzheimer-lady-gaga-y-tony-bennett-un-dueto-para-recordar-aleteia\/","title":{"rendered":"Alzheimer: Lady Gaga y Tony Bennett, un dueto para recordar | Aleteia"},"content":{"rendered":"\n<p style=\"font-size:18px\"><em>\u201cFue la primera vez en mucho tiempo que pronunci\u00f3 mi nombre. Vi de nuevo algo en \u00e9l por lo que supe que me hab\u00eda reconocido. Me hizo ese regalo\u201d, explica Lady Gaga.<\/em><\/p>\n\n\n\n<figure class=\"wp-block-image size-large\"><img fetchpriority=\"high\" decoding=\"async\" width=\"1024\" height=\"579\" src=\"https:\/\/losperiodistas.com.mx\/portal\/wp-content\/uploads\/2021\/10\/Captura-de-Pantalla-2021-10-20-a-las-8.28.27-1024x579.jpg\" alt=\"\" class=\"wp-image-14821\" srcset=\"https:\/\/losperiodistas.com.mx\/portal\/wp-content\/uploads\/2021\/10\/Captura-de-Pantalla-2021-10-20-a-las-8.28.27-1024x579.jpg 1024w, https:\/\/losperiodistas.com.mx\/portal\/wp-content\/uploads\/2021\/10\/Captura-de-Pantalla-2021-10-20-a-las-8.28.27-300x170.jpg 300w, https:\/\/losperiodistas.com.mx\/portal\/wp-content\/uploads\/2021\/10\/Captura-de-Pantalla-2021-10-20-a-las-8.28.27-768x434.jpg 768w, https:\/\/losperiodistas.com.mx\/portal\/wp-content\/uploads\/2021\/10\/Captura-de-Pantalla-2021-10-20-a-las-8.28.27.jpg 1238w\" sizes=\"(max-width: 1024px) 100vw, 1024px\" \/><figcaption>Lady Gaga official<\/figcaption><\/figure>\n\n\n\n<p><\/p>\n\n\n\n<p class=\"has-vivid-cyan-blue-color has-text-color has-medium-font-size\">\u00c1NGELES CONDE MIR \/ ALETEIA<\/p>\n\n\n\n<p>En junio, Tony Bennett todav\u00eda recordaba a su esposa y a sus hijos y a\u00fan sab\u00eda c\u00f3mo hacer m\u00fasica. Otras cosas ya las hab\u00eda olvidado. Es el misterio del Alzheimer, una enfermedad que poco a poco se va llevando a la persona que fuimos. Pero no elimina lo que somos ni nuestra dignidad, porque es imposible. Siempre hay un resquicio que escapa a la destrucci\u00f3n de la memoria. En el caso de Tony Bennett la m\u00fasica se ha convertido en ese fuerte donde, de momento, la enfermedad no ha podido penetrar.<\/p>\n\n\n\n<p>El legendario crooner desconoce incluso que padece Alzheimer, de acuerdo a lo que explic\u00f3 su esposa, Susan Benedetto, en una entrevista realizada en junio para el famoso programa \u201c60 minutes\u201d del canal estadounidense CBS.<\/p>\n\n\n\n<p>En 2017 fue diagnosticada a Bennett esta enfermedad que no perdona a nadie. Fue \u00e9l mismo quien confes\u00f3 a su mujer que hab\u00eda notado que le costaba recordar el nombre de algunos de los m\u00fasicos con los que llevaba a\u00f1os trabajando.<\/p>\n\n\n\n<figure class=\"wp-block-image\"><img decoding=\"async\" src=\"https:\/\/wp.es.aleteia.org\/wp-content\/uploads\/sites\/7\/2021\/10\/WEB3-LADY-GAGA-TONY-BENNET-Youtube-Lady-Gaga.jpg?w=720\" alt=\"TONY BENNETT\" class=\"wp-image-640619\"\/><\/figure>\n\n\n\n<p>Lady Gaga official<\/p>\n\n\n\n<p>Pese a su larga carrera, desde 2014 el cantante se hab\u00eda popularizado entre las generaciones m\u00e1s j\u00f3venes por su disco de versiones en colaboraci\u00f3n con Lady Gaga.<\/p>\n\n\n\n<p>\u201cCheek to cheek\u201d fue un rotundo \u00e9xito, un \u00e1lbum superventas que fue galardonado con un premio Grammy. Bennett y Gaga se prometieron entonces volver a grabar otro disco juntos.<\/p>\n\n\n\n<p>Y as\u00ed lo hicieron. El resultado es \u201cLove for sale\u201d, que acaba de publicarse y supone la despedida de los escenarios del m\u00fasico. El disco se grab\u00f3 en 2018 cuando ya Bennett hab\u00eda recibido el diagn\u00f3stico. Para celebrar este \u00faltimo trabajo, actu\u00f3 en agosto de este a\u00f1o en el famoso Radio City Music Hall de Nueva York. El d\u00eda 3 de agosto cumpli\u00f3 95 a\u00f1os y lo celebr\u00f3 interpretando sus canciones de siempre junto a Lady Gaga.<\/p>\n\n\n\n<figure class=\"wp-block-image\"><img decoding=\"async\" src=\"https:\/\/wp.es.aleteia.org\/wp-content\/uploads\/sites\/7\/2020\/11\/web3-martha-gonzales-dancer.png?w=300&amp;h=150&amp;crop=1\" alt=\"Thumbnail for read also\"\/><\/figure>\n\n\n\n<p><em>Te puede interesar:<\/em><a href=\"https:\/\/es.aleteia.org\/2020\/11\/11\/cuando-la-musica-despierta-el-alma-de-una-bailarina-con-alzheimer\/\"> Cuando la m\u00fasica despierta el alma de una bailarina con Alzheimer<\/a><\/p>\n\n\n\n<p>El cantante sorprendi\u00f3 a toda su familia, que no ten\u00eda muy claro que los conciertos pudieran celebrarse dado el estado de salud de Bennett. Pero sus fallos de memoria desaparecieron durante los ensayos para las actuaciones. Las canciones y la m\u00fasica de siempre segu\u00edan all\u00ed. Ensay\u00f3 sin ayuda de ning\u00fan tipo. Recordaba todas las letras. \u201cDe repente, estaba de vuelta\u201d, recuerda su esposa en el reportaje.<\/p>\n\n\n\n<p>El 3 de agosto, el d\u00eda del concierto por su cumplea\u00f1os, cant\u00f3 frente a 6.000 personas durante una hora sin apenas olvidar una letra o cometer un error. Lee Musiker, uno de sus m\u00e1s estrechos colaboradores, define como \u201cun milagro\u201d la transformaci\u00f3n de Bennett en el escenario. \u201cCuando vio al p\u00fablico, levant\u00f3 las manos y volvi\u00f3 a ser el que era. Fue como si se encendiera. Como si hubi\u00e9ramos encendido una luz en medio de su oscuridad\u201d, a\u00f1ade su esposa.<\/p>\n\n\n\n<p>\u201cI Get A Kick Out Of You\u201d es el primer single de \u201cLove For Sale\u201d. La canci\u00f3n es original del compositor Cole Porter y ha sido versionada por muchos artistas como Frank Sinatra. En ella Tony Bennett canta junto a Lady Gaga. En el documental para \u201c60 minutes\u201d, Lady Gaga tambi\u00e9n cuenta su experiencia junto a Bennett en aquellos meses en los que el m\u00fasico iba perdiendo progresivamente la memoria.<\/p>\n\n\n\n<p>Gaga confiesa que, en muchas ocasiones, se daba cuenta de que Bennett no recordaba su nombre y se refer\u00eda a ella simplemente como \u201ccari\u00f1o\u201d.<\/p>\n\n\n\n<p>Pero la noche del show de agosto fue distinto. \u201cFue la primera vez en mucho tiempo que pronunci\u00f3 mi nombre. Vi de nuevo algo en \u00e9l por lo que supe que me hab\u00eda reconocido. Me hizo ese regalo\u201d, explica la cantante.<\/p>\n\n\n\n<p>Fue el hijo mayor de Bennett, que adem\u00e1s es su manager, quien tuvo la idea de que el veterano artista tuviera una gran despedida en los escenarios. El coronavirus la retras\u00f3 y el Alzheimer se a\u00f1adi\u00f3 a las dificultades que la emergencia sanitaria hab\u00eda impuesto a la celebraci\u00f3n de cualquier espect\u00e1culo. Pero era necesario organizar esos \u00faltimos recitales.<\/p>\n\n\n\n<p>\u201cLa pandemia parec\u00eda que hab\u00eda puesto fin ya a su carrera, pero no pod\u00eda terminar as\u00ed. Se merec\u00eda otra cosa\u201d, confiesa en la entrevista Danny Bennett.<\/p>\n\n\n\n<figure class=\"wp-block-embed is-type-video is-provider-youtube wp-block-embed-youtube wp-embed-aspect-16-9 wp-has-aspect-ratio\"><div class=\"wp-block-embed__wrapper\">\n<iframe title=\"Tony Bennett, Lady Gaga - I Get A Kick Out Of You (Official Music Video)\" width=\"500\" height=\"281\" src=\"https:\/\/www.youtube.com\/embed\/iTdHQ065A_o?feature=oembed\" frameborder=\"0\" allow=\"accelerometer; autoplay; clipboard-write; encrypted-media; gyroscope; picture-in-picture; web-share\" referrerpolicy=\"strict-origin-when-cross-origin\" allowfullscreen><\/iframe>\n<\/div><\/figure>\n\n\n\n<p>Los dos conciertos de agosto en el Radio City Music Hall se emitir\u00e1n en oto\u00f1o en televisi\u00f3n. Ser\u00e1 la \u00faltima vez que podremos ver al m\u00edtico Tony Bennett encima de un escenario.<\/p>\n\n\n\n<p>Fuente: https:\/\/es.aleteia.org\/2021\/10\/20\/alzheimer-lady-gaga-y-tony-bennett-un-dueto-para-recordar\/<\/p>\n","protected":false},"excerpt":{"rendered":"<p>\u201cFue la primera vez en mucho tiempo que pronunci\u00f3 mi nombre. Vi de nuevo algo en \u00e9l por lo que [&hellip;]<\/p>\n","protected":false},"author":1,"featured_media":14821,"comment_status":"open","ping_status":"open","sticky":false,"template":"","format":"standard","meta":{"site-sidebar-layout":"default","site-content-layout":"","ast-site-content-layout":"default","site-content-style":"default","site-sidebar-style":"default","ast-global-header-display":"","ast-banner-title-visibility":"","ast-main-header-display":"","ast-hfb-above-header-display":"","ast-hfb-below-header-display":"","ast-hfb-mobile-header-display":"","site-post-title":"","ast-breadcrumbs-content":"","ast-featured-img":"","footer-sml-layout":"","theme-transparent-header-meta":"","adv-header-id-meta":"","stick-header-meta":"","header-above-stick-meta":"","header-main-stick-meta":"","header-below-stick-meta":"","astra-migrate-meta-layouts":"default","ast-page-background-enabled":"default","ast-page-background-meta":{"desktop":{"background-color":"var(--ast-global-color-4)","background-image":"","background-repeat":"repeat","background-position":"center center","background-size":"auto","background-attachment":"scroll","background-type":"","background-media":"","overlay-type":"","overlay-color":"","overlay-opacity":"","overlay-gradient":""},"tablet":{"background-color":"","background-image":"","background-repeat":"repeat","background-position":"center center","background-size":"auto","background-attachment":"scroll","background-type":"","background-media":"","overlay-type":"","overlay-color":"","overlay-opacity":"","overlay-gradient":""},"mobile":{"background-color":"","background-image":"","background-repeat":"repeat","background-position":"center center","background-size":"auto","background-attachment":"scroll","background-type":"","background-media":"","overlay-type":"","overlay-color":"","overlay-opacity":"","overlay-gradient":""}},"ast-content-background-meta":{"desktop":{"background-color":"var(--ast-global-color-5)","background-image":"","background-repeat":"repeat","background-position":"center center","background-size":"auto","background-attachment":"scroll","background-type":"","background-media":"","overlay-type":"","overlay-color":"","overlay-opacity":"","overlay-gradient":""},"tablet":{"background-color":"var(--ast-global-color-5)","background-image":"","background-repeat":"repeat","background-position":"center center","background-size":"auto","background-attachment":"scroll","background-type":"","background-media":"","overlay-type":"","overlay-color":"","overlay-opacity":"","overlay-gradient":""},"mobile":{"background-color":"var(--ast-global-color-5)","background-image":"","background-repeat":"repeat","background-position":"center center","background-size":"auto","background-attachment":"scroll","background-type":"","background-media":"","overlay-type":"","overlay-color":"","overlay-opacity":"","overlay-gradient":""}},"footnotes":""},"categories":[8],"tags":[3183,4900],"class_list":["post-14820","post","type-post","status-publish","format-standard","has-post-thumbnail","hentry","category-noticias","tag-lady-gaga","tag-tony-bennett"],"_links":{"self":[{"href":"https:\/\/losperiodistas.com.mx\/portal\/wp-json\/wp\/v2\/posts\/14820","targetHints":{"allow":["GET"]}}],"collection":[{"href":"https:\/\/losperiodistas.com.mx\/portal\/wp-json\/wp\/v2\/posts"}],"about":[{"href":"https:\/\/losperiodistas.com.mx\/portal\/wp-json\/wp\/v2\/types\/post"}],"author":[{"embeddable":true,"href":"https:\/\/losperiodistas.com.mx\/portal\/wp-json\/wp\/v2\/users\/1"}],"replies":[{"embeddable":true,"href":"https:\/\/losperiodistas.com.mx\/portal\/wp-json\/wp\/v2\/comments?post=14820"}],"version-history":[{"count":1,"href":"https:\/\/losperiodistas.com.mx\/portal\/wp-json\/wp\/v2\/posts\/14820\/revisions"}],"predecessor-version":[{"id":14822,"href":"https:\/\/losperiodistas.com.mx\/portal\/wp-json\/wp\/v2\/posts\/14820\/revisions\/14822"}],"wp:featuredmedia":[{"embeddable":true,"href":"https:\/\/losperiodistas.com.mx\/portal\/wp-json\/wp\/v2\/media\/14821"}],"wp:attachment":[{"href":"https:\/\/losperiodistas.com.mx\/portal\/wp-json\/wp\/v2\/media?parent=14820"}],"wp:term":[{"taxonomy":"category","embeddable":true,"href":"https:\/\/losperiodistas.com.mx\/portal\/wp-json\/wp\/v2\/categories?post=14820"},{"taxonomy":"post_tag","embeddable":true,"href":"https:\/\/losperiodistas.com.mx\/portal\/wp-json\/wp\/v2\/tags?post=14820"}],"curies":[{"name":"wp","href":"https:\/\/api.w.org\/{rel}","templated":true}]}}