{"id":1444,"date":"2020-11-23T09:54:26","date_gmt":"2020-11-23T15:54:26","guid":{"rendered":"http:\/\/losperiodistas.com.mx\/portal\/?p=1444"},"modified":"2020-11-23T09:54:26","modified_gmt":"2020-11-23T15:54:26","slug":"se-equivocaron-lopez-obrador-nego-intercambio-del-general-cienfuegos-por-jefe-del-narco","status":"publish","type":"post","link":"https:\/\/losperiodistas.com.mx\/portal\/se-equivocaron-lopez-obrador-nego-intercambio-del-general-cienfuegos-por-jefe-del-narco\/","title":{"rendered":"\u201cSe equivocaron\u201d: L\u00f3pez Obrador neg\u00f3 intercambio del general Cienfuegos por jefe del narco"},"content":{"rendered":"\n<p><em>\u201cQui\u00e9n sabe qu\u00e9 estaban pensando, o qui\u00e9n les filtr\u00f3 la informaci\u00f3n, porque tambi\u00e9n esa era un pr\u00e1ctica muy arraigada para generar desconcierto, para poner en entredicho al gobierno de M\u00e9xico\u201d, dijo el presidente mexicano<\/em><\/p>\n\n\n\n<p class=\"has-vivid-cyan-blue-color has-text-color has-medium-font-size\">INFOBAE<\/p>\n\n\n\n<p><strong>El presidente de M\u00e9xico, Andr\u00e9s Manuel L\u00f3pez Obrador, reuter{o este lunes que no hubo ning\u00fan \u201cacuerdo en lo oscurito\u201d en el Caso Cienfuegos, y que \u201cse equivoc\u00f3\u201d&nbsp;<\/strong>la agencia de noticias Reuters al afirmar que Estados Unidos regres\u00f3 al pa\u00eds al ex secretaria de la Defensa Nacional,&nbsp;<strong>Salvador Cienfuegos, a cambio de que le entregara a Nemesio Oseguera Cervantes, alias \u201cEl Mencho\u201d, l\u00edder criminal del C\u00e1rtel Jalisco Nueva Generaci\u00f3n.<\/strong><\/p>\n\n\n\n<p>\u201cPues este en este caso no ten\u00edamos nosotros informaci\u00f3n, no y ese es otro principio, no mentir, no robar y no traicionar al pueblo, por eso cuando me informan oficialmente, me llam\u00f3 a dudar de c\u00f3mo estaba elaborada la investigaci\u00f3n, como si yo estoy aqui todos los d\u00edas , de 6 a 7,&nbsp;<strong>recorro todo el pa\u00eds, estoy pendiente, pues por eso ped\u00ed que se se revisar\u00e1 el marco en que se da la cooperaci\u00f3n con la agencias de Estados Unidos y ped\u00ed que enviaran elementos de pruebas.<\/strong><\/p>\n\n\n\n<p><strong>Y tengo que agradecer al gobierno de Estados Unidos, porque nos atendieron, no es como dicen algunos que amenazamos,<\/strong>&nbsp;no, ha habido una muy buena relaci\u00f3n de cooperaci\u00f3n de confianza, esto surgi\u00f3 de manera extra\u00f1a, aunque no hay nada casual, se presenta esta acusaci\u00f3n, desde luego nosotros actuamos con prudencia porque se da en v\u00edsperas con las elecciones, y les consta dijimos:<strong>&nbsp;\u00b4vamos a esperar que pasen las elecciones\u00b4, pero al mismo tiempo por los canales por las vias diplomaticas se hicieron los tr\u00e1mites que corresponden cuando se tiene un gobierno independiente libre, soberano, y hubo apoyo , hubo colaboraci\u00f3n del gobierno de EEUU.<\/strong>PUBLICIDAD<\/p>\n\n\n\n<p>Enviaron la informaci\u00f3n se envi\u00f3 esa informaci\u00f3n a la fiscal\u00eda, y se tiene que reponer el procedimiento, eso es todo, porque el presidente de m\u00e9xico no es un florero , no estamos aqu\u00ed de adorno , y no hay ning\u00fan acuerdo en lo oscurito, no es que se haya amenazado ni mucho menos lo que est\u00e1 diciendo una agencia de estas famosa&#8230; pues se equivocaron, porque insinuaron ,&nbsp;<strong>para que no vayan a decir que no tenemos cuidado en el manejo del lenguaje, insinuaron de que nos mandaban al general Cienfuegos para que nosotros les mand\u00e1ramos a un jefe de una banda del crimen organizado; qui\u00e9n sabe qu\u00e9 estaban pensando, o qui\u00e9n les filtr\u00f3 la informaci\u00f3n, porque tambi\u00e9n esa era un pr\u00e1ctica muy arraigada para generar desconcierto, para poner en entredicho al gobierno de M\u00e9xico y al pa\u00eds, entonces eso se termin\u00f3, sea quien sea, si se miente y se busca perjudicar a m\u00e9xico, tenemos nosotros que replicar , tenemos que argumentar no quedarnos&nbsp;<\/strong>callados\u201d, indic\u00f3 el mandatario mexicano.<\/p>\n\n\n\n<p>Informaci\u00f3n en desarrollo&#8230;<\/p>\n\n\n\n<p>Fuente: https:\/\/www.infobae.com\/america\/mexico\/2020\/11\/23\/se-equivocaron-lopez-obrador-nego-intercambio-del-general-cienfuegos-por-jefe-del-narco\/<\/p>\n","protected":false},"excerpt":{"rendered":"<p>\u201cQui\u00e9n sabe qu\u00e9 estaban pensando, o qui\u00e9n les filtr\u00f3 la informaci\u00f3n, porque tambi\u00e9n esa era un pr\u00e1ctica muy arraigada para [&hellip;]<\/p>\n","protected":false},"author":1,"featured_media":1445,"comment_status":"open","ping_status":"open","sticky":false,"template":"","format":"standard","meta":{"site-sidebar-layout":"default","site-content-layout":"","ast-site-content-layout":"default","site-content-style":"default","site-sidebar-style":"default","ast-global-header-display":"","ast-banner-title-visibility":"","ast-main-header-display":"","ast-hfb-above-header-display":"","ast-hfb-below-header-display":"","ast-hfb-mobile-header-display":"","site-post-title":"","ast-breadcrumbs-content":"","ast-featured-img":"","footer-sml-layout":"","theme-transparent-header-meta":"","adv-header-id-meta":"","stick-header-meta":"","header-above-stick-meta":"","header-main-stick-meta":"","header-below-stick-meta":"","astra-migrate-meta-layouts":"default","ast-page-background-enabled":"default","ast-page-background-meta":{"desktop":{"background-color":"var(--ast-global-color-4)","background-image":"","background-repeat":"repeat","background-position":"center center","background-size":"auto","background-attachment":"scroll","background-type":"","background-media":"","overlay-type":"","overlay-color":"","overlay-opacity":"","overlay-gradient":""},"tablet":{"background-color":"","background-image":"","background-repeat":"repeat","background-position":"center center","background-size":"auto","background-attachment":"scroll","background-type":"","background-media":"","overlay-type":"","overlay-color":"","overlay-opacity":"","overlay-gradient":""},"mobile":{"background-color":"","background-image":"","background-repeat":"repeat","background-position":"center center","background-size":"auto","background-attachment":"scroll","background-type":"","background-media":"","overlay-type":"","overlay-color":"","overlay-opacity":"","overlay-gradient":""}},"ast-content-background-meta":{"desktop":{"background-color":"var(--ast-global-color-5)","background-image":"","background-repeat":"repeat","background-position":"center center","background-size":"auto","background-attachment":"scroll","background-type":"","background-media":"","overlay-type":"","overlay-color":"","overlay-opacity":"","overlay-gradient":""},"tablet":{"background-color":"var(--ast-global-color-5)","background-image":"","background-repeat":"repeat","background-position":"center center","background-size":"auto","background-attachment":"scroll","background-type":"","background-media":"","overlay-type":"","overlay-color":"","overlay-opacity":"","overlay-gradient":""},"mobile":{"background-color":"var(--ast-global-color-5)","background-image":"","background-repeat":"repeat","background-position":"center center","background-size":"auto","background-attachment":"scroll","background-type":"","background-media":"","overlay-type":"","overlay-color":"","overlay-opacity":"","overlay-gradient":""}},"footnotes":""},"categories":[8],"tags":[],"class_list":["post-1444","post","type-post","status-publish","format-standard","has-post-thumbnail","hentry","category-noticias"],"_links":{"self":[{"href":"https:\/\/losperiodistas.com.mx\/portal\/wp-json\/wp\/v2\/posts\/1444","targetHints":{"allow":["GET"]}}],"collection":[{"href":"https:\/\/losperiodistas.com.mx\/portal\/wp-json\/wp\/v2\/posts"}],"about":[{"href":"https:\/\/losperiodistas.com.mx\/portal\/wp-json\/wp\/v2\/types\/post"}],"author":[{"embeddable":true,"href":"https:\/\/losperiodistas.com.mx\/portal\/wp-json\/wp\/v2\/users\/1"}],"replies":[{"embeddable":true,"href":"https:\/\/losperiodistas.com.mx\/portal\/wp-json\/wp\/v2\/comments?post=1444"}],"version-history":[{"count":1,"href":"https:\/\/losperiodistas.com.mx\/portal\/wp-json\/wp\/v2\/posts\/1444\/revisions"}],"predecessor-version":[{"id":1446,"href":"https:\/\/losperiodistas.com.mx\/portal\/wp-json\/wp\/v2\/posts\/1444\/revisions\/1446"}],"wp:featuredmedia":[{"embeddable":true,"href":"https:\/\/losperiodistas.com.mx\/portal\/wp-json\/wp\/v2\/media\/1445"}],"wp:attachment":[{"href":"https:\/\/losperiodistas.com.mx\/portal\/wp-json\/wp\/v2\/media?parent=1444"}],"wp:term":[{"taxonomy":"category","embeddable":true,"href":"https:\/\/losperiodistas.com.mx\/portal\/wp-json\/wp\/v2\/categories?post=1444"},{"taxonomy":"post_tag","embeddable":true,"href":"https:\/\/losperiodistas.com.mx\/portal\/wp-json\/wp\/v2\/tags?post=1444"}],"curies":[{"name":"wp","href":"https:\/\/api.w.org\/{rel}","templated":true}]}}