{"id":1433,"date":"2020-11-23T07:34:02","date_gmt":"2020-11-23T13:34:02","guid":{"rendered":"http:\/\/losperiodistas.com.mx\/portal\/?p=1433"},"modified":"2020-11-23T07:34:02","modified_gmt":"2020-11-23T13:34:02","slug":"andrea-bocelli-los-teatros-son-tan-importantes-como-las-escuelas-y-los-hospitales","status":"publish","type":"post","link":"https:\/\/losperiodistas.com.mx\/portal\/andrea-bocelli-los-teatros-son-tan-importantes-como-las-escuelas-y-los-hospitales\/","title":{"rendered":"Andrea Bocelli: \u00abLos teatros son tan importantes como las escuelas y los hospitales\u00bb"},"content":{"rendered":"\n<p><em>El tenor italiano publica su nuevo disco, \u00abBelieve\u00bb, en el que cuenta con la colaboraci\u00f3n de Cecilia Bartoli y Alison Krauss<\/em><\/p>\n\n\n\n<p class=\"has-vivid-cyan-blue-color has-text-color has-medium-font-size\">JULIO BRAVO\/ ABC<\/p>\n\n\n\n<p>Las tres virtudes teologales -fe, esperanza y caridad- son el coraz\u00f3n del nuevo trabajo discogr\u00e1fico del italiano&nbsp;<a href=\"https:\/\/www.abc.es\/cultura\/musica\/abci-andrea-bocelli-anuncia-tuvo-coronavirus-y-dona-plasma-para-investigacion-202005270140_noticia.html\">Andrea Bocelli<\/a>, \u00abBelieve\u00bb (Universal), un disco que rezuma espiritualidad y que es&nbsp;<strong>consecuencia directa, como no pod\u00eda ser de otro modo<\/strong>, de la situaci\u00f3n creada en el mundo por la pandemia. El cantante ofreci\u00f3 a mediados de abril un concierto emitido por \u00abstreaming\u00bb, que fue visto en directo por 2,8 millones de espectadores; durante las primeras veinticuatro horas, el v\u00eddeo recibi\u00f3 de 28 millones de reproducciones. Fue, de alguna manera,&nbsp;<a href=\"https:\/\/www.abc.es\/play\/cine\/noticias\/abci-caras-andrea-bocelli-201808250034_noticia.html\">el germen de este trabajo<\/a>.<\/p>\n\n\n\n<p>Da la sensaci\u00f3n de que, aunque todos lo son, \u00e9ste es un disco muy especial para usted. \u00bfEs as\u00ed?<\/p>\n\n\n\n<p>Lo ha sido desde el principio: despu\u00e9s de algunos proyectos con canciones estaban m\u00e1s dirigidas hacia la dimensi\u00f3n sensual y pasional, este a\u00f1o sent\u00ed la necesidad de hacer un disco orientado enteramente a la espiritualidad. En marzo, en medio del primer confinamiento, escrib\u00ed la m\u00fasica de una oraci\u00f3n, un \u00abAve Mar\u00eda\u00bb, que luego inclu\u00ed en el disco. Esa fue la chispa. Poco a poco, la idea de hacer mi aportaci\u00f3n a este momento hist\u00f3rico se fue aclarando, y quise grabar un disco que fuera una referencia a las razones del alma. Y as\u00ed naci\u00f3 \u00abBelieve\u00bb, que abarca siglos y g\u00e9neros, que incluye p\u00e1ginas de famosos compositores del pasado y del presente, as\u00ed como canciones, algunas in\u00e9ditas, y p\u00e1ginas que no son precisamente sagradas pero est\u00e1n impregnadas de espiritualidad, desde \u00abHallelujah\u00bb, de Leonard Cohen, hasta \u00abI&#8217;ll Never Walk Alone\u00bb&#8230;<\/p>\n\n\n\n<p>\u00bfQu\u00e9 papel juegan el arte y la m\u00fasica en estos momentos? Son m\u00e1s necesaria que nunca, \u00bfverdad?<\/p>\n\n\n\n<p>Para m\u00ed, la buena m\u00fasica es siempre fuente de consuelo y riqueza interior, m\u00e1s a\u00fan cuando se trata de las p\u00e1ginas sagradas, ya que, como dec\u00eda san Agust\u00edn, quien canta reza dos veces. La m\u00fasica es un amigo que siempre me ha acompa\u00f1ado, es un lenguaje universal que tiene la capacidad de llegar a la conciencia y hacer mejor a las personas. Llega al alma y, por tanto, a nuestra dimensi\u00f3n m\u00e1s profunda y verdadera. Nos ayuda a escuchar, a volvernos hacia ese cielo que guardamos dentro de nosotros. Gracias a este arte es m\u00e1s f\u00e1cil entender que nunca estamos solos, que no estamos aqu\u00ed por casualidad.<\/p>\n\n\n\n<p>\u00bfLe duele ver los teatros y los auditorios cerrados?<\/p>\n\n\n\n<p>Lo siento mucho\u2026 Los teatros son lugares de pura magia. Dicen que las emociones vividas en estos maravillosos espacios de arte y cultura sedimentan, dejan huellas de sus vibraciones, construyendo poco a poco el carisma de un lugar, su singularidad, su prestigio, su aptitud para hablar a los corazones y generar encanto. Los teatros son tan importantes como las escuelas y los hospitales. Esperamos que pronto sea posible volver a abrirlos; espero que se pueda encontrar una soluci\u00f3n para hacer posible los espect\u00e1culos en vivo garantizando al mismo tiempo la seguridad de los espectadores. La historia nos ense\u00f1a que se han superado obst\u00e1culos mucho peores, a veces con sorprendente rapidez. Confieso que extra\u00f1o mucho el hecho de poder encontrarme con mi p\u00fablico en vivo.<\/p>\n\n\n\n<p>Este es un disco nacido de la fe. Como la m\u00fasica, \u00bfnos hace m\u00e1s falta que nunca?<\/p>\n\n\n\n<p>Soy creyente, cat\u00f3lico practicante y la fe es el eje de mi vida. Sin ella la existencia ser\u00eda una tragedia anunciada. La fe es humildad y voluntad de asombro, es el impulso hacia el cielo que est\u00e1 por encima de nosotros, y tambi\u00e9n hacia lo que est\u00e1 dentro de nosotros: esa parte m\u00e1s profunda, misteriosa e inmortal que es el alma. No es casualidad que la fe, junto con la esperanza y la caridad, constituya la tr\u00edada de virtudes teologales: fundamentos de la acci\u00f3n cristiana que son tambi\u00e9n principios \u00e9ticos universales. El concepto de mi nuevo \u00e1lbum gira en torno a estas tres palabras. Tres palabras interconectadas, porque sin esperanza quedamos atrapados en la desesperaci\u00f3n; sin fe, la vida es una tragedia anunciada; y sin caridad no puede haber fe ni esperanza.<\/p>\n\n\n\n<p>\u00bfCu\u00e1les han sido las circunstancias de la grabaci\u00f3n? \u00bfHa sido m\u00e1s dif\u00edcil que otras anteriores?<\/p>\n\n\n\n<p>No, la mayor\u00eda de las grabaciones se realizaron en Praga, en presencia del coro y la orquesta dirigida por el maestro Steven Mercurio, mi colaborador y amigo de toda la vida. El resto se hizo en el estudio, pero de la forma habitual.<\/p>\n\n\n\n<p>Tiene dos colaboraciones de lujo y muy distintas entre s\u00ed: Cecilia Bartoli y Alison Krauss. \u00bfC\u00f3mo ha sido trabajar con ellas?<\/p>\n\n\n\n<p>Son dos artistas excepcionales: su contribuci\u00f3n, dentro del \u00e1lbum, es verdaderamente notable. Cecilia Bartoli y yo somos amigos desde hace muchos a\u00f1os. Aqu\u00ed interpretamos dos canciones, una de ellas una canci\u00f3n in\u00e9dita de Mauro Malavasi, \u00abPianissimo\u00bb, que narra el di\u00e1logo entre dos amantes que sienten la mirada de Dios bendiciendo su uni\u00f3n; mientras que la otra ahora se considera un cl\u00e1sico, \u00abCredo\u00bb. Alison Krauss es un \u00edcono de la m\u00fasica estadounidense y estoy muy contenta de haber podido hacer un dueto con ella, en un famoso himno de agradecimiento, \u00abAmazing Grace\u00bb.<\/p>\n\n\n\n<p>Ha grabado una canci\u00f3n in\u00e9dita de Ennio Morricone; todos le conocemos por su m\u00fasica para cine, pero no tanto como autor de canciones. Y son magn\u00edficas. \u00bfQu\u00e9 tiene de especial Morricone como autor de canciones?<\/p>\n\n\n\n<p>Su talento extraordinario y multifac\u00e9tico ha sido conocido y amado en todo el mundo durante varias generaciones. Algunas de sus canciones han contribuido a escribir la historia de la m\u00fasica pop en Italia, como \u00abSe Telefando\u00bb que cantaba la gran Mina. Admiro ese compromiso m\u00e1gico, ilustrado, entre arte puro y arte aplicado, que Morricone frecuent\u00f3 en su larga vida, poniendo al servicio -sobre todo del cine- una extraordinaria sensibilidad como melodista. Tuve el honor de cantar sus canciones y encontrarme con \u00e9l varias veces, y estoy muy conmovido por el privilegio de llevar al disco una de sus \u00faltimas composiciones, si no la \u00faltima, que firm\u00f3 unas semanas antes de dejarnos. Creo que este \u00abhimno susurrado\u00bb refleja buena parte de su po\u00e9tica: una pieza intensa que comienza \u00absusurrada\u00bb, como indica el t\u00edtulo, y luego crece hasta convertirse en una invocaci\u00f3n coral universal de gran impacto emocional.<\/p>\n\n\n\n<p>Fuente: https:\/\/www.abc.es\/cultura\/musica\/abci-andrea-bocelli-teatros-importantes-como-escuelas-y-hospitales-202011230135_noticia.html<\/p>\n","protected":false},"excerpt":{"rendered":"<p>El tenor italiano publica su nuevo disco, \u00abBelieve\u00bb, en el que cuenta con la colaboraci\u00f3n de Cecilia Bartoli y Alison [&hellip;]<\/p>\n","protected":false},"author":1,"featured_media":1434,"comment_status":"open","ping_status":"open","sticky":false,"template":"","format":"standard","meta":{"site-sidebar-layout":"default","site-content-layout":"","ast-site-content-layout":"default","site-content-style":"default","site-sidebar-style":"default","ast-global-header-display":"","ast-banner-title-visibility":"","ast-main-header-display":"","ast-hfb-above-header-display":"","ast-hfb-below-header-display":"","ast-hfb-mobile-header-display":"","site-post-title":"","ast-breadcrumbs-content":"","ast-featured-img":"","footer-sml-layout":"","theme-transparent-header-meta":"","adv-header-id-meta":"","stick-header-meta":"","header-above-stick-meta":"","header-main-stick-meta":"","header-below-stick-meta":"","astra-migrate-meta-layouts":"default","ast-page-background-enabled":"default","ast-page-background-meta":{"desktop":{"background-color":"var(--ast-global-color-4)","background-image":"","background-repeat":"repeat","background-position":"center center","background-size":"auto","background-attachment":"scroll","background-type":"","background-media":"","overlay-type":"","overlay-color":"","overlay-opacity":"","overlay-gradient":""},"tablet":{"background-color":"","background-image":"","background-repeat":"repeat","background-position":"center center","background-size":"auto","background-attachment":"scroll","background-type":"","background-media":"","overlay-type":"","overlay-color":"","overlay-opacity":"","overlay-gradient":""},"mobile":{"background-color":"","background-image":"","background-repeat":"repeat","background-position":"center center","background-size":"auto","background-attachment":"scroll","background-type":"","background-media":"","overlay-type":"","overlay-color":"","overlay-opacity":"","overlay-gradient":""}},"ast-content-background-meta":{"desktop":{"background-color":"var(--ast-global-color-5)","background-image":"","background-repeat":"repeat","background-position":"center center","background-size":"auto","background-attachment":"scroll","background-type":"","background-media":"","overlay-type":"","overlay-color":"","overlay-opacity":"","overlay-gradient":""},"tablet":{"background-color":"var(--ast-global-color-5)","background-image":"","background-repeat":"repeat","background-position":"center center","background-size":"auto","background-attachment":"scroll","background-type":"","background-media":"","overlay-type":"","overlay-color":"","overlay-opacity":"","overlay-gradient":""},"mobile":{"background-color":"var(--ast-global-color-5)","background-image":"","background-repeat":"repeat","background-position":"center center","background-size":"auto","background-attachment":"scroll","background-type":"","background-media":"","overlay-type":"","overlay-color":"","overlay-opacity":"","overlay-gradient":""}},"footnotes":""},"categories":[8],"tags":[],"class_list":["post-1433","post","type-post","status-publish","format-standard","has-post-thumbnail","hentry","category-noticias"],"_links":{"self":[{"href":"https:\/\/losperiodistas.com.mx\/portal\/wp-json\/wp\/v2\/posts\/1433","targetHints":{"allow":["GET"]}}],"collection":[{"href":"https:\/\/losperiodistas.com.mx\/portal\/wp-json\/wp\/v2\/posts"}],"about":[{"href":"https:\/\/losperiodistas.com.mx\/portal\/wp-json\/wp\/v2\/types\/post"}],"author":[{"embeddable":true,"href":"https:\/\/losperiodistas.com.mx\/portal\/wp-json\/wp\/v2\/users\/1"}],"replies":[{"embeddable":true,"href":"https:\/\/losperiodistas.com.mx\/portal\/wp-json\/wp\/v2\/comments?post=1433"}],"version-history":[{"count":1,"href":"https:\/\/losperiodistas.com.mx\/portal\/wp-json\/wp\/v2\/posts\/1433\/revisions"}],"predecessor-version":[{"id":1435,"href":"https:\/\/losperiodistas.com.mx\/portal\/wp-json\/wp\/v2\/posts\/1433\/revisions\/1435"}],"wp:featuredmedia":[{"embeddable":true,"href":"https:\/\/losperiodistas.com.mx\/portal\/wp-json\/wp\/v2\/media\/1434"}],"wp:attachment":[{"href":"https:\/\/losperiodistas.com.mx\/portal\/wp-json\/wp\/v2\/media?parent=1433"}],"wp:term":[{"taxonomy":"category","embeddable":true,"href":"https:\/\/losperiodistas.com.mx\/portal\/wp-json\/wp\/v2\/categories?post=1433"},{"taxonomy":"post_tag","embeddable":true,"href":"https:\/\/losperiodistas.com.mx\/portal\/wp-json\/wp\/v2\/tags?post=1433"}],"curies":[{"name":"wp","href":"https:\/\/api.w.org\/{rel}","templated":true}]}}