{"id":14293,"date":"2021-10-10T08:45:44","date_gmt":"2021-10-10T13:45:44","guid":{"rendered":"http:\/\/losperiodistas.com.mx\/portal\/?p=14293"},"modified":"2021-10-10T08:45:46","modified_gmt":"2021-10-10T13:45:46","slug":"f1-checo-perez-gano-el-tercer-lugar-en-el-gran-premio-de-turquia-infobae","status":"publish","type":"post","link":"https:\/\/losperiodistas.com.mx\/portal\/f1-checo-perez-gano-el-tercer-lugar-en-el-gran-premio-de-turquia-infobae\/","title":{"rendered":"F1: Checo P\u00e9rez gan\u00f3 el tercer lugar en el Gran Premio de Turqu\u00eda | Infobae"},"content":{"rendered":"\n<p style=\"font-size:18px\"><em>El mexicano comparti\u00f3 podio con su compa\u00f1ero, Max Verstappen, y el Mercedes Benz, Valtteri Bottas, quien se llev\u00f3 el primer lugar en el circuito de Estambul.<\/em><\/p>\n\n\n\n<p><\/p>\n\n\n\n<figure class=\"wp-block-image size-large\"><img fetchpriority=\"high\" decoding=\"async\" width=\"1024\" height=\"679\" src=\"https:\/\/losperiodistas.com.mx\/portal\/wp-content\/uploads\/2021\/10\/Captura-de-Pantalla-2021-10-10-a-las-8.43.03-1024x679.jpg\" alt=\"\" class=\"wp-image-14296\" srcset=\"https:\/\/losperiodistas.com.mx\/portal\/wp-content\/uploads\/2021\/10\/Captura-de-Pantalla-2021-10-10-a-las-8.43.03-1024x679.jpg 1024w, https:\/\/losperiodistas.com.mx\/portal\/wp-content\/uploads\/2021\/10\/Captura-de-Pantalla-2021-10-10-a-las-8.43.03-300x199.jpg 300w, https:\/\/losperiodistas.com.mx\/portal\/wp-content\/uploads\/2021\/10\/Captura-de-Pantalla-2021-10-10-a-las-8.43.03-768x509.jpg 768w, https:\/\/losperiodistas.com.mx\/portal\/wp-content\/uploads\/2021\/10\/Captura-de-Pantalla-2021-10-10-a-las-8.43.03.jpg 1520w\" sizes=\"(max-width: 1024px) 100vw, 1024px\" \/><figcaption>Checo P\u00e9rez largar\u00e1 desde la sexta posici\u00f3n en el GP de Turqu\u00eda (Foto: EFE\/EPA\/SEDAT SUNA)<\/figcaption><\/figure>\n\n\n\n<p class=\"has-vivid-cyan-blue-color has-text-color has-medium-font-size\">INFOBAE<\/p>\n\n\n\n<p>Tras una serie de malas rachas en las \u00faltimas contiendas de la F\u00f3rmula 1, este domingo&nbsp;<strong>Sergio&nbsp;<\/strong><em><strong>Checo<\/strong><\/em><strong>&nbsp;P\u00e9rez<\/strong>&nbsp;se posicion\u00f3 en el&nbsp;<strong>tercer lugar del Gran Premio de Turqu\u00eda<\/strong>; el segundo puesto qued\u00f3 su compa\u00f1ero,&nbsp;<strong>Max Verstappen<\/strong>, mientras que el primero lo conquist\u00f3&nbsp;<strong>Valtteri Bottas<\/strong>, de Mercedes Benz.<\/p>\n\n\n\n<p>En comparaci\u00f3n con otras ocasiones, la carrera en Estambul se desarroll\u00f3 de manera tranquila, sin embargo, el mexicano destac\u00f3 tras una\u00a0<strong>re\u00f1ida disputa<\/strong>\u00a0por el cuarto lugar contra\u00a0<strong>Lewis Hamilton,<\/strong>\u00a0de Mercedes Benz, en donde el mexicano demostr\u00f3 determinaci\u00f3n al no dejar pasar al ingl\u00e9s.<\/p>\n\n\n\n<p>Cabe recordar que el&nbsp;<a href=\"https:\/\/www.infobae.com\/america\/deportes\/2021\/10\/07\/el-dia-que-checo-perez-sometio-a-max-verstappen-dentro-del-gp-de-turquia\/\" target=\"_blank\" rel=\"noreferrer noopener\"><strong>Circuito de Estambul<\/strong><\/a>&nbsp;es particularmente significativo para P\u00e9rez, pues fue donde conquist\u00f3 el&nbsp;<strong>segundo&nbsp;<\/strong>lugar del podio cuando corr\u00eda en la escuder\u00eda&nbsp;<strong>Racing Point<\/strong>, durante la temporada 2020; triunfo con el cual el mexicano demostr\u00f3 su la agilidad en situaciones de presi\u00f3n y el que colabor\u00f3 en gran medida para que el a\u00f1o siguiente firmara con&nbsp;<strong>Red Bull.<\/strong><\/p>\n\n\n\n<p>A pesar que a\u00fan no se confirma probabilidad de precipitaci\u00f3n, la&nbsp;<strong>F1&nbsp;<\/strong>ha informado presencia de&nbsp;<a href=\"https:\/\/twitter.com\/F1\/status\/1447165328979550211?ref_src=twsrc%5Etfw%7Ctwcamp%5Etweetembed%7Ctwterm%5E1447165328979550211%7Ctwgr%5E%7Ctwcon%5Es1_&amp;ref_url=http%3A%2F%2Fwhitelabel-test-123.scribblelive.com%2FEvent%2FTurkey_2021_-_Race\" target=\"_blank\" rel=\"noreferrer noopener\"><strong>densas nubes<\/strong><\/a><strong>,&nbsp;<\/strong>as\u00ed como una pista&nbsp;<strong>h\u00fameda&nbsp;<\/strong>y de aspecto mojado para este domingo: condiciones que han sido&nbsp;<a href=\"https:\/\/www.infobae.com\/deportes\/2021\/10\/05\/lluvia-en-el-gran-premio-de-turquia-enemigo-para-checo-perez\/\" target=\"_blank\" rel=\"noreferrer noopener\">perjudiciales<\/a>&nbsp;para el tapat\u00edo en las \u00faltimas carreras (Italia, B\u00e9lgica y Rusia).<\/p>\n\n\n\n<p><strong>MINUTO A MINUTO:<\/strong><\/p>\n\n\n\n<p><strong>08:36 Checo P\u00e9rez gana el tercer lugar del Gran Premio de Turqu\u00eda<\/strong>&nbsp;y sube al podio junto a su compa\u00f1ero de escuder\u00eda, Max Verstappen.<\/p>\n\n\n\n<p><strong>08:30 \u00daltimas tres vueltas y P\u00e9rez se mantiene en el tercer lugar<\/strong><\/p>\n\n\n\n<p><strong>08:25 Checo P\u00e9rez en el tercer lugar del Gran Premio de Turqu\u00eda;&nbsp;<\/strong>hasta ahora, los dos Red Bull en el podio de Estambul<img decoding=\"async\" alt=\"(Foto: REUTERS\/Murad Sezer)\" src=\"https:\/\/www.infobae.com\/new-resizer\/VsmCIlhjgwQabNhiM31ERp70PYo=\/420x280\/filters:format(jpg):quality(85)\/cloudfront-us-east-1.images.arcpublishing.com\/infobae\/AZYILYIH32YYOGSF2LQR2BJ23U.jpg%20420w\" height=\"3554\" width=\"5331\" srcset=\"https:\/\/www.infobae.com\/new-resizer\/VsmCIlhjgwQabNhiM31ERp70PYo=\/420x280\/filters:format(jpg):quality(85)\/cloudfront-us-east-1.images.arcpublishing.com\/infobae\/AZYILYIH32YYOGSF2LQR2BJ23U.jpg 420w,https:\/\/www.infobae.com\/new-resizer\/TIrSVuJ5vf7fzFvPUlVyZCmsTU8=\/768x512\/filters:format(jpg):quality(85)\/cloudfront-us-east-1.images.arcpublishing.com\/infobae\/AZYILYIH32YYOGSF2LQR2BJ23U.jpg 768w,https:\/\/www.infobae.com\/new-resizer\/299m3pniQZcsVRMHLKBlct_A5RQ=\/992x661\/filters:format(jpg):quality(85)\/cloudfront-us-east-1.images.arcpublishing.com\/infobae\/AZYILYIH32YYOGSF2LQR2BJ23U.jpg 992w,https:\/\/www.infobae.com\/new-resizer\/BqNp_CtdiPyd-Chd2epe9G_Lod4=\/1200x800\/filters:format(jpg):quality(85)\/cloudfront-us-east-1.images.arcpublishing.com\/infobae\/AZYILYIH32YYOGSF2LQR2BJ23U.jpg 1200w,https:\/\/www.infobae.com\/new-resizer\/3HESef3kTD5FMkqLDEZHrnfjndk=\/1440x960\/filters:format(jpg):quality(85)\/cloudfront-us-east-1.images.arcpublishing.com\/infobae\/AZYILYIH32YYOGSF2LQR2BJ23U.jpg 1440w\">(Foto: REUTERS\/Murad Sezer)<\/p>\n\n\n\n<p><strong>08:24&nbsp;<\/strong>Con ocho vueltas restantes, Hamilton entra al cambio de gomas y sale por detr\u00e1s de&nbsp;<strong>Checo P\u00e9rez&nbsp;<\/strong>quien ahora pelear\u00e1 contra<strong>&nbsp;Leclerc&nbsp;<\/strong>por el tercer puesto del podio de Turqu\u00eda<\/p>\n\n\n\n<p><strong>08:16&nbsp;<\/strong>Leclerc opta por entrar a los&nbsp;<em>pits&nbsp;<\/em>y sale mil\u00e9simas por delante de&nbsp;<strong>Checo P\u00e9rez.<\/strong><\/p>\n\n\n\n<p><strong>08:06 Checo P\u00e9rez asciende al quinto lugar&nbsp;<\/strong>y va por el cuarto contra Hamilton que ahora acecha a&nbsp;<strong>Max Verstappen.<\/strong><\/p>\n\n\n\n<p>En la punta se encuentra el piloto de Ferrari,&nbsp;<strong>Charles Leclerc,&nbsp;<\/strong>quien ha decidido culminar el Gran Premio sin cambio de gomas; Hamilton apuntar\u00eda a la misma estrategia.<\/p>\n\n\n\n<p><strong>08:02 Checo P\u00e9rez entra a&nbsp;<\/strong><em><strong>boxes&nbsp;<\/strong><\/em>y sale en&nbsp;<strong>sexto lugar&nbsp;<\/strong>por detr\u00e1s de Pierre Gasly, de Alpha Tauri, y Hamilton.PlayDefensa a tope del mexicano contra el Mercedes (Video: Twitter @pedrodomg)<\/p>\n\n\n\n<p><strong>7:57 \u00c9pica defensa de Checo P\u00e9rez ante Lewis Hamilton por el cuarto lugar<\/strong><\/p>\n\n\n\n<p>El Mercedes apuntaba para rebasar al Red Bull, sin embargo, el mexicano recuper\u00f3 su puesto, mostrando aguerrida defensa por mantenerlo;&nbsp;<strong>Checo P\u00e9rez recupera el cuarto lugar.<\/strong><\/p>\n\n\n\n<p><strong>7:57 Hamilton rebasa a P\u00e9rez&nbsp;<\/strong>y baja al quinto<\/p>\n\n\n\n<p><strong>07:55 P\u00e9rez se encuentra en card\u00edaca disputa por defenderse ante el Mercedes por el cuarto lugar<\/strong><\/p>\n\n\n\n<p><strong>07:51&nbsp;<\/strong>A\u00fan sin entrar a&nbsp;<em>boxes<\/em>, Sergio P\u00e9rez mantiene el cuarto puesto con la continua amenaza de Hamilton por detr\u00e1s.<\/p>\n\n\n\n<p><strong>07:27 Hamilton sube al quinto puesto<\/strong>&nbsp;y acecha a Checo P\u00e9rez por el cuarto lugar.<img decoding=\"async\" alt=\"Verstappen presenta dificultades para rebasar a Valtteri Bottas, quien a\u00fan lidera el Gran Premio de Turqu\u00eda. (Foto: REUTERS\/Umit Bektas)\" src=\"https:\/\/www.infobae.com\/new-resizer\/R_hPcFeOajVPelrEBEyKzNoYzDg=\/420x236\/filters:format(jpg):quality(85)\/cloudfront-us-east-1.images.arcpublishing.com\/infobae\/WEEKHIFZ6ZJTXHF6GQ44DRGVZU.jpg%20420w\" height=\"1390\" width=\"2300\" srcset=\"https:\/\/www.infobae.com\/new-resizer\/R_hPcFeOajVPelrEBEyKzNoYzDg=\/420x236\/filters:format(jpg):quality(85)\/cloudfront-us-east-1.images.arcpublishing.com\/infobae\/WEEKHIFZ6ZJTXHF6GQ44DRGVZU.jpg 420w,https:\/\/www.infobae.com\/new-resizer\/2xfPWY47ol36VLo4QpEVVmy-GvE=\/768x432\/filters:format(jpg):quality(85)\/cloudfront-us-east-1.images.arcpublishing.com\/infobae\/WEEKHIFZ6ZJTXHF6GQ44DRGVZU.jpg 768w,https:\/\/www.infobae.com\/new-resizer\/3gZRuin1pv1itPdVEWyvCj59vGQ=\/992x558\/filters:format(jpg):quality(85)\/cloudfront-us-east-1.images.arcpublishing.com\/infobae\/WEEKHIFZ6ZJTXHF6GQ44DRGVZU.jpg 992w,https:\/\/www.infobae.com\/new-resizer\/UEoSqAAXnl6n0nSqpIGxKmRcFM8=\/1200x675\/filters:format(jpg):quality(85)\/cloudfront-us-east-1.images.arcpublishing.com\/infobae\/WEEKHIFZ6ZJTXHF6GQ44DRGVZU.jpg 1200w,https:\/\/www.infobae.com\/new-resizer\/-AfZLbK7_BK5XzO3lYIwJmWikwE=\/1440x810\/filters:format(jpg):quality(85)\/cloudfront-us-east-1.images.arcpublishing.com\/infobae\/WEEKHIFZ6ZJTXHF6GQ44DRGVZU.jpg 1440w\">Verstappen presenta dificultades para rebasar a Valtteri Bottas, quien a\u00fan lidera el Gran Premio de Turqu\u00eda. (Foto: REUTERS\/Umit Bektas)<\/p>\n\n\n\n<p><strong>07:19&nbsp;<\/strong>Con once vueltas recorridas, el mexicano se mantiene en el cuarto lugar; Verstappen contin\u00faa en&nbsp;<strong>segundo,&nbsp;<\/strong>mientras que Hamilton ya ascendi\u00f3 hasta el&nbsp;<strong>sexto.<\/strong><\/p>\n\n\n\n<p><strong>07:06&nbsp;<\/strong><strong>Checo P\u00e9rez<\/strong>&nbsp;se coloca en la&nbsp;<strong>cuarta<\/strong>&nbsp;posici\u00f3n; Fernando Alonso, de Alpine, sali\u00f3 tras un toque en la largada.<\/p>\n\n\n\n<p><strong>07:04 Inicia el Gran Premio de Turqu\u00eda<\/strong><\/p>\n\n\n\n<p>Fuente: https:\/\/www.infobae.com\/america\/mexico\/2021\/10\/10\/f1-minuto-a-minuto-de-checo-perez-en-el-gran-premio-de-turquia\/<\/p>\n\n\n\n<p><\/p>\n\n\n\n<p><\/p>\n","protected":false},"excerpt":{"rendered":"<p>El mexicano comparti\u00f3 podio con su compa\u00f1ero, Max Verstappen, y el Mercedes Benz, Valtteri Bottas, quien se llev\u00f3 el primer [&hellip;]<\/p>\n","protected":false},"author":1,"featured_media":14296,"comment_status":"open","ping_status":"open","sticky":false,"template":"","format":"standard","meta":{"site-sidebar-layout":"default","site-content-layout":"","ast-site-content-layout":"default","site-content-style":"default","site-sidebar-style":"default","ast-global-header-display":"","ast-banner-title-visibility":"","ast-main-header-display":"","ast-hfb-above-header-display":"","ast-hfb-below-header-display":"","ast-hfb-mobile-header-display":"","site-post-title":"","ast-breadcrumbs-content":"","ast-featured-img":"","footer-sml-layout":"","theme-transparent-header-meta":"","adv-header-id-meta":"","stick-header-meta":"","header-above-stick-meta":"","header-main-stick-meta":"","header-below-stick-meta":"","astra-migrate-meta-layouts":"default","ast-page-background-enabled":"default","ast-page-background-meta":{"desktop":{"background-color":"var(--ast-global-color-4)","background-image":"","background-repeat":"repeat","background-position":"center center","background-size":"auto","background-attachment":"scroll","background-type":"","background-media":"","overlay-type":"","overlay-color":"","overlay-opacity":"","overlay-gradient":""},"tablet":{"background-color":"","background-image":"","background-repeat":"repeat","background-position":"center center","background-size":"auto","background-attachment":"scroll","background-type":"","background-media":"","overlay-type":"","overlay-color":"","overlay-opacity":"","overlay-gradient":""},"mobile":{"background-color":"","background-image":"","background-repeat":"repeat","background-position":"center center","background-size":"auto","background-attachment":"scroll","background-type":"","background-media":"","overlay-type":"","overlay-color":"","overlay-opacity":"","overlay-gradient":""}},"ast-content-background-meta":{"desktop":{"background-color":"var(--ast-global-color-5)","background-image":"","background-repeat":"repeat","background-position":"center center","background-size":"auto","background-attachment":"scroll","background-type":"","background-media":"","overlay-type":"","overlay-color":"","overlay-opacity":"","overlay-gradient":""},"tablet":{"background-color":"var(--ast-global-color-5)","background-image":"","background-repeat":"repeat","background-position":"center center","background-size":"auto","background-attachment":"scroll","background-type":"","background-media":"","overlay-type":"","overlay-color":"","overlay-opacity":"","overlay-gradient":""},"mobile":{"background-color":"var(--ast-global-color-5)","background-image":"","background-repeat":"repeat","background-position":"center center","background-size":"auto","background-attachment":"scroll","background-type":"","background-media":"","overlay-type":"","overlay-color":"","overlay-opacity":"","overlay-gradient":""}},"footnotes":""},"categories":[8],"tags":[276,4597,466],"class_list":["post-14293","post","type-post","status-publish","format-standard","has-post-thumbnail","hentry","category-noticias","tag-checo-perez","tag-f1-turquia","tag-red-bull"],"_links":{"self":[{"href":"https:\/\/losperiodistas.com.mx\/portal\/wp-json\/wp\/v2\/posts\/14293","targetHints":{"allow":["GET"]}}],"collection":[{"href":"https:\/\/losperiodistas.com.mx\/portal\/wp-json\/wp\/v2\/posts"}],"about":[{"href":"https:\/\/losperiodistas.com.mx\/portal\/wp-json\/wp\/v2\/types\/post"}],"author":[{"embeddable":true,"href":"https:\/\/losperiodistas.com.mx\/portal\/wp-json\/wp\/v2\/users\/1"}],"replies":[{"embeddable":true,"href":"https:\/\/losperiodistas.com.mx\/portal\/wp-json\/wp\/v2\/comments?post=14293"}],"version-history":[{"count":1,"href":"https:\/\/losperiodistas.com.mx\/portal\/wp-json\/wp\/v2\/posts\/14293\/revisions"}],"predecessor-version":[{"id":14297,"href":"https:\/\/losperiodistas.com.mx\/portal\/wp-json\/wp\/v2\/posts\/14293\/revisions\/14297"}],"wp:featuredmedia":[{"embeddable":true,"href":"https:\/\/losperiodistas.com.mx\/portal\/wp-json\/wp\/v2\/media\/14296"}],"wp:attachment":[{"href":"https:\/\/losperiodistas.com.mx\/portal\/wp-json\/wp\/v2\/media?parent=14293"}],"wp:term":[{"taxonomy":"category","embeddable":true,"href":"https:\/\/losperiodistas.com.mx\/portal\/wp-json\/wp\/v2\/categories?post=14293"},{"taxonomy":"post_tag","embeddable":true,"href":"https:\/\/losperiodistas.com.mx\/portal\/wp-json\/wp\/v2\/tags?post=14293"}],"curies":[{"name":"wp","href":"https:\/\/api.w.org\/{rel}","templated":true}]}}