{"id":1421,"date":"2020-11-23T06:32:48","date_gmt":"2020-11-23T12:32:48","guid":{"rendered":"http:\/\/losperiodistas.com.mx\/portal\/?p=1421"},"modified":"2020-11-23T06:32:48","modified_gmt":"2020-11-23T12:32:48","slug":"jalisco-en-rojo-identificaron-113-cuerpos-en-una-fosa-clandestina-en-el-salto","status":"publish","type":"post","link":"https:\/\/losperiodistas.com.mx\/portal\/jalisco-en-rojo-identificaron-113-cuerpos-en-una-fosa-clandestina-en-el-salto\/","title":{"rendered":"Jalisco en rojo: identificaron 113 cuerpos en una fosa clandestina en El Salto"},"content":{"rendered":"\n<p><em>Treinta de ellos han sido identificados por sus familiares; dos mujeres y 28 hombres<\/em><\/p>\n\n\n\n<p class=\"has-vivid-cyan-blue-color has-text-color has-medium-font-size\">INFOBAE<\/p>\n\n\n\n<p>Al menos&nbsp;<strong>113 cuerpos han sido identificados dentro de una fosa<\/strong>&nbsp;clandestina en el municipio de El Salto, en el occidental estado mexicano de Jalisco, confirm\u00f3 este domingo la fiscal\u00eda de la entidad.<\/p>\n\n\n\n<p>El fiscal estatal, Gerardo Octavio Sol\u00eds, revel\u00f3 en conferencia de prensa que en el lugar han sido localizados 113 cuerpos de v\u00edctimas, de las cuales&nbsp;<strong>30 han sido identificadas por sus familiares, entre ellas dos mujeres y 28 hombres<\/strong>, y el resto permanecen en el Servicio M\u00e9dico Forense en calidad de \u201cpersonas fallecidas sin identificar\u201d.<\/p>\n\n\n\n<p>La fosa<strong>\u00a0fue localizada a inicios de octubre pasado en una finca en el fraccionamiento Los Sabinos<\/strong>\u00a0en el que peritos forenses encontraron inicialmente cuatro cuerpos inhumados, como resultado de trabajos de inteligencia y diversas investigaciones, inform\u00f3 la dependencia en su momento. Durante las siete semanas de trabajo\u00a0<strong>se han identificado tambi\u00e9n cuatro bolsas con diferentes indicios y dos cr\u00e1neos de personas<\/strong>\u00a0que son analizados por los peritos forenses.<\/p>\n\n\n\n<p><img fetchpriority=\"high\" decoding=\"async\" height=\"960\" width=\"1280\" alt=\"La fosa fue localizada a inicios de octubre pasado en una finca en el fraccionamiento Los Sabinos (Foto: Twitter\/buscadorasonora)\" src=\"https:\/\/www.infobae.com\/new-resizer\/auAT1cCR5RGpoLtHkz3fhEPw4ys=\/420x315\/filters:format(jpg):quality(85)\/\/cloudfront-us-east-1.images.arcpublishing.com\/infobae\/FKJRJ74SZVCH3GLHAOR2VVJTUQ.jpeg\">La fosa fue localizada a inicios de octubre pasado en una finca en el fraccionamiento Los Sabinos (Foto: Twitter\/buscadorasonora)<\/p>\n\n\n\n<p>En su oportunidad, la fiscal de desaparecidos en Jalisco, Blanca Jacqueline Trujillo, inform\u00f3 de que adem\u00e1s<strong>&nbsp;trabajan en la excavaci\u00f3n de otra fosa con maquinaria pesada en el municipio de Ixtlahuac\u00e1n de los Membrillos&nbsp;<\/strong>en el que se han localizado 25 cad\u00e1veres sin identificar, una osamenta, cinco cr\u00e1neos y 14 lotes de segmentos \u00f3seos.<\/p>\n\n\n\n<p>De acuerdo con el reporte de la Comisi\u00f3n Nacional de B\u00fasqueda de la Secretar\u00eda de Gobernaci\u00f3n mexicana en octubre pasado<strong>, el estado de Jalisco ocupa el primer lugar nacional en el n\u00famero de cuerpos exhumados&nbsp;<\/strong>de fosas clandestinas con 897 v\u00edctimas extra\u00eddas entre 2006 y septiembre de 2020.<\/p>\n\n\n\n<p>Tambi\u00e9n es<strong>&nbsp;el estado con mayor n\u00famero de personas desaparecidas y no localizadas&nbsp;<\/strong>con 3,568 casos registrados en los \u00faltimos dos a\u00f1os. Es decir, concentra&nbsp;<strong>una de cada cuatro desapariciones de diciembre de 2018 a la fecha<\/strong>, seguido de Guanajuato, Tamaulipas, Ciudad de M\u00e9xico, Nuevo Le\u00f3n, Sinaloa, Michoac\u00e1n, Veracruz, Guerrero y Chihuahua.<\/p>\n\n\n\n<p>A principios de octubre,&nbsp;<strong>el Gobierno mexicano report\u00f3 4,092 fosas clandestinas desde 2006 con casi la mitad en solo cinco estados: Veracruz, Tamaulipas, Guerrero, Sinaloa y Zacatecas<\/strong>&nbsp;y de estas fosas las autoridades han exhumado 6.900 cuerpos, con la mayor\u00eda en Jalisco, Sinaloa, Chihuahua y Guerrero.<\/p>\n\n\n\n<p>Se\u00f1al\u00f3 que<strong>&nbsp;desde 1964 a la fecha han registrado 189,206 personas desaparecidas de las cuales han encontrado a 112,035, y de ellas 104,953&nbsp;<\/strong>con vida, mientras que en lo que va del actual gobierno, que empez\u00f3 en diciembre de 2018, han desaparecido 29.789 personas y se han localizado a 15,968.<img decoding=\"async\" alt=\"En M\u00e9xico tambi\u00e9n incrementaron las ejecuciones relacionadas con el crimen organizado en 19 de los 32 estados (Foto: EFE\/Francisco Guasco)\n\" height=\"3744\" src=\"https:\/\/www.infobae.com\/new-resizer\/aI17hiW29avVTWAy3sX4BWMt1r4=\/420x280\/filters:format(jpg):quality(85)\/\/cloudfront-us-east-1.images.arcpublishing.com\/infobae\/6XG2XSWEWBD2NDZFR4K5ED6SMU.jpg\" width=\"5616\">En M\u00e9xico tambi\u00e9n incrementaron las ejecuciones relacionadas con el crimen organizado en 19 de los 32 estados (Foto: EFE\/Francisco Guasco)<\/p>\n\n\n\n<p>Por otro lado, en el mes de septiembre&nbsp;<strong>se reportaron 1,969 ejecuciones relacionadas con el crimen organizado en todo el pa\u00eds<\/strong>, pero para el \u00faltimo d\u00eda de octubre el n\u00famero ascendi\u00f3 hasta las 2,388, de acuerdo con las cifras de&nbsp;<em>Lantia Consultore&nbsp;<\/em>citada por el periodista H\u00e9ctor de Maul\u00e9on.<\/p>\n\n\n\n<p>Sin embargo,&nbsp;<strong>este incremento se present\u00f3 en 19 de los 32 estados&nbsp;<\/strong>que conforman al pa\u00eds. Guanajuato, por ejemplo, es uno de los estados m\u00e1s violentos y registr\u00f3 390 ejecuciones en el mes, mientras que Guerrero y Baja California tuvieron 225 y 210, respectivamente.<\/p>\n\n\n\n<p>El columnista de&nbsp;<em>El Universal<\/em>&nbsp;adem\u00e1s detall\u00f3 que<strong>&nbsp;193 personas fueron ejecutadas en Jalisco<\/strong>, 175 en Chihuahua, 165 en Michoac\u00e1n y 117 en Sonora. De ah\u00ed siguen los estados de Zacatecas con 94 asesinatos de este tipo, 86 tuvieron lugar en San Luis Potos\u00ed, 76 en Sinaloa, 74 en Estado de M\u00e9xico y 59 en la capital del pa\u00eds.<\/p>\n\n\n\n<p><em>*Con informaci\u00f3n de EFE<\/em><\/p>\n\n\n\n<p>Fuente: https:\/\/www.infobae.com\/america\/mexico\/2020\/11\/23\/jalisco-en-rojo-identificaron-113-cuerpos-en-una-fosa-clandestina-en-el-salto\/<\/p>\n","protected":false},"excerpt":{"rendered":"<p>Treinta de ellos han sido identificados por sus familiares; dos mujeres y 28 hombres INFOBAE Al menos&nbsp;113 cuerpos han sido [&hellip;]<\/p>\n","protected":false},"author":1,"featured_media":1422,"comment_status":"open","ping_status":"open","sticky":false,"template":"","format":"standard","meta":{"site-sidebar-layout":"default","site-content-layout":"","ast-site-content-layout":"default","site-content-style":"default","site-sidebar-style":"default","ast-global-header-display":"","ast-banner-title-visibility":"","ast-main-header-display":"","ast-hfb-above-header-display":"","ast-hfb-below-header-display":"","ast-hfb-mobile-header-display":"","site-post-title":"","ast-breadcrumbs-content":"","ast-featured-img":"","footer-sml-layout":"","theme-transparent-header-meta":"","adv-header-id-meta":"","stick-header-meta":"","header-above-stick-meta":"","header-main-stick-meta":"","header-below-stick-meta":"","astra-migrate-meta-layouts":"default","ast-page-background-enabled":"default","ast-page-background-meta":{"desktop":{"background-color":"var(--ast-global-color-4)","background-image":"","background-repeat":"repeat","background-position":"center center","background-size":"auto","background-attachment":"scroll","background-type":"","background-media":"","overlay-type":"","overlay-color":"","overlay-opacity":"","overlay-gradient":""},"tablet":{"background-color":"","background-image":"","background-repeat":"repeat","background-position":"center center","background-size":"auto","background-attachment":"scroll","background-type":"","background-media":"","overlay-type":"","overlay-color":"","overlay-opacity":"","overlay-gradient":""},"mobile":{"background-color":"","background-image":"","background-repeat":"repeat","background-position":"center center","background-size":"auto","background-attachment":"scroll","background-type":"","background-media":"","overlay-type":"","overlay-color":"","overlay-opacity":"","overlay-gradient":""}},"ast-content-background-meta":{"desktop":{"background-color":"var(--ast-global-color-5)","background-image":"","background-repeat":"repeat","background-position":"center center","background-size":"auto","background-attachment":"scroll","background-type":"","background-media":"","overlay-type":"","overlay-color":"","overlay-opacity":"","overlay-gradient":""},"tablet":{"background-color":"var(--ast-global-color-5)","background-image":"","background-repeat":"repeat","background-position":"center center","background-size":"auto","background-attachment":"scroll","background-type":"","background-media":"","overlay-type":"","overlay-color":"","overlay-opacity":"","overlay-gradient":""},"mobile":{"background-color":"var(--ast-global-color-5)","background-image":"","background-repeat":"repeat","background-position":"center center","background-size":"auto","background-attachment":"scroll","background-type":"","background-media":"","overlay-type":"","overlay-color":"","overlay-opacity":"","overlay-gradient":""}},"footnotes":""},"categories":[8],"tags":[],"class_list":["post-1421","post","type-post","status-publish","format-standard","has-post-thumbnail","hentry","category-noticias"],"_links":{"self":[{"href":"https:\/\/losperiodistas.com.mx\/portal\/wp-json\/wp\/v2\/posts\/1421","targetHints":{"allow":["GET"]}}],"collection":[{"href":"https:\/\/losperiodistas.com.mx\/portal\/wp-json\/wp\/v2\/posts"}],"about":[{"href":"https:\/\/losperiodistas.com.mx\/portal\/wp-json\/wp\/v2\/types\/post"}],"author":[{"embeddable":true,"href":"https:\/\/losperiodistas.com.mx\/portal\/wp-json\/wp\/v2\/users\/1"}],"replies":[{"embeddable":true,"href":"https:\/\/losperiodistas.com.mx\/portal\/wp-json\/wp\/v2\/comments?post=1421"}],"version-history":[{"count":1,"href":"https:\/\/losperiodistas.com.mx\/portal\/wp-json\/wp\/v2\/posts\/1421\/revisions"}],"predecessor-version":[{"id":1423,"href":"https:\/\/losperiodistas.com.mx\/portal\/wp-json\/wp\/v2\/posts\/1421\/revisions\/1423"}],"wp:featuredmedia":[{"embeddable":true,"href":"https:\/\/losperiodistas.com.mx\/portal\/wp-json\/wp\/v2\/media\/1422"}],"wp:attachment":[{"href":"https:\/\/losperiodistas.com.mx\/portal\/wp-json\/wp\/v2\/media?parent=1421"}],"wp:term":[{"taxonomy":"category","embeddable":true,"href":"https:\/\/losperiodistas.com.mx\/portal\/wp-json\/wp\/v2\/categories?post=1421"},{"taxonomy":"post_tag","embeddable":true,"href":"https:\/\/losperiodistas.com.mx\/portal\/wp-json\/wp\/v2\/tags?post=1421"}],"curies":[{"name":"wp","href":"https:\/\/api.w.org\/{rel}","templated":true}]}}