{"id":1418,"date":"2020-11-23T06:27:23","date_gmt":"2020-11-23T12:27:23","guid":{"rendered":"http:\/\/losperiodistas.com.mx\/portal\/?p=1418"},"modified":"2020-11-23T06:27:23","modified_gmt":"2020-11-23T12:27:23","slug":"su-cerebro-esta-en-el-suelo-un-medico-que-estuvo-en-la-sala-de-emergencias-revela-detalles-de-la-muerte-de-john-f-kennedy","status":"publish","type":"post","link":"https:\/\/losperiodistas.com.mx\/portal\/su-cerebro-esta-en-el-suelo-un-medico-que-estuvo-en-la-sala-de-emergencias-revela-detalles-de-la-muerte-de-john-f-kennedy\/","title":{"rendered":"\u00abSu cerebro est\u00e1 en el suelo\u00bb: Un m\u00e9dico que estuvo en la sala de emergencias revela detalles de la muerte de John F. Kennedy"},"content":{"rendered":"\n<p><em>A\u00f1os atr\u00e1s, el cardi\u00f3logo sostuvo la teor\u00eda de que en el atentado hubo un segundo tirador; sin embargo, tras pasar por el Ej\u00e9rcito y ampliar sus conocimientos de bal\u00edstica, el especialista descart\u00f3 esta hip\u00f3tesis<\/em><\/p>\n\n\n\n<p class=\"has-vivid-cyan-blue-color has-text-color has-medium-font-size\">RT<\/p>\n\n\n\n<p>Un m\u00e9dico que estuvo presente en la sala de emergencias del hospital Parkland Memorial, donde fue trasladado el expresidente de EE.UU., John F. Kennedy (JFK), tras recibir<strong>&nbsp;varios impactos de bala<\/strong>&nbsp;mientras realizaba una visita pol\u00edtica por el estado de Texas,&nbsp;<a href=\"https:\/\/www.medpagetoday.com\/emergencymedicine\/emergencymedicine\/89772\" target=\"_blank\" rel=\"noreferrer noopener\">revel\u00f3<\/a>&nbsp;nuevos detalles de su muerte a MedPage Today.<\/p>\n\n\n\n<p>Se trata del cardi\u00f3logo Joe Goldstrich, quien en&nbsp;aquellos momentos ten\u00eda 25 a\u00f1os y cumpl\u00eda una rotaci\u00f3n de su residencia en el \u00e1rea de neurocirug\u00eda, a cargo del doctor Kemp Clark. No obstante, su posici\u00f3n le permiti\u00f3 ser \u00abla persona m\u00e1s joven que particip\u00f3 activamente en los&nbsp;<strong>esfuerzos de reanimaci\u00f3n<\/strong>\u00bb del exmandatario.<\/p>\n\n\n\n<p>Ahora, a sus 82 a\u00f1os, Goldstrich recuerda que el 22 de noviembre de 1963, el equipo de Clark fue convocado a emergencias alrededor de mediod\u00eda. Abandon\u00f3 su almuerzo y sali\u00f3 corriendo hacia el \u00e1rea de cirug\u00eda. \u00abEntr\u00e9 en la sala de emergencias&nbsp;<strong>al mismo tiempo<\/strong>&nbsp;que JFK entraba en una camilla\u00bb, coment\u00f3.<\/p>\n\n\n\n<p>Posteriormente, el doctor colabor\u00f3 para mover al expresidente de la camilla a la mesa de tratamiento y luego lo desnud\u00f3. Asimismo, mencion\u00f3 que a los pocos minutos, varios especialistas estaban en el lugar para&nbsp;<strong>tratar de salvar la vida<\/strong>&nbsp;del exmandatario.<\/p>\n\n\n\n<h3 class=\"wp-block-heading\">\u00ab\u00bfQu\u00e9 est\u00e1s haciendo?\u00bb<\/h3>\n\n\n\n<p>Mientras el director de la sala de emergencias, Charlie Baxter, estaba haciendo compresiones card\u00edacas de t\u00f3rax al paciente, el doctor Clark habr\u00eda entrado al lugar y al ver la herida en la cabeza, exclam\u00f3: \u00abDios m\u00edo, Charlie, \u00bfqu\u00e9 est\u00e1s haciendo? Tiene el cerebro en el suelo\u00bb.<\/p>\n\n\n\n<p>Seg\u00fan Goldstrich, las palabras del galeno se quedaron grabadas en su memoria al igual que la reacci\u00f3n de la ex primera dama Jacqueline Kennedy Onassis, quien estaba junto a su esposo. \u00ab<strong>Jackie estaba en &#8216;shock&#8217;<\/strong>, como un ciervo frente a los faros de un coche. Se sorprendi\u00f3 de que alguien hablara con tanta franqueza sobre lo que estaba pasando\u00bb, agreg\u00f3.<\/p>\n\n\n\n<p>Al respecto, el doctor manifest\u00f3 que ese es \u00abotro momento\u00bb que \u00ablamentablemente\u00bb est\u00e1 grabado en su mente de \u00abforma indeleble\u00bb. Con estos antecedentes, Goldstrich considera \u00abcon toda probabilidad\u00bb, JFK&nbsp;<strong>ya estaba muerto<\/strong>&nbsp;cuando lleg\u00f3 al hospital.<\/p>\n\n\n\n<figure class=\"wp-block-image\"><img decoding=\"async\" src=\"https:\/\/cdni.rt.com\/actualidad\/public_images\/2020.06\/thumbnail\/5eebc95359bf5b617a2b348b.jpg\" alt=\"Muere a los 92 a\u00f1os la \u00faltima hermana de John F. Kennedy que quedaba con vida\"\/><\/figure>\n\n\n\n<p><a href=\"https:\/\/actualidad.rt.com\/actualidad\/357097-morir-92-anos-ultima-hermana-john-kennedy\">Muere a los 92 a\u00f1os la \u00faltima hermana de John F. Kennedy que quedaba con vida<\/a><\/p>\n\n\n\n<p>Por otra parte, el cardi\u00f3logo hab\u00eda sugerido muchos a\u00f1os atr\u00e1s que el expresidente pudo haber recibido un disparo en la garganta desde el frente, arrojando la posibilidad de un&nbsp;<strong>segundo tirador<\/strong>. Sin embargo, aclar\u00f3 que en ese entonces no sab\u00eda nada sobre bal\u00edstica y heridas de entrada y salida.<\/p>\n\n\n\n<p>No obstante, la experiencia en el Ej\u00e9rcito en 1965 le ayud\u00f3 a perfeccionar su conocimiento y m\u00e1s adelante se dio cuenta de que\u00a0<strong>\u00abser\u00eda imposible\u00bb<\/strong>\u00a0que alguien disparara a Kennedy simult\u00e1neamente con su asesino, quien atac\u00f3 por detr\u00e1s al exmandatario. \u00abFue entonces cuando cambi\u00e9 de opini\u00f3n. Aunque, nadie lo sabr\u00e1 con certeza\u00bb, concluy\u00f3 Goldstrich.<\/p>\n\n\n\n<figure class=\"wp-block-embed-youtube wp-block-embed is-type-video is-provider-youtube wp-embed-aspect-4-3 wp-has-aspect-ratio\"><div class=\"wp-block-embed__wrapper\">\nhttps:\/\/youtu.be\/AHd3kZpo5pc\n<\/div><\/figure>\n\n\n\n<p>Fuente: https:\/\/actualidad.rt.com\/actualidad\/374404-cerebro-suelo-medico-emergencias-detalles-muerte-kennedy<\/p>\n","protected":false},"excerpt":{"rendered":"<p>A\u00f1os atr\u00e1s, el cardi\u00f3logo sostuvo la teor\u00eda de que en el atentado hubo un segundo tirador; sin embargo, tras pasar [&hellip;]<\/p>\n","protected":false},"author":1,"featured_media":1419,"comment_status":"open","ping_status":"open","sticky":false,"template":"","format":"standard","meta":{"site-sidebar-layout":"default","site-content-layout":"","ast-site-content-layout":"default","site-content-style":"default","site-sidebar-style":"default","ast-global-header-display":"","ast-banner-title-visibility":"","ast-main-header-display":"","ast-hfb-above-header-display":"","ast-hfb-below-header-display":"","ast-hfb-mobile-header-display":"","site-post-title":"","ast-breadcrumbs-content":"","ast-featured-img":"","footer-sml-layout":"","theme-transparent-header-meta":"","adv-header-id-meta":"","stick-header-meta":"","header-above-stick-meta":"","header-main-stick-meta":"","header-below-stick-meta":"","astra-migrate-meta-layouts":"default","ast-page-background-enabled":"default","ast-page-background-meta":{"desktop":{"background-color":"var(--ast-global-color-4)","background-image":"","background-repeat":"repeat","background-position":"center center","background-size":"auto","background-attachment":"scroll","background-type":"","background-media":"","overlay-type":"","overlay-color":"","overlay-opacity":"","overlay-gradient":""},"tablet":{"background-color":"","background-image":"","background-repeat":"repeat","background-position":"center center","background-size":"auto","background-attachment":"scroll","background-type":"","background-media":"","overlay-type":"","overlay-color":"","overlay-opacity":"","overlay-gradient":""},"mobile":{"background-color":"","background-image":"","background-repeat":"repeat","background-position":"center center","background-size":"auto","background-attachment":"scroll","background-type":"","background-media":"","overlay-type":"","overlay-color":"","overlay-opacity":"","overlay-gradient":""}},"ast-content-background-meta":{"desktop":{"background-color":"var(--ast-global-color-5)","background-image":"","background-repeat":"repeat","background-position":"center center","background-size":"auto","background-attachment":"scroll","background-type":"","background-media":"","overlay-type":"","overlay-color":"","overlay-opacity":"","overlay-gradient":""},"tablet":{"background-color":"var(--ast-global-color-5)","background-image":"","background-repeat":"repeat","background-position":"center center","background-size":"auto","background-attachment":"scroll","background-type":"","background-media":"","overlay-type":"","overlay-color":"","overlay-opacity":"","overlay-gradient":""},"mobile":{"background-color":"var(--ast-global-color-5)","background-image":"","background-repeat":"repeat","background-position":"center center","background-size":"auto","background-attachment":"scroll","background-type":"","background-media":"","overlay-type":"","overlay-color":"","overlay-opacity":"","overlay-gradient":""}},"footnotes":""},"categories":[8],"tags":[],"class_list":["post-1418","post","type-post","status-publish","format-standard","has-post-thumbnail","hentry","category-noticias"],"_links":{"self":[{"href":"https:\/\/losperiodistas.com.mx\/portal\/wp-json\/wp\/v2\/posts\/1418","targetHints":{"allow":["GET"]}}],"collection":[{"href":"https:\/\/losperiodistas.com.mx\/portal\/wp-json\/wp\/v2\/posts"}],"about":[{"href":"https:\/\/losperiodistas.com.mx\/portal\/wp-json\/wp\/v2\/types\/post"}],"author":[{"embeddable":true,"href":"https:\/\/losperiodistas.com.mx\/portal\/wp-json\/wp\/v2\/users\/1"}],"replies":[{"embeddable":true,"href":"https:\/\/losperiodistas.com.mx\/portal\/wp-json\/wp\/v2\/comments?post=1418"}],"version-history":[{"count":1,"href":"https:\/\/losperiodistas.com.mx\/portal\/wp-json\/wp\/v2\/posts\/1418\/revisions"}],"predecessor-version":[{"id":1420,"href":"https:\/\/losperiodistas.com.mx\/portal\/wp-json\/wp\/v2\/posts\/1418\/revisions\/1420"}],"wp:featuredmedia":[{"embeddable":true,"href":"https:\/\/losperiodistas.com.mx\/portal\/wp-json\/wp\/v2\/media\/1419"}],"wp:attachment":[{"href":"https:\/\/losperiodistas.com.mx\/portal\/wp-json\/wp\/v2\/media?parent=1418"}],"wp:term":[{"taxonomy":"category","embeddable":true,"href":"https:\/\/losperiodistas.com.mx\/portal\/wp-json\/wp\/v2\/categories?post=1418"},{"taxonomy":"post_tag","embeddable":true,"href":"https:\/\/losperiodistas.com.mx\/portal\/wp-json\/wp\/v2\/tags?post=1418"}],"curies":[{"name":"wp","href":"https:\/\/api.w.org\/{rel}","templated":true}]}}