{"id":1407,"date":"2020-11-22T08:29:48","date_gmt":"2020-11-22T14:29:48","guid":{"rendered":"http:\/\/losperiodistas.com.mx\/portal\/?p=1407"},"modified":"2020-11-22T08:29:48","modified_gmt":"2020-11-22T14:29:48","slug":"se-impone-la-censura-de-la-nueva-izquierda-en-las-universidades","status":"publish","type":"post","link":"https:\/\/losperiodistas.com.mx\/portal\/se-impone-la-censura-de-la-nueva-izquierda-en-las-universidades\/","title":{"rendered":"Se impone la censura de la nueva izquierda en las universidades"},"content":{"rendered":"\n<p style=\"font-size:18px\"><em>La consigna es \u00abMuerte al liberalismo\u00bb. Desde las teor\u00edas raciales hasta el feminismo puritano, la desviaci\u00f3n posmodernista de la izquierda ha devorado a la propia izquierda y se erige como ideolog\u00eda dominante<\/em><\/p>\n\n\n\n<p class=\"has-vivid-cyan-blue-color has-text-color has-medium-font-size\">JULIO VALDE\u00d3N\/ Nueva York\/ LA RAZ\u00d3N<\/p>\n\n\n\n<p>El virus\u00a0<em>woke<\/em>\u00a0(sentirse moralmente superior al resto) creci\u00f3 incontenible en las universidades de EE.UU. All\u00ed donde hab\u00edan regido la indagaci\u00f3n cient\u00edfica, la b\u00fasqueda de la verdad, la libertad de expresi\u00f3n y el debate intelectual sin ataduras. Ahora, en cambio,\u00a0<strong>abundan los ataques contra la investigaci\u00f3n en territorios que los activistas juzgan sensibles<\/strong>, las zonas de confort donde los estudiantes pueden sentirse libres de confrontar sus ideas, los boicots a las conferencias que piensan distinto a lo estipulado por los guardianes de la ortodoxia y los despidos de todos los profesores molestos por cuestiones de \u00edndole doctrinal e ideol\u00f3gica. Bienvenidos a la guerra total contra la biolog\u00eda, la neurociencia, la psicolog\u00eda evolutiva, las aportaciones de la gen\u00e9tica y, en general,\u00a0<strong>contra todo lo que no haya sido santificado por los popes posmodernos.<\/strong>\u00a0De los ideales de las democracias representativas, del pluralismo y etc. ni hablemos.<\/p>\n\n\n\n<p>Los principales focos de infecci\u00f3n de la pandemia asolan las facultades de humanidades. Donde no ya no extra\u00f1a a nadie que Richard Dawkins, et\u00f3logo, bi\u00f3logo evolutivo, profesor em\u00e9rito jubilado del New College, Oxford, uno de los divulgadores cient\u00edficos m\u00e1s laureados del mundo, sea recibido con los honores debidos a un miembro del KKK.&nbsp;<strong>Todo porque os\u00f3 defender a los dibujantes de Charlie Hebdo y a escritores como Salman Rushdie de los ataques y atentados de los fundamentalistas religiosos.<\/strong>&nbsp;La cuesti\u00f3n de la fe provoca la rara sinergia entre los profesores del ma\u00f1ana y los individuos que creen tolerable que las creencias de unos, las suyas o las de sus objeto de conmiseraci\u00f3n y piedad, condicionen y\/o mutilen los fundamentos b\u00e1sicos de los sistemas demoliberales.<\/p>\n\n\n\n<h3 class=\"wp-block-heading\"><strong>Defensores del credo<\/strong><\/h3>\n\n\n\n<p>A resultas de esto la escritora y activista somal\u00ed, Ayaan Hirsi Ali, vio c\u00f3mo la Universidad de Brandeis le arrebataba los honores que previamente le hab\u00eda concedido. \u00bfSu pecado? Molestar a los estudiantes que ven con malos ojos que una v\u00edctima de ablaci\u00f3n, pr\u00f3fuga de su pa\u00eds para evitar una boda forzosa, y amenazada de muerte, haya defendido la renovaci\u00f3n del Islam para que acepte la modernidad.&nbsp;<strong>A las cuestiones relacionadas con el oscurantismo religioso cabe a\u00f1adir las batallas lideradas por el feminismo de corte iliberal.<\/strong>&nbsp;Como escribi\u00f3 Camille Paglia, la \u00abideolog\u00eda de g\u00e9nero\u00bb fue una f\u00f3rmula patentada por por \u00abhumanistas con poco o ning\u00fan conocimiento en endocrinolog\u00eda, gen\u00e9tica, antropolog\u00eda y psicolog\u00eda social\u00bb y \u00abempeorada por el sesgo anticient\u00edfico del \u00abpostestructuralismo\u00bb.javascript:false<\/p>\n\n\n\n<p>Sucede que las universidades estadounidenses han patrocinado el triunfo de un feminismo puritano. Que tiene muy poco que ver con las reivindicaciones cl\u00e1sicas respecto a la igualdad y s\u00ed, en cambio, todo con<strong>&nbsp;los delirios de pensadoras como como Andrea Dworkin y Catharine MacKinnon<\/strong>, que en los a\u00f1os setenta levantan el pend\u00f3n de la cruzada antipornogr\u00e1fica y con la complaciencia, cuando no la complicidad, de los vectores del fundamentalismo protestante. Es ah\u00ed, en ese caldo de cultivo, donde brillar\u00e1n los enunciados l\u00edquidos de pensadoras como Judith Butler. Tal y como recordaba James Lindsay en la revista Quillette, \u00ablos estudios de g\u00e9nero, que abarcan conceptualmente la teor\u00eda feminista, casi no tienen representaci\u00f3n en las mil revistas acad\u00e9micas m\u00e1s significativas (Gender &amp; Society, la principal entre ellas, se sit\u00faa orgullosamente en el n\u00famero 824 del r\u00e1nking), pero es dif\u00edcil ignorar muchas de las m\u00e1s recientes consecuencias de la teor\u00eda feminista en el mundo real\u00bb.<\/p>\n\n\n\n<p>Porque, y ese es el problema de fondo, lo que empieza en los departamentos universitarios, y que por momentos pudo tomarse como una desviaci\u00f3n posmodernista del programa de la izquierda, sin recorrido m\u00e1s all\u00e1 de cuatro aulas,&nbsp;<strong>ha terminado, primero, por devorar a la izquierda, y despu\u00e9s, por dispersarse e infectar los consejos de administraci\u00f3n de las empresas, las redacciones de los peri\u00f3dicos<\/strong>, los plat\u00f3s de las televisiones, los discursos de los pol\u00edticos y sus respectivos programas. Empieza como seminario\/ delirio, sigue como consigna en libros, conferencias y art\u00edculos y desemboca en el cuerpo legislativo mientras las redes sociales son patrulladas por los defensores del credo. Suma y sigue, pues el combate tambi\u00e9n tiene lugar entre los defensores de la llamada CRT (iniciales de Critical Race Training, algo as\u00ed como Entrenamiento Cr\u00edtico de Raza), y los partidarios de proteger los valores liberales cl\u00e1sicos.<\/p>\n\n\n\n<p>Como explic\u00f3 recientemente George R. La Noue, profesor de ciencias pol\u00edticas en la Universidad de Maryland y autor de \u00abSilenced stages: The loss of academic freedom and campus policy debates\u00bb (2019), en un art\u00edculo de la revista Law &amp; Liberty,\u00abla CRT comienza con&nbsp;<strong>la presunci\u00f3n de que la raza es la forma principal de identificar y analizar a las personas<\/strong>&nbsp;y, en consecuencia, postula una jerarqu\u00eda racial que supuestamente existe, con los blancos en la parte superior y los negros en la inferior. El comportamiento individual resultar\u00eda insignificante porque todos en EE.UU funcionan dentro de una sociedad de racismo sist\u00e9mico, de racismo estructural y racismo institucional\u00bb.<\/p>\n\n\n\n<p>O la sociedad apuesta por el entrenamiento cr\u00edtico de raza o protege los derechos civiles. No parece posible proteger ambos.&nbsp;<strong>Toca elegir entre los empleados d\u00e1ndose golpes de pecho por los pecados colectivos de la raza<\/strong>&nbsp;y\/o la desprogramaci\u00f3n obligatoria como soluci\u00f3n a nuestros males sociales, o bien, optar por el cada d\u00eda m\u00e1s desacreditado anhelo de una sociedad post racial, donde nadie juzgue a nadie por el color de su piel y etc. No en vano, a\u00f1ad\u00eda La Noue, \u00abtodos los blancos deben admitir su culpabilidad confesando las ventajas que les confiere la supremac\u00eda blanca. El no hacerlo refleja la \u201cfragilidad blanca\u201d,&nbsp;<strong>una actitud defensiva instintiva que se dice que los blancos muestran despu\u00e9s de haber sido entrenados sobre su complicidad con el racismo.<\/strong><\/p>\n\n\n\n<p>En segundo lugar, los blancos individuales no pueden esconderse detr\u00e1s de ning\u00fan historial personal de no discriminaci\u00f3n o de su conveniencia con las leyes o pol\u00edticas de raza neutral porque la acci\u00f3n colectiva de su raza ha sido opresiva.&nbsp;<strong>Los blancos deben apoyar las pol\u00edticas \u201cantirracistas\u201d que requieren diversas formas de preferencias raciales para los no blancos en una variedad de campos durante un per\u00edodo indefinido<\/strong>\u00bb. El parte de bajas ocasionado por todos estos desmanes va del profesor de qu\u00edmica en Cornell, David Collum, a Harald Uhlig, profesor de la universidad de Chicago y miembro de la Reserva Federal del Banco de Chicago y el Journal of Political Economy, que tuvo la mala idea de criticar el movimiento \u00abBlack Lives Matter\u00bb, el profesor W. Ajax Peris, de la Universidad de California en Los \u00c1ngeles, acusado de racista por leer en clase la \u00abCarta de la c\u00e1rcel de Birmingham\u00bb, de Martin Luther King, que contiene la palabra \u00abnigger\u00bb, o el profesor de F\u00edsica Te\u00f3rica de la Universidad de Michigan, Steve Hsu,&nbsp;<strong>acusado de \u00abracista\u00bb y \u00absexista\u00bb por sus propios estudiantes.<\/strong><\/p>\n\n\n\n<p>Hace dos meses, con ocasi\u00f3n de la dimisi\u00f3n de la editora y columnista del \u00abThe New York Times\u00bb, Bari Weiss, public\u00f3 una carta de despedida del diario, donde lamentaba los ataques sufridos a manos de sus propios compa\u00f1eros y&nbsp;<strong>advert\u00eda de que la \u00abimportancia de comprender a otros americanos, la necesidad de resistirse al tribalismo y la asunci\u00f3n del papel central que ejerce el libre intercambio de ideas en una sociedad democr\u00e1tica han ca\u00eddo en saco roto\u00bb.&nbsp;<\/strong>En lugar de eso, a\u00f1ad\u00eda, ha nacido un nuevo consenso, casi una religi\u00f3n, que considera que \u00abla verdad no es el fruto de un proceso de b\u00fasqueda colectiva, sino una ortodoxia administrada por unos iluminados\u00bb. Esa es la guerra que ahora se dirime las universidades de EE.UU. Un duelo en el que los partidarios de la verdad pierden por goleada frente a la cofrad\u00eda de la santa mordaza, siempre a caballo entre la infecci\u00f3n \u00e9tica, los arranques monistas,&nbsp;<strong>que proscriben el pluralismo, y el puro patetismo intelectual.<\/strong><\/p>\n\n\n\n<h3 class=\"wp-block-heading\">La lista de la verg\u00fcenza<\/h3>\n\n\n\n<p>La Asociaci\u00f3n Nacional de Acad\u00e9micos, una organizaci\u00f3n sin \u00e1nimo de lucro que \u00abdefiende los est\u00e1ndares de una educaci\u00f3n que fomenta la libertad intelectual\u00bb y \u00abla libertad acad\u00e9mica de los miembros de la facultad\u00bb, mantiene una lista, permanentemente actualizada, aunque incompleta, de profesores, personal administrativo y estudiantes \u00abcancelados\u00bb por sus opiniones. En total suma ya 105 \u00abcancelaciones\u00bb.\u00a0<strong>El primero en la lista es nada menos que el gran Edward O. Wilson, padre de la sociobiolog\u00eda, acusado en 1975 contra toda evidencia de sostener posturas que algunos tildaron de racistas.<\/strong>Entre acad\u00e9micos que laminados por defender posturas inc\u00f3modas o, en algunos casos, directamente impresentables, hay otros, muchos, represaliados por defender el abec\u00e9 del liberalismo pol\u00edtico y\/o los postulados cient\u00edficos m\u00e1s elementales. En opini\u00f3n de los responsables de la organizaci\u00f3n, \u00abLa amenaza a la libertad acad\u00e9mica es obvia: cuando aquellos dentro de la academia son incapaces de contradecir la ortodoxia progresista, desaparece la b\u00fasqueda desinteresada de la verdad.\u00a0<strong>La erudici\u00f3n razonada se cambia por el sustituto barato e ins\u00edpido del activismo pol\u00edtico. Y a la larga, la propia educaci\u00f3n superior muere<\/strong>\u00bb.<\/p>\n\n\n\n<p>Fuente: https:\/\/www.larazon.es\/cultura\/20201122\/kmengign2vcpjkbp4l6bpczbtm.html<\/p>\n","protected":false},"excerpt":{"rendered":"<p>La consigna es \u00abMuerte al liberalismo\u00bb. Desde las teor\u00edas raciales hasta el feminismo puritano, la desviaci\u00f3n posmodernista de la izquierda [&hellip;]<\/p>\n","protected":false},"author":1,"featured_media":1408,"comment_status":"open","ping_status":"open","sticky":false,"template":"","format":"standard","meta":{"site-sidebar-layout":"default","site-content-layout":"","ast-site-content-layout":"default","site-content-style":"default","site-sidebar-style":"default","ast-global-header-display":"","ast-banner-title-visibility":"","ast-main-header-display":"","ast-hfb-above-header-display":"","ast-hfb-below-header-display":"","ast-hfb-mobile-header-display":"","site-post-title":"","ast-breadcrumbs-content":"","ast-featured-img":"","footer-sml-layout":"","theme-transparent-header-meta":"","adv-header-id-meta":"","stick-header-meta":"","header-above-stick-meta":"","header-main-stick-meta":"","header-below-stick-meta":"","astra-migrate-meta-layouts":"default","ast-page-background-enabled":"default","ast-page-background-meta":{"desktop":{"background-color":"var(--ast-global-color-4)","background-image":"","background-repeat":"repeat","background-position":"center center","background-size":"auto","background-attachment":"scroll","background-type":"","background-media":"","overlay-type":"","overlay-color":"","overlay-opacity":"","overlay-gradient":""},"tablet":{"background-color":"","background-image":"","background-repeat":"repeat","background-position":"center center","background-size":"auto","background-attachment":"scroll","background-type":"","background-media":"","overlay-type":"","overlay-color":"","overlay-opacity":"","overlay-gradient":""},"mobile":{"background-color":"","background-image":"","background-repeat":"repeat","background-position":"center center","background-size":"auto","background-attachment":"scroll","background-type":"","background-media":"","overlay-type":"","overlay-color":"","overlay-opacity":"","overlay-gradient":""}},"ast-content-background-meta":{"desktop":{"background-color":"var(--ast-global-color-5)","background-image":"","background-repeat":"repeat","background-position":"center center","background-size":"auto","background-attachment":"scroll","background-type":"","background-media":"","overlay-type":"","overlay-color":"","overlay-opacity":"","overlay-gradient":""},"tablet":{"background-color":"var(--ast-global-color-5)","background-image":"","background-repeat":"repeat","background-position":"center center","background-size":"auto","background-attachment":"scroll","background-type":"","background-media":"","overlay-type":"","overlay-color":"","overlay-opacity":"","overlay-gradient":""},"mobile":{"background-color":"var(--ast-global-color-5)","background-image":"","background-repeat":"repeat","background-position":"center center","background-size":"auto","background-attachment":"scroll","background-type":"","background-media":"","overlay-type":"","overlay-color":"","overlay-opacity":"","overlay-gradient":""}},"footnotes":""},"categories":[8],"tags":[],"class_list":["post-1407","post","type-post","status-publish","format-standard","has-post-thumbnail","hentry","category-noticias"],"_links":{"self":[{"href":"https:\/\/losperiodistas.com.mx\/portal\/wp-json\/wp\/v2\/posts\/1407","targetHints":{"allow":["GET"]}}],"collection":[{"href":"https:\/\/losperiodistas.com.mx\/portal\/wp-json\/wp\/v2\/posts"}],"about":[{"href":"https:\/\/losperiodistas.com.mx\/portal\/wp-json\/wp\/v2\/types\/post"}],"author":[{"embeddable":true,"href":"https:\/\/losperiodistas.com.mx\/portal\/wp-json\/wp\/v2\/users\/1"}],"replies":[{"embeddable":true,"href":"https:\/\/losperiodistas.com.mx\/portal\/wp-json\/wp\/v2\/comments?post=1407"}],"version-history":[{"count":1,"href":"https:\/\/losperiodistas.com.mx\/portal\/wp-json\/wp\/v2\/posts\/1407\/revisions"}],"predecessor-version":[{"id":1409,"href":"https:\/\/losperiodistas.com.mx\/portal\/wp-json\/wp\/v2\/posts\/1407\/revisions\/1409"}],"wp:featuredmedia":[{"embeddable":true,"href":"https:\/\/losperiodistas.com.mx\/portal\/wp-json\/wp\/v2\/media\/1408"}],"wp:attachment":[{"href":"https:\/\/losperiodistas.com.mx\/portal\/wp-json\/wp\/v2\/media?parent=1407"}],"wp:term":[{"taxonomy":"category","embeddable":true,"href":"https:\/\/losperiodistas.com.mx\/portal\/wp-json\/wp\/v2\/categories?post=1407"},{"taxonomy":"post_tag","embeddable":true,"href":"https:\/\/losperiodistas.com.mx\/portal\/wp-json\/wp\/v2\/tags?post=1407"}],"curies":[{"name":"wp","href":"https:\/\/api.w.org\/{rel}","templated":true}]}}