{"id":1404,"date":"2020-11-22T08:10:49","date_gmt":"2020-11-22T14:10:49","guid":{"rendered":"http:\/\/losperiodistas.com.mx\/portal\/?p=1404"},"modified":"2020-11-22T08:10:49","modified_gmt":"2020-11-22T14:10:49","slug":"la-oms-teme-una-tercera-ola-de-covid-19-a-inicios-de-2021-en-europa-porque-su-reaccion-al-virus-ha-sido-incompleta","status":"publish","type":"post","link":"https:\/\/losperiodistas.com.mx\/portal\/la-oms-teme-una-tercera-ola-de-covid-19-a-inicios-de-2021-en-europa-porque-su-reaccion-al-virus-ha-sido-incompleta\/","title":{"rendered":"La OMS teme una tercera ola de covid-19 a inicios de 2021 en Europa porque su reacci\u00f3n al virus ha sido \u00abincompleta\u00bb"},"content":{"rendered":"\n<p><em>El encargado de la OMS para el coronavirus en Europa elogi\u00f3 la respuesta de los pa\u00edses asi\u00e1ticos al virus al subrayar que han logrado tasas relativamente bajas de infecci\u00f3n gracias a que su poblaci\u00f3n est\u00e1 \u00abcompletamente comprometida\u00bb<\/em><\/p>\n\n\n\n<p class=\"has-vivid-cyan-blue-color has-text-color has-medium-font-size\">RT<\/p>\n\n\n\n<p>David Nabarro, asesor especial de la Organizaci\u00f3n Mundial de la Salud (OMS), teme el inicio de una tercera ola de covid-19 a principios de 2021 en Europa si los gobiernos del continente contin\u00faan repitiendo sus acciones para enfrentar la enfermedad, informa la agencia&nbsp;<a href=\"https:\/\/www.reuters.com\/article\/us-health-coronavirus-who-envoy-idUSKBN28206N?taid=5fba23e8f7584a000197356d&amp;utm_campaign=trueAnthem:+Trending+Content&amp;utm_medium=trueAnthem&amp;utm_source=twitter\" target=\"_blank\" rel=\"noreferrer noopener\">Reuters<\/a>.<\/p>\n\n\n\n<p>\u00abNo construyeron la infraestructura necesaria durante los meses de verano, despu\u00e9s de que pusieran bajo control la primera ola. Ahora tenemos la segunda ola. Si&nbsp;<strong>no construyen la infraestructura necesaria<\/strong>, tendremos una tercera a principios del pr\u00f3ximo a\u00f1o\u00bb, advirti\u00f3 Nabarro en una entrevista a medios suizos.<\/p>\n\n\n\n<figure class=\"wp-block-image\"><img decoding=\"async\" src=\"https:\/\/cdni.rt.com\/actualidad\/public_images\/2020.11\/thumbnail\/5fb7a256e9ff715b49015d31.jpg\" alt=\"Bill Gates pronostica que durante los pr\u00f3ximos ocho meses las noticias sobre el coronavirus ser\u00e1n &quot;en su mayor\u00eda malas&quot;\"\/><\/figure>\n\n\n\n<p><a href=\"https:\/\/actualidad.rt.com\/actualidad\/374147-gates-pronostica-noticias-malas-coronavirus\">Bill Gates pronostica que durante los pr\u00f3ximos ocho meses las noticias sobre el coronavirus ser\u00e1n \u00aben su mayor\u00eda malas\u00bb<\/a><\/p>\n\n\n\n<p>Asimismo, el encargado de la OMS para el coronavirus en Europa ha criticado que no todos los pa\u00edses europeos hayan cerrado ciertos servicios para evitar contagios. Asegura que, a diferencia de Austria, Suiza mantiene abiertos sus centros tur\u00edsticos para esquiar y eso podr\u00eda provocar&nbsp;<strong>un \u00abnivel muy alto de enfermedades y muertes\u00bb<\/strong>. \u00abUna vez que las tasas de infecci\u00f3n bajen y se hundan, entonces podremos ser tan libres como queramos, pero, \u00bfahora mismo? \u00bfDeber\u00edan abrir las estaciones de esqu\u00ed? \u00bfBajo qu\u00e9 condiciones?\u00bb, pregunta.<\/p>\n\n\n\n<p>Por otro lado, Nabarro elogi\u00f3 la respuesta de pa\u00edses asi\u00e1ticos como Corea del Sur, subrayando que han logrado tasas relativamente bajas de infecci\u00f3n gracias a que&nbsp;su poblaci\u00f3n est\u00e1 \u00abcompletamente comprometida\u00bb con \u00abcomportamientos que dificultan\u00bb el desarrollo del virus. Asimismo, resalta que Asia no rebaj\u00f3 sus restricciones prematuramente y recomienda hacer lo mismo en Europa. \u00abDebe esperar hasta que el n\u00famero de casos sea bajo y permanezca bajo.&nbsp;<strong>La reacci\u00f3n de Europa fue incompleta<\/strong>\u00ab, opina.<\/p>\n\n\n\n<p>Europa\u00a0registr\u00f3 anteriormente un breve descenso en sus tasas de infecci\u00f3n, que ahora van en aumento nuevamente. Este s\u00e1bado, Alemania y Francia sumaron entre ambas 33.000 nuevos casos, mientras que Suiza y Austria contabilizan miles diariamente, seg\u00fan Reuters. La OMS advirti\u00f3 recientemente que el continente es uno de los principales focos de la pandemia y alert\u00f3 que sus naciones han presentado un alza del 18 % en los decesos durante las \u00faltimas\u00a0dos semanas.<\/p>\n\n\n\n<p>Fuente: https:\/\/actualidad.rt.com\/actualidad\/374348-asesor-oms-temer-tercera-ola-covid-19-europa-reaccion-incompleta<\/p>\n","protected":false},"excerpt":{"rendered":"<p>El encargado de la OMS para el coronavirus en Europa elogi\u00f3 la respuesta de los pa\u00edses asi\u00e1ticos al virus al [&hellip;]<\/p>\n","protected":false},"author":1,"featured_media":1405,"comment_status":"open","ping_status":"open","sticky":false,"template":"","format":"standard","meta":{"site-sidebar-layout":"default","site-content-layout":"","ast-site-content-layout":"default","site-content-style":"default","site-sidebar-style":"default","ast-global-header-display":"","ast-banner-title-visibility":"","ast-main-header-display":"","ast-hfb-above-header-display":"","ast-hfb-below-header-display":"","ast-hfb-mobile-header-display":"","site-post-title":"","ast-breadcrumbs-content":"","ast-featured-img":"","footer-sml-layout":"","theme-transparent-header-meta":"","adv-header-id-meta":"","stick-header-meta":"","header-above-stick-meta":"","header-main-stick-meta":"","header-below-stick-meta":"","astra-migrate-meta-layouts":"default","ast-page-background-enabled":"default","ast-page-background-meta":{"desktop":{"background-color":"var(--ast-global-color-4)","background-image":"","background-repeat":"repeat","background-position":"center center","background-size":"auto","background-attachment":"scroll","background-type":"","background-media":"","overlay-type":"","overlay-color":"","overlay-opacity":"","overlay-gradient":""},"tablet":{"background-color":"","background-image":"","background-repeat":"repeat","background-position":"center center","background-size":"auto","background-attachment":"scroll","background-type":"","background-media":"","overlay-type":"","overlay-color":"","overlay-opacity":"","overlay-gradient":""},"mobile":{"background-color":"","background-image":"","background-repeat":"repeat","background-position":"center center","background-size":"auto","background-attachment":"scroll","background-type":"","background-media":"","overlay-type":"","overlay-color":"","overlay-opacity":"","overlay-gradient":""}},"ast-content-background-meta":{"desktop":{"background-color":"var(--ast-global-color-5)","background-image":"","background-repeat":"repeat","background-position":"center center","background-size":"auto","background-attachment":"scroll","background-type":"","background-media":"","overlay-type":"","overlay-color":"","overlay-opacity":"","overlay-gradient":""},"tablet":{"background-color":"var(--ast-global-color-5)","background-image":"","background-repeat":"repeat","background-position":"center center","background-size":"auto","background-attachment":"scroll","background-type":"","background-media":"","overlay-type":"","overlay-color":"","overlay-opacity":"","overlay-gradient":""},"mobile":{"background-color":"var(--ast-global-color-5)","background-image":"","background-repeat":"repeat","background-position":"center center","background-size":"auto","background-attachment":"scroll","background-type":"","background-media":"","overlay-type":"","overlay-color":"","overlay-opacity":"","overlay-gradient":""}},"footnotes":""},"categories":[8],"tags":[],"class_list":["post-1404","post","type-post","status-publish","format-standard","has-post-thumbnail","hentry","category-noticias"],"_links":{"self":[{"href":"https:\/\/losperiodistas.com.mx\/portal\/wp-json\/wp\/v2\/posts\/1404","targetHints":{"allow":["GET"]}}],"collection":[{"href":"https:\/\/losperiodistas.com.mx\/portal\/wp-json\/wp\/v2\/posts"}],"about":[{"href":"https:\/\/losperiodistas.com.mx\/portal\/wp-json\/wp\/v2\/types\/post"}],"author":[{"embeddable":true,"href":"https:\/\/losperiodistas.com.mx\/portal\/wp-json\/wp\/v2\/users\/1"}],"replies":[{"embeddable":true,"href":"https:\/\/losperiodistas.com.mx\/portal\/wp-json\/wp\/v2\/comments?post=1404"}],"version-history":[{"count":1,"href":"https:\/\/losperiodistas.com.mx\/portal\/wp-json\/wp\/v2\/posts\/1404\/revisions"}],"predecessor-version":[{"id":1406,"href":"https:\/\/losperiodistas.com.mx\/portal\/wp-json\/wp\/v2\/posts\/1404\/revisions\/1406"}],"wp:featuredmedia":[{"embeddable":true,"href":"https:\/\/losperiodistas.com.mx\/portal\/wp-json\/wp\/v2\/media\/1405"}],"wp:attachment":[{"href":"https:\/\/losperiodistas.com.mx\/portal\/wp-json\/wp\/v2\/media?parent=1404"}],"wp:term":[{"taxonomy":"category","embeddable":true,"href":"https:\/\/losperiodistas.com.mx\/portal\/wp-json\/wp\/v2\/categories?post=1404"},{"taxonomy":"post_tag","embeddable":true,"href":"https:\/\/losperiodistas.com.mx\/portal\/wp-json\/wp\/v2\/tags?post=1404"}],"curies":[{"name":"wp","href":"https:\/\/api.w.org\/{rel}","templated":true}]}}