{"id":140,"date":"2017-05-06T13:26:32","date_gmt":"2017-05-06T18:26:32","guid":{"rendered":"http:\/\/losperiodistas.com.mx\/portal\/?p=140"},"modified":"2017-05-06T13:28:07","modified_gmt":"2017-05-06T18:28:07","slug":"the-macallan-y-la-nina-de-velazquez","status":"publish","type":"post","link":"https:\/\/losperiodistas.com.mx\/portal\/the-macallan-y-la-nina-de-velazquez\/","title":{"rendered":"The Macallan y La Ni\u00f1a de Vel\u00e1zquez"},"content":{"rendered":"<p><iframe title=\"The Macallan y la Nin\u0303a de Vela\u0301zquez\" width=\"500\" height=\"281\" src=\"https:\/\/www.youtube.com\/embed\/dHvhoB62JdA?feature=oembed\" frameborder=\"0\" allow=\"accelerometer; autoplay; clipboard-write; encrypted-media; gyroscope; picture-in-picture; web-share\" referrerpolicy=\"strict-origin-when-cross-origin\" allowfullscreen><\/iframe><\/p>\n<p style=\"text-align: right;\">\u201cNo te quites el sayo, hasta el 40 de mayo\u201d<\/p>\n<p>Por Jes\u00fas Manuel Hern\u00e1ndez<\/p>\n<p>Madrid, Espa\u00f1a.- Dos importantes subastas acaparan las p\u00e1ginas de arte y estilo de los diarios espa\u00f1oles estos d\u00edas, una relacionada con la obra no conocida de Diego Vel\u00e1zquez, no clasificada, no autorizada, pero con un sello impecable. El Estado Espa\u00f1ol ha comunicado a los subastadores la categor\u00eda de \u201cinexportable\u201d del cuadro conocido como \u201cRetrato de una Ni\u00f1a\u201d, cuya partida en la subasta alcanz\u00f3 lo 8 millones de euros.<\/p>\n<p>En medio de las reservas del caso, el cuadro de Vel\u00e1zquez se present\u00f3 en puja bajo el aval de Richard de Willermin, un experto en estos temas, contratado por Abalarte, la casa especializada en subastas de piezas de arte pict\u00f3rico y escult\u00f3rico, el cuadro est\u00e1 precedido de misterio, los \u00faltimos cien a\u00f1os ha permanecido en posesi\u00f3n de la misma familia, pero los siglos anteriores, no se sabe nada de d\u00f3nde pudo estar.<\/p>\n<p>Al conocerse de su presencia en la lista de subastas del pasado viernes, el Ministerio de Educaci\u00f3n, Cultura y Deporte, emiti\u00f3 una Orden Ministerial, con los t\u00e9rminos \u201cexpresamente y como medida cautelar\u201d la obra es \u201cinexportable\u201d, debido a ser un bien de \u201cgran inter\u00e9s\u201d para el patrimonio cultural del pa\u00eds, dicho de otra forma, Retrato de una Ni\u00f1a no podr\u00e1 abandonar territorio espa\u00f1ol.<\/p>\n<p>El cuadro atribuido a Vel\u00e1zquez fue pintado en 1617, en \u00e9l se ve a una ni\u00f1a mirando al espectador con las manos en actitud de oraci\u00f3n, vestida con una saya marr\u00f3n, una blusa blanca de la cual sobresale el cuello adornado con un corbat\u00edn en forma de una cruz y detenido por un broche con una piedra preciosa enmarcada en un rombo y de donde pende un colgante con algo parecido a una perla, y un mant\u00f3n de color verde enrollado en la cintura y detenido por el brazo izquierdo. Los aretes, se ve mejor el de la oreja derecha, hacen juego con el broche, los labios, peque\u00f1os y rojos, la mirada seria, los ojos grandes, redondos, parecen reflejar la tristeza y la resignaci\u00f3n de sus pensamientos.<\/p>\n<p>Hace unos d\u00edas el Retrato de una Ni\u00f1a, de 57,5 x 44 cent\u00edmetros, alcanz\u00f3 la cifra de 9.3 millones de euros luego de escucharse la voz en la sala de subastas pronunciando la palabra: \u00a1Adjudicado!<\/p>\n<p>La identidad del comprador se desconoce, tiene hasta 10 d\u00edas para pagarlo, pero el Estado Espa\u00f1ol, al condicionar su adquisici\u00f3n tiene un poco m\u00e1s, hasta 18 meses para hacerse de \u00e9l.<\/p>\n<p>Zalaca\u00edn se hab\u00eda sorprendido de la oferta superior a los 9 millones de euros, pero sin duda obtener un bien as\u00ed constituye adem\u00e1s una inversi\u00f3n a largo plazo, un asunto bastante practicado en Europa sobre todo por las experiencias dejadas de las crisis econ\u00f3micas de las guerras. Y, al fin y al cabo, es un Vel\u00e1zquez, es una pieza \u00fanica.<\/p>\n<p>Otra subasta menos cuantiosa resulta interesante para los amantes del whisky con dinero suficiente para competir por una colecci\u00f3n de The Macallan, el escoc\u00e9s single malt con arraigo entre los espa\u00f1oles en la \u00faltima d\u00e9cada.<\/p>\n<p>Se trata de una producci\u00f3n especial culmen de un trabajo iniciado hace unos diez a\u00f1os entre la bodega escocesa y la f\u00e1brica de cristaler\u00eda fina Lalique para embotellar una serie de ediciones limitadas bajo el t\u00edtulo \u201cSeis Pilares\u201d. Los decantadores se denominan \u201cThe Legacy Collection\u201d, dentro llevan seis single malts de 50 y 65 a\u00f1os y han sido subastadas en Hong Kong por la casa Sotheby\u2019s.<\/p>\n<p>El comprador se ha llevado una caja de \u00e9bano con un Exceptional Oak Cask de 50 a\u00f1os, un Natural Colour, 55 a\u00f1os; una botella de Finest Cut de 57 a\u00f1os; un Curiously Small Stills de 60 a\u00f1os; un Spiritual Home, de 62 a\u00f1os; un Peerless Spirit de 65 a\u00f1os; y dos botellas de 5 centilitros de cada Fine &amp; Rare de los a\u00f1os 1937, 1938, 1939. Y por supuesto 12 vasos Macallan Lalique Dinast\u00eda.<\/p>\n<p>La producci\u00f3n de The Macallan Fine and Rare es la m\u00e1s exclusiva de la casa, se inici\u00f3 en 1926 y cada a\u00f1o se liberan muy pocas botellas, el single malt de esa clasificaci\u00f3n adquiere por s\u00ed solo precios muy elevados y lo pueden adquirir s\u00f3lo quienes se han inscrito para ser escogidos entre los compradores. Tan s\u00f3lo hace unos diez a\u00f1os un sudcoreano pag\u00f3 75 mil d\u00f3lares por una botella de 1926 cuya procedencia no era muy clara.<\/p>\n<p>La bodega escocesa tiene actualmente una sola botella de este emblem\u00e1tico a\u00f1o, 1926, se le considera una joya. No hace mucho la destiler\u00eda Macallan recibi\u00f3 una oferta de un mill\u00f3n de euros por ella, la respuesta fue negativa, \u201ceste whisky no tiene precio\u201d, dec\u00eda el texto enviado a los compradores. As\u00ed la cosecha 1926, embotellada de la barrica n\u00famero 263 con un malta de 60 a\u00f1os permanecer\u00e1 sin abrir.<\/p>\n<p>Quien adquiri\u00f3 esta \u00faltima colecci\u00f3n ha permanecido en el anonimato, pero la cantidad pagada no, 993 mil d\u00f3lares contantes y sonantes. Por suerte los beneficios de la subasta no son privados, las utilidades ser\u00e1n destinadas a cubrir necesidades de varios grupos sociales desprotegidos en alimentaci\u00f3n, empleo y salud.<\/p>\n<p>Zalaca\u00edn continu\u00f3 su paseo matutino en busca del programa para celebrar el cuarto centenario de la Plaza Mayor de Madrid, el espacio de mayor demanda tur\u00edstica y cultural, ese cuadrado de 129 metros de largo por 94 de ancho, desde sus 377 balcones se han observado corridas de toros, ejecuciones p\u00fablicas, actos p\u00fablicos civiles y religiosos, como autos de fe o la beatificaci\u00f3n de san Isidro Labrador como patr\u00f3n de la ciudad, carnavales, lectura de edictos, conciertos y hasta asados argentinos a principios de este a\u00f1o.<\/p>\n<p>En fin, mayo es el mes de las fiestas de Madrid, y Zalaca\u00edn continu\u00f3 su paseo pensando si se cumplir\u00e1 este a\u00f1o la sentencia \u201cno te quites el sayo, hasta el 40 de mayo\u201d.<\/p>\n<p>elrincondezalacain@gmail.com<\/p>\n","protected":false},"excerpt":{"rendered":"<p>\u201cNo te quites el sayo, hasta el 40 de mayo\u201d Por Jes\u00fas Manuel Hern\u00e1ndez Madrid, Espa\u00f1a.- Dos importantes subastas acaparan [&hellip;]<\/p>\n","protected":false},"author":6,"featured_media":49,"comment_status":"open","ping_status":"open","sticky":false,"template":"","format":"video","meta":{"site-sidebar-layout":"default","site-content-layout":"","ast-site-content-layout":"default","site-content-style":"default","site-sidebar-style":"default","ast-global-header-display":"","ast-banner-title-visibility":"","ast-main-header-display":"","ast-hfb-above-header-display":"","ast-hfb-below-header-display":"","ast-hfb-mobile-header-display":"","site-post-title":"","ast-breadcrumbs-content":"","ast-featured-img":"","footer-sml-layout":"","theme-transparent-header-meta":"","adv-header-id-meta":"","stick-header-meta":"","header-above-stick-meta":"","header-main-stick-meta":"","header-below-stick-meta":"","astra-migrate-meta-layouts":"default","ast-page-background-enabled":"default","ast-page-background-meta":{"desktop":{"background-color":"var(--ast-global-color-4)","background-image":"","background-repeat":"repeat","background-position":"center center","background-size":"auto","background-attachment":"scroll","background-type":"","background-media":"","overlay-type":"","overlay-color":"","overlay-opacity":"","overlay-gradient":""},"tablet":{"background-color":"","background-image":"","background-repeat":"repeat","background-position":"center center","background-size":"auto","background-attachment":"scroll","background-type":"","background-media":"","overlay-type":"","overlay-color":"","overlay-opacity":"","overlay-gradient":""},"mobile":{"background-color":"","background-image":"","background-repeat":"repeat","background-position":"center center","background-size":"auto","background-attachment":"scroll","background-type":"","background-media":"","overlay-type":"","overlay-color":"","overlay-opacity":"","overlay-gradient":""}},"ast-content-background-meta":{"desktop":{"background-color":"var(--ast-global-color-5)","background-image":"","background-repeat":"repeat","background-position":"center center","background-size":"auto","background-attachment":"scroll","background-type":"","background-media":"","overlay-type":"","overlay-color":"","overlay-opacity":"","overlay-gradient":""},"tablet":{"background-color":"var(--ast-global-color-5)","background-image":"","background-repeat":"repeat","background-position":"center center","background-size":"auto","background-attachment":"scroll","background-type":"","background-media":"","overlay-type":"","overlay-color":"","overlay-opacity":"","overlay-gradient":""},"mobile":{"background-color":"var(--ast-global-color-5)","background-image":"","background-repeat":"repeat","background-position":"center center","background-size":"auto","background-attachment":"scroll","background-type":"","background-media":"","overlay-type":"","overlay-color":"","overlay-opacity":"","overlay-gradient":""}},"footnotes":""},"categories":[4],"tags":[],"class_list":["post-140","post","type-post","status-publish","format-video","has-post-thumbnail","hentry","category-zalacain","post_format-post-format-video"],"_links":{"self":[{"href":"https:\/\/losperiodistas.com.mx\/portal\/wp-json\/wp\/v2\/posts\/140","targetHints":{"allow":["GET"]}}],"collection":[{"href":"https:\/\/losperiodistas.com.mx\/portal\/wp-json\/wp\/v2\/posts"}],"about":[{"href":"https:\/\/losperiodistas.com.mx\/portal\/wp-json\/wp\/v2\/types\/post"}],"author":[{"embeddable":true,"href":"https:\/\/losperiodistas.com.mx\/portal\/wp-json\/wp\/v2\/users\/6"}],"replies":[{"embeddable":true,"href":"https:\/\/losperiodistas.com.mx\/portal\/wp-json\/wp\/v2\/comments?post=140"}],"version-history":[{"count":1,"href":"https:\/\/losperiodistas.com.mx\/portal\/wp-json\/wp\/v2\/posts\/140\/revisions"}],"predecessor-version":[{"id":141,"href":"https:\/\/losperiodistas.com.mx\/portal\/wp-json\/wp\/v2\/posts\/140\/revisions\/141"}],"wp:featuredmedia":[{"embeddable":true,"href":"https:\/\/losperiodistas.com.mx\/portal\/wp-json\/wp\/v2\/media\/49"}],"wp:attachment":[{"href":"https:\/\/losperiodistas.com.mx\/portal\/wp-json\/wp\/v2\/media?parent=140"}],"wp:term":[{"taxonomy":"category","embeddable":true,"href":"https:\/\/losperiodistas.com.mx\/portal\/wp-json\/wp\/v2\/categories?post=140"},{"taxonomy":"post_tag","embeddable":true,"href":"https:\/\/losperiodistas.com.mx\/portal\/wp-json\/wp\/v2\/tags?post=140"}],"curies":[{"name":"wp","href":"https:\/\/api.w.org\/{rel}","templated":true}]}}