{"id":1397,"date":"2020-11-21T09:45:00","date_gmt":"2020-11-21T15:45:00","guid":{"rendered":"http:\/\/losperiodistas.com.mx\/portal\/?p=1397"},"modified":"2020-11-21T09:45:00","modified_gmt":"2020-11-21T15:45:00","slug":"muere-la-novelista-y-pionera-trans-jan-morris-a-los-94-anos","status":"publish","type":"post","link":"https:\/\/losperiodistas.com.mx\/portal\/muere-la-novelista-y-pionera-trans-jan-morris-a-los-94-anos\/","title":{"rendered":"Muere la novelista y pionera trans Jan Morris a los 94 a\u00f1os"},"content":{"rendered":"\n<p style=\"font-size:18px\"><em>Se hizo soldado en 1943 y mujer en 1972. Tambi\u00e9n escribi\u00f3 m\u00e1s de 30 novelas y coron\u00f3 el Everest junto a Hillary, dando la exclusiva en el &#8216;Times&#8217;<\/em><\/p>\n\n\n\n<p class=\"has-vivid-cyan-blue-color has-text-color has-medium-font-size\">EL MUNDO<\/p>\n\n\n\n<p>Coron\u00f3 tantos picos que hasta alcanz\u00f3 el m\u00e1s alto. La brit\u00e1nica&nbsp;<strong>Jan Morris<\/strong>, nacida James Morris, formaba parte del equipo que, en 1953, coron\u00f3 por primera vez el Everest, junto a&nbsp;<strong>Edmund Hillary<\/strong>, y lo cont\u00f3 en el&nbsp;<em>Times&nbsp;<\/em>gracias a un c\u00f3digo cifrado creado por ella misma. Realiz\u00f3 una reasignaci\u00f3n de g\u00e9nero en 1972 y falleci\u00f3 ayer con 94 a\u00f1os, seg\u00fan explic\u00f3 en un comunicado uno de sus cinco hijos.<\/p>\n\n\n\n<p>\u00abEsta ma\u00f1ana a las 11H40, la autora y viajera Jan Morris comenz\u00f3 su viaje m\u00e1s largo. Deja atr\u00e1s a su compa\u00f1era de toda la vida, Elizabeth\u00bb, dijo Thomas, citado por la BBC.<\/p>\n\n\n\n<p>Su madre&nbsp;<strong>fue soldado, periodista, novelista, historiadora y, desde luego, alpinista<\/strong>, adem\u00e1s de haber realizado un cambio de g\u00e9nero hace medio siglo. Toda su vida est\u00e1 llena de sucedidos de pel\u00edcula. Por ejemplo, la ma\u00f1ana en que se public\u00f3 su exclusiva, dos hombres hab\u00edan colocado la bandera brit\u00e1nica en el Everest, en&nbsp;<strong>Reino Unido<\/strong>&nbsp;se celebraba la coronaci\u00f3n de Isabel II.M\u00e1s en El Mundo<a href=\"https:\/\/www.elmundo.es\/loc\/famosos\/2020\/11\/18\/5fb4f06f21efa0f8238b4666.html?cid=BOOREC&amp;utm_source=taboola&amp;utm_medium=internal-referral\"><\/a><a href=\"https:\/\/www.elmundo.es\/loc\/famosos\/2020\/11\/18\/5fb4f06f21efa0f8238b4666.html?cid=BOOREC&amp;utm_source=taboola&amp;utm_medium=internal-referral\">As\u00ed es Alexander, el hijo de Alejandro Sanz que ha cumplido la mayor\u00eda de edadEl Mundo<\/a><a href=\"https:\/\/www.elmundo.es\/cultura\/literatura\/2020\/11\/19\/5fb56c17fdddff38868b45d8.html?cid=BOOREC&amp;utm_source=taboola&amp;utm_medium=internal-referral\"><\/a><a href=\"https:\/\/www.elmundo.es\/cultura\/literatura\/2020\/11\/19\/5fb56c17fdddff38868b45d8.html?cid=BOOREC&amp;utm_source=taboola&amp;utm_medium=internal-referral\">Exdirectores del Instituto Cervantes contra la Ley Cela\u00e1: \u00abEs una canallada, un genocidio ling\u00fc\u00edstico\u00bbEl Mundo<\/a><\/p>\n\n\n\n<p>Como novelista tambi\u00e9n lleg\u00f3 al \u00e9xito pues escribi\u00f3 m\u00e1s de 30 libros.&nbsp;<em>Pax Britannica<\/em>, una obra mastod\u00f3ntica sobre el Imperio Brit\u00e1nico, fue una de las m\u00e1s laureadas, al igual que sus semblanzas de ciudades, especialmente la de&nbsp;<strong>Venecia<\/strong>. Aunque posiblemente su mayor \u00e9xito fue efectuar la transici\u00f3n de g\u00e9nero en una \u00e9poca en que esto se podr\u00eda considerar tambi\u00e9n un logro. Comparti\u00f3 su vida siempre con&nbsp;<strong>Elizabeth<\/strong>, madre de sus hijos, de la que se divorci\u00f3 y volvi\u00f3 a casar tras cuando Reino Unido legaliz\u00f3 las uniones de personas del mismo genero. Toda su transici\u00f3n tambi\u00e9n la relat\u00f3 en su obra&nbsp;<em>Enigma<\/em>.<\/p>\n\n\n\n<p>En ella escribi\u00f3: \u00abNac\u00ed en el cuerpo equivocado y realmente deber\u00eda ser una chica\u00bb. Durante a\u00f1os Morris escribi\u00f3 para el diario brit\u00e1nico\u00a0<em>The Guardian<\/em>\u00a0seis meses al a\u00f1o, y el resto los pasaba escribiendo. Su \u00faltima publicaci\u00f3n, sus diarios, fue el pasado marzo.<\/p>\n\n\n\n<p>Fuente: https:\/\/www.elmundo.es\/cultura\/literatura\/2020\/11\/21\/5fb8f119fdddff849c8b462d.html<\/p>\n","protected":false},"excerpt":{"rendered":"<p>Se hizo soldado en 1943 y mujer en 1972. Tambi\u00e9n escribi\u00f3 m\u00e1s de 30 novelas y coron\u00f3 el Everest junto [&hellip;]<\/p>\n","protected":false},"author":1,"featured_media":1398,"comment_status":"open","ping_status":"open","sticky":false,"template":"","format":"standard","meta":{"site-sidebar-layout":"default","site-content-layout":"","ast-site-content-layout":"default","site-content-style":"default","site-sidebar-style":"default","ast-global-header-display":"","ast-banner-title-visibility":"","ast-main-header-display":"","ast-hfb-above-header-display":"","ast-hfb-below-header-display":"","ast-hfb-mobile-header-display":"","site-post-title":"","ast-breadcrumbs-content":"","ast-featured-img":"","footer-sml-layout":"","theme-transparent-header-meta":"","adv-header-id-meta":"","stick-header-meta":"","header-above-stick-meta":"","header-main-stick-meta":"","header-below-stick-meta":"","astra-migrate-meta-layouts":"default","ast-page-background-enabled":"default","ast-page-background-meta":{"desktop":{"background-color":"var(--ast-global-color-4)","background-image":"","background-repeat":"repeat","background-position":"center center","background-size":"auto","background-attachment":"scroll","background-type":"","background-media":"","overlay-type":"","overlay-color":"","overlay-opacity":"","overlay-gradient":""},"tablet":{"background-color":"","background-image":"","background-repeat":"repeat","background-position":"center center","background-size":"auto","background-attachment":"scroll","background-type":"","background-media":"","overlay-type":"","overlay-color":"","overlay-opacity":"","overlay-gradient":""},"mobile":{"background-color":"","background-image":"","background-repeat":"repeat","background-position":"center center","background-size":"auto","background-attachment":"scroll","background-type":"","background-media":"","overlay-type":"","overlay-color":"","overlay-opacity":"","overlay-gradient":""}},"ast-content-background-meta":{"desktop":{"background-color":"var(--ast-global-color-5)","background-image":"","background-repeat":"repeat","background-position":"center center","background-size":"auto","background-attachment":"scroll","background-type":"","background-media":"","overlay-type":"","overlay-color":"","overlay-opacity":"","overlay-gradient":""},"tablet":{"background-color":"var(--ast-global-color-5)","background-image":"","background-repeat":"repeat","background-position":"center center","background-size":"auto","background-attachment":"scroll","background-type":"","background-media":"","overlay-type":"","overlay-color":"","overlay-opacity":"","overlay-gradient":""},"mobile":{"background-color":"var(--ast-global-color-5)","background-image":"","background-repeat":"repeat","background-position":"center center","background-size":"auto","background-attachment":"scroll","background-type":"","background-media":"","overlay-type":"","overlay-color":"","overlay-opacity":"","overlay-gradient":""}},"footnotes":""},"categories":[8],"tags":[],"class_list":["post-1397","post","type-post","status-publish","format-standard","has-post-thumbnail","hentry","category-noticias"],"_links":{"self":[{"href":"https:\/\/losperiodistas.com.mx\/portal\/wp-json\/wp\/v2\/posts\/1397","targetHints":{"allow":["GET"]}}],"collection":[{"href":"https:\/\/losperiodistas.com.mx\/portal\/wp-json\/wp\/v2\/posts"}],"about":[{"href":"https:\/\/losperiodistas.com.mx\/portal\/wp-json\/wp\/v2\/types\/post"}],"author":[{"embeddable":true,"href":"https:\/\/losperiodistas.com.mx\/portal\/wp-json\/wp\/v2\/users\/1"}],"replies":[{"embeddable":true,"href":"https:\/\/losperiodistas.com.mx\/portal\/wp-json\/wp\/v2\/comments?post=1397"}],"version-history":[{"count":1,"href":"https:\/\/losperiodistas.com.mx\/portal\/wp-json\/wp\/v2\/posts\/1397\/revisions"}],"predecessor-version":[{"id":1399,"href":"https:\/\/losperiodistas.com.mx\/portal\/wp-json\/wp\/v2\/posts\/1397\/revisions\/1399"}],"wp:featuredmedia":[{"embeddable":true,"href":"https:\/\/losperiodistas.com.mx\/portal\/wp-json\/wp\/v2\/media\/1398"}],"wp:attachment":[{"href":"https:\/\/losperiodistas.com.mx\/portal\/wp-json\/wp\/v2\/media?parent=1397"}],"wp:term":[{"taxonomy":"category","embeddable":true,"href":"https:\/\/losperiodistas.com.mx\/portal\/wp-json\/wp\/v2\/categories?post=1397"},{"taxonomy":"post_tag","embeddable":true,"href":"https:\/\/losperiodistas.com.mx\/portal\/wp-json\/wp\/v2\/tags?post=1397"}],"curies":[{"name":"wp","href":"https:\/\/api.w.org\/{rel}","templated":true}]}}