{"id":1391,"date":"2020-11-21T09:20:42","date_gmt":"2020-11-21T15:20:42","guid":{"rendered":"http:\/\/losperiodistas.com.mx\/portal\/?p=1391"},"modified":"2020-11-21T09:20:42","modified_gmt":"2020-11-21T15:20:42","slug":"mexico-se-comprometio-a-arrestar-a-capo-narco-a-cambio-de-regreso-exjefe-defensa-fuente","status":"publish","type":"post","link":"https:\/\/losperiodistas.com.mx\/portal\/mexico-se-comprometio-a-arrestar-a-capo-narco-a-cambio-de-regreso-exjefe-defensa-fuente\/","title":{"rendered":"M\u00e9xico se comprometi\u00f3 a arrestar a capo narco a cambio de regreso exjefe Defensa: fuente"},"content":{"rendered":"\n<p class=\"has-vivid-cyan-blue-color has-text-color has-medium-font-size\">Diego Or\u00e9,\u00a0Frank Jack Daniel,\u00a0Mark Hosenball\/ REUTERS<\/p>\n\n\n\n<p>CIUDAD DE M\u00c9XICO\/WASHINGTON, 20 nov (Reuters) &#8211; M\u00e9xico se ha comprometido a arrestar a un l\u00edder de un poderoso c\u00e1rtel del narcotr\u00e1fico en virtud de un acuerdo con el fiscal general de Estados Unidos, William Barr, para retirar los cargos de tr\u00e1fico de drogas contra un exsecretario de Defensa mexicano, dijo a Reuters una fuente de alto nivel del gobierno mexicano.<\/p>\n\n\n\n<p>Estados Unidos abandon\u00f3 el caso contra el general retirado Salvador Cienfuegos esta semana citando consideraciones de pol\u00edtica exterior \u201csensibles e importantes\u201d que superaron el inter\u00e9s en perseguir los cargos.<\/p>\n\n\n\n<p>\u201cM\u00e9xico se comprometi\u00f3 a colaborar con Estados Unidos en la captura de un objetivo primordial\u201d, dijo la fuente, quien solicit\u00f3 el anonimato por no estar autorizada a declarar sobre el tema, antes de agregar que el delincuente ha traficado grandes cantidades de fentanilo a Estados Unidos.<\/p>\n\n\n\n<p>Daniel Mill\u00e1n, portavoz del canciller mexicano, Marcelo Ebrard, dijo a Reuters que \u201clo que acordamos fue mantener un frente unido contra el crimen y la cooperaci\u00f3n que respete la soberan\u00eda de cada pa\u00eds\u201d. Agreg\u00f3 que no ten\u00eda informaci\u00f3n de un acuerdo sobre una captura de alto nivel.<\/p>\n\n\n\n<p>Un portavoz del Departamento de Justicia de Estados Unidos se neg\u00f3 a comentar y remiti\u00f3 a Reuters a declaraciones anteriores que dec\u00edan que el caso contra Cienfuegos fue desestimado en una se\u00f1al de confianza en la justicia mexicana y debido a consideraciones diplom\u00e1ticas.<\/p>\n\n\n\n<p>El gobierno mexicano no ha aclarado c\u00f3mo surgi\u00f3 el plan para traer de vuelta a Cienfuegos a M\u00e9xico, ni cu\u00e1ndo solicit\u00f3 su regreso.<\/p>\n\n\n\n<p>La fuente, junto con otro funcionario de alto nivel del gobierno del presidente Andr\u00e9s Manuel L\u00f3pez Obrador, dijeron que Barr propuso primero retirar los cargos contra Cienfuegos en una llamada con Ebrard a principios de noviembre.<\/p>\n\n\n\n<p>Reuters inform\u00f3 a principios de este mes que Barr habl\u00f3 con Ebrard para tratar de reducir las tensiones por el arresto. Ebrard confirm\u00f3 esta semana dos llamadas con Barr, una en octubre y otra el 6 de noviembre.<\/p>\n\n\n\n<p>\u201cLas propuestas (&#8230;) son del fiscal general Barr (durante una llamada de noviembre\u201d, sostuvo la primera fuente.<\/p>\n\n\n\n<p>Mill\u00e1n dijo que M\u00e9xico solicit\u00f3 que se retiren los cargos en Estados Unidos contra Cienfuegos, pero no pudo confirmar cu\u00e1ndo o si la solicitud ocurri\u00f3 antes de la llamada del 6 de noviembre. Un portavoz del Departamento de Justicia no pudo comentar sobre las conversaciones.<\/p>\n\n\n\n<p>Uno de los funcionarios, junto con otra fuente del Gobierno, aseguraron que la administraci\u00f3n de L\u00f3pez Obrador pudo haber planteado trasladar la investigaci\u00f3n de Cienfuegos a M\u00e9xico antes de que Barr lo sugiriera en la llamada. No qued\u00f3 claro de inmediato a trav\u00e9s de qu\u00e9 canales se habr\u00eda hecho la solicitud.<\/p>\n\n\n\n<p>Otras tres fuentes gubernamentales mexicanas dijeron que M\u00e9xico solicit\u00f3 que Cienfuegos fuera devuelto para enfrentar la justicia en su pa\u00eds. No especificaron cu\u00e1ndo se hizo la solicitud.<\/p>\n\n\n\n<p>Estados Unidos llev\u00f3 a Cienfuegos de regreso a M\u00e9xico el mi\u00e9rcoles, luego de que una jueza de distrito retirara los cargos en su contra a pedido de Barr. Seg\u00fan el acuerdo, ahora ser\u00e1 investigado en M\u00e9xico.<\/p>\n\n\n\n<p>La decisi\u00f3n de liberar al exfuncionario de Defensa mexicano de mayor rango jam\u00e1s acusado en Estados Unidos de colusi\u00f3n con un c\u00e1rtel provoc\u00f3 conmoci\u00f3n en la comunidad policial estadounidense y provoc\u00f3 la ira de los exagentes de la Administraci\u00f3n de Control de Drogas (DEA).<\/p>\n\n\n\n<p>El arresto de Cienfuegos en el Aeropuerto Internacional de Los \u00c1ngeles en octubre fue el resultado de una investigaci\u00f3n de varios a\u00f1os que utiliz\u00f3 escuchas telef\u00f3nicas para rastrear a una figura militar apodada \u201cEl Padrino\u201d por traficantes de una facci\u00f3n del c\u00e1rtel de los hermanos Beltr\u00e1n-Leyva.<\/p>\n\n\n\n<p>Los investigadores concluyeron que \u201cEl Padrino\u201d era Cienfuegos y que hab\u00eda ayudado al c\u00e1rtel a mover toneladas de narc\u00f3ticos. El militar se ha declarado inocente de los cargos.<\/p>\n\n\n\n<p>El gobierno mexicano, enojado por no haber sido advertido sobre la investigaci\u00f3n, elogi\u00f3 el regreso de Cienfuegos como un logro diplom\u00e1tico y una victoria para la soberan\u00eda de la naci\u00f3n.<\/p>\n\n\n\n<p>Ebrard y L\u00f3pez Obrador han negado especulaciones de que la decisi\u00f3n de regresarlo estuviera vinculada a la negativa del mandatario de reconocer hasta ahora a Joe Biden como ganador de las elecciones presidenciales de Estados Unidos, una medida que L\u00f3pez Obrador ha dicho era \u201cpol\u00edticamente prudente\u201d.<\/p>\n\n\n\n<p>Ni la oficina de L\u00f3pez Obrador ni la DEA respondieron a una solicitud de comentarios de inmediato.<\/p>\n\n\n\n<p>\u201cINTER\u00c9S M\u00c1S AMPLIO\u201d<\/p>\n\n\n\n<p>El a\u00f1o pasado, tras la condena en Estados Unidos de Joaqu\u00edn \u201cEl Chapo\u201d Guzm\u00e1n, el l\u00edder m\u00e1s conocido del C\u00e1rtel de Sinaloa, la atenci\u00f3n se ha volcado hacia su rival C\u00e1rtel Jalisco Nueva Generaci\u00f3n (CJNG) encabezado por Nemesio \u201cEl Mencho\u201d Oseguera, por el que la DEA ofrece 10 millones de d\u00f3lares de recompensa.<\/p>\n\n\n\n<p>El C\u00e1rtel de Sinaloa es dirigido por Ismael \u201cEl Mayo\u201d Zambada y los hijos de Guzm\u00e1n vienen tomando un papel cada vez m\u00e1s preponderante.<\/p>\n\n\n\n<p>La DEA ha se\u00f1alado a ambos c\u00e1rteles como dos de los principales responsables del tr\u00e1fico de fentanilo a Estados Unidos.<\/p>\n\n\n\n<p>El fentanilo es un poderoso opioide sint\u00e9tico que a menudo se mezcla en el mercado negro con hero\u00edna o analg\u00e9sicos farmac\u00e9uticos de dudosa procedencia. Es la principal causa de muertes por sobredosis en Estados Unidos.<\/p>\n\n\n\n<p>No estaba claro por qu\u00e9 Barr optar\u00eda por renunciar a un caso tan importante. M\u00e9xico ha trabajado anteriormente en estrecha colaboraci\u00f3n con Estados Unidos para perseguir a los principales capos de la droga, aunque con L\u00f3pez Obrador la estrategia de seguridad se ha enfocado en reducir las tasas de homicidios.<\/p>\n\n\n\n<p>Un funcionario mexicano dijo que no se pod\u00eda considerar que la captura de un capo fuera un requisito vinculante dado que tales capturas dependen m\u00e1s de la buena voluntad del Gobierno, incluida la suerte y el trabajo de inteligencia a largo plazo.<\/p>\n\n\n\n<p>Sin embargo, la DEA ha dicho durante mucho tiempo que M\u00e9xico podr\u00eda hacer m\u00e1s para atrapar a los capos del narcotr\u00e1fico.<\/p>\n\n\n\n<p>Si bien la administraci\u00f3n del presidente saliente Donald Trump prometi\u00f3 debilitar a los c\u00e1rteles mexicanos, hubo pocos arrestos de alto perfil en los \u00faltimos cuatro a\u00f1os antes de la captura de Cienfuegos.<\/p>\n\n\n\n<p>Reporte de Diego Or\u00e9, Frank Jack Daniel y Dave Graham en Ciudad de M\u00e9xico y Mark Hosenball en Washington. Editado por Adriana Barrera<\/p>\n\n\n\n<p>Fuente: https:\/\/lta.reuters.com\/article\/diplomacia-mexico-eeuu-idLTAKBN281015<\/p>\n","protected":false},"excerpt":{"rendered":"<p>Diego Or\u00e9,\u00a0Frank Jack Daniel,\u00a0Mark Hosenball\/ REUTERS CIUDAD DE M\u00c9XICO\/WASHINGTON, 20 nov (Reuters) &#8211; M\u00e9xico se ha comprometido a arrestar a [&hellip;]<\/p>\n","protected":false},"author":1,"featured_media":1392,"comment_status":"open","ping_status":"open","sticky":false,"template":"","format":"standard","meta":{"site-sidebar-layout":"default","site-content-layout":"","ast-site-content-layout":"default","site-content-style":"default","site-sidebar-style":"default","ast-global-header-display":"","ast-banner-title-visibility":"","ast-main-header-display":"","ast-hfb-above-header-display":"","ast-hfb-below-header-display":"","ast-hfb-mobile-header-display":"","site-post-title":"","ast-breadcrumbs-content":"","ast-featured-img":"","footer-sml-layout":"","theme-transparent-header-meta":"","adv-header-id-meta":"","stick-header-meta":"","header-above-stick-meta":"","header-main-stick-meta":"","header-below-stick-meta":"","astra-migrate-meta-layouts":"default","ast-page-background-enabled":"default","ast-page-background-meta":{"desktop":{"background-color":"var(--ast-global-color-4)","background-image":"","background-repeat":"repeat","background-position":"center center","background-size":"auto","background-attachment":"scroll","background-type":"","background-media":"","overlay-type":"","overlay-color":"","overlay-opacity":"","overlay-gradient":""},"tablet":{"background-color":"","background-image":"","background-repeat":"repeat","background-position":"center center","background-size":"auto","background-attachment":"scroll","background-type":"","background-media":"","overlay-type":"","overlay-color":"","overlay-opacity":"","overlay-gradient":""},"mobile":{"background-color":"","background-image":"","background-repeat":"repeat","background-position":"center center","background-size":"auto","background-attachment":"scroll","background-type":"","background-media":"","overlay-type":"","overlay-color":"","overlay-opacity":"","overlay-gradient":""}},"ast-content-background-meta":{"desktop":{"background-color":"var(--ast-global-color-5)","background-image":"","background-repeat":"repeat","background-position":"center center","background-size":"auto","background-attachment":"scroll","background-type":"","background-media":"","overlay-type":"","overlay-color":"","overlay-opacity":"","overlay-gradient":""},"tablet":{"background-color":"var(--ast-global-color-5)","background-image":"","background-repeat":"repeat","background-position":"center center","background-size":"auto","background-attachment":"scroll","background-type":"","background-media":"","overlay-type":"","overlay-color":"","overlay-opacity":"","overlay-gradient":""},"mobile":{"background-color":"var(--ast-global-color-5)","background-image":"","background-repeat":"repeat","background-position":"center center","background-size":"auto","background-attachment":"scroll","background-type":"","background-media":"","overlay-type":"","overlay-color":"","overlay-opacity":"","overlay-gradient":""}},"footnotes":""},"categories":[8],"tags":[],"class_list":["post-1391","post","type-post","status-publish","format-standard","has-post-thumbnail","hentry","category-noticias"],"_links":{"self":[{"href":"https:\/\/losperiodistas.com.mx\/portal\/wp-json\/wp\/v2\/posts\/1391","targetHints":{"allow":["GET"]}}],"collection":[{"href":"https:\/\/losperiodistas.com.mx\/portal\/wp-json\/wp\/v2\/posts"}],"about":[{"href":"https:\/\/losperiodistas.com.mx\/portal\/wp-json\/wp\/v2\/types\/post"}],"author":[{"embeddable":true,"href":"https:\/\/losperiodistas.com.mx\/portal\/wp-json\/wp\/v2\/users\/1"}],"replies":[{"embeddable":true,"href":"https:\/\/losperiodistas.com.mx\/portal\/wp-json\/wp\/v2\/comments?post=1391"}],"version-history":[{"count":1,"href":"https:\/\/losperiodistas.com.mx\/portal\/wp-json\/wp\/v2\/posts\/1391\/revisions"}],"predecessor-version":[{"id":1393,"href":"https:\/\/losperiodistas.com.mx\/portal\/wp-json\/wp\/v2\/posts\/1391\/revisions\/1393"}],"wp:featuredmedia":[{"embeddable":true,"href":"https:\/\/losperiodistas.com.mx\/portal\/wp-json\/wp\/v2\/media\/1392"}],"wp:attachment":[{"href":"https:\/\/losperiodistas.com.mx\/portal\/wp-json\/wp\/v2\/media?parent=1391"}],"wp:term":[{"taxonomy":"category","embeddable":true,"href":"https:\/\/losperiodistas.com.mx\/portal\/wp-json\/wp\/v2\/categories?post=1391"},{"taxonomy":"post_tag","embeddable":true,"href":"https:\/\/losperiodistas.com.mx\/portal\/wp-json\/wp\/v2\/tags?post=1391"}],"curies":[{"name":"wp","href":"https:\/\/api.w.org\/{rel}","templated":true}]}}