{"id":1385,"date":"2020-11-21T09:13:49","date_gmt":"2020-11-21T15:13:49","guid":{"rendered":"http:\/\/losperiodistas.com.mx\/portal\/?p=1385"},"modified":"2020-11-21T09:13:49","modified_gmt":"2020-11-21T15:13:49","slug":"la-misteriosa-pieza-de-ceramica-mexicana-que-revela-un-sentido-oculto-de-las-meninas-una-de-las-obras-maestras-del-arte-universal","status":"publish","type":"post","link":"https:\/\/losperiodistas.com.mx\/portal\/la-misteriosa-pieza-de-ceramica-mexicana-que-revela-un-sentido-oculto-de-las-meninas-una-de-las-obras-maestras-del-arte-universal\/","title":{"rendered":"La misteriosa pieza de cer\u00e1mica mexicana que revela un sentido oculto de \u00abLas Meninas\u00bb, una de las obras maestras del arte universal"},"content":{"rendered":"\n<p style=\"font-size:18px\"><em>Un peque\u00f1o b\u00facaro, jarro, de arcilla de Guadalajara, Jalisco, es comentado por Byron Ellsworth Hamann <\/em><\/p>\n\n\n\n<p class=\"has-vivid-cyan-blue-color has-text-color has-medium-font-size\">KELLY GROVIER\/ BBC CULTURE<\/p>\n\n\n\n<p><strong>A veces, un jarro es solo un jarro. Otras, es la puerta a una nueva forma de percepci\u00f3n.<\/strong><\/p>\n\n\n\n<p>En la obra maestra \u00abLas Meninas\u00bb, un juego de sombras y espejos que nunca ha dejado de intrigar, un peque\u00f1o y hasta ahora bastante desapercibido jarro de barro en el centro del lienzo transforma la obra, una instant\u00e1nea de la vida palaciega, en un tratado sobre la ilusoria y trascendental naturaleza de la existencia.<\/p>\n\n\n\n<p>Sin este objeto de arcilla se marchita el misterio de la obra, que ha atrapado la atenci\u00f3n de los observadores por m\u00e1s de tres siglos y medio, desde que el pincel de Vel\u00e1zquez la alumbr\u00f3 en 1656.<\/p>\n\n\n\n<p>Para apreciar plenamente c\u00f3mo\u00a0<strong>una pieza popular de cer\u00e1mica de Am\u00e9rica Latina<\/strong>\u00a0se convierte en un lente para captar de nuevo el mundo, debemos recordar el contexto cultural en el que surgi\u00f3 el cuadro y qu\u00e9 se propon\u00eda retratar.<\/p>\n\n\n\n<h2 class=\"wp-block-heading\" id=\"Personajes\">Personajes<\/h2>\n\n\n\n<p>La obra muestra un autorretrato del artista a los 57 a\u00f1os, cuatro a\u00f1os antes de su muerte en 1660 y despu\u00e9s de haber pasado las \u00faltimas tres d\u00e9cadas como pintor de c\u00e1mara del rey Felipe IV de Espa\u00f1a.<\/p>\n\n\n\n<figure class=\"wp-block-image\"><img decoding=\"async\" src=\"https:\/\/ichef.bbci.co.uk\/news\/640\/cpsprodpb\/EAA7\/production\/_115217006_autorretratogetty.jpg\" alt=\"Autorretrato de Diego Rodr\u00edguez de Silva y Vel\u00e1zquez\"\/><figcaption>Pie de foto,Vel\u00e1zquez es uno de los grandes maestros de la pintura espa\u00f1ola.<\/figcaption><\/figure>\n\n\n\n<p>Paleta en mano en el lado izquierdo de la escena, la \u00abselfie\u00bb a tama\u00f1o natural de Vel\u00e1zquez nos mira como si fu\u00e9ramos el mismo objeto que est\u00e1 tratando de capturar en el enorme lienzo que tiene ante \u00e9l.<\/p>\n\n\n\n<p><strong>Es un cuadro sobre un cuadro en&nbsp;<\/strong><strong>la&nbsp;<\/strong><strong>superficie imaginaria&nbsp;<\/strong><strong>de un lienzo&nbsp;<\/strong><strong>que no podemos ver<\/strong>.<\/p>\n\n\n\n<p>En el centro de la pintura, a la izquierda de Vel\u00e1zquez, vemos a la infanta Margarita, hija del rey Felipe IV y Mariana de Austria, flanqueada por un par de damas de servicio.<\/p>\n\n\n\n<p>El resto de estancia tenuemente iluminada del Palacio Real de Madrid se enciende con un grupo variopinto de cortesanos.<\/p>\n\n\n\n<h2 class=\"wp-block-heading\" id=\"Puertas-de-la-percepci\u00f3n\">Puertas de la percepci\u00f3n<\/h2>\n\n\n\n<p>A trav\u00e9s de una puerta abierta al fondo de la escena, una silueta brumosa, el chambel\u00e1n de la reina, se dispone a abandonar la pintura, pero no sin antes detenerse a mirarnos, como ansioso de que pudi\u00e9ramos seguirlo hacia lo desconocido.<\/p>\n\n\n\n<figure class=\"wp-block-image\"><img decoding=\"async\" src=\"https:\/\/ichef.bbci.co.uk\/news\/640\/cpsprodpb\/3BA7\/production\/_115217251_reyes.jpg\" alt=\"Detalle de &quot;Las meninas&quot;\"\/><figcaption>Pie de foto,Los reyes Felipe IV y Mariana de Austria aparecen en el espejo del fondo, pero no sabemos si Vel\u00e1zquez los est\u00e1 pintando o si son un reflejo de un lienzo que ya pint\u00f3.<\/figcaption><\/figure>\n\n\n\n<p>A la izquierda de la puerta, un espejo refleja los rostros espectrales del rey y la reina, cuya ubicaci\u00f3n en el mundo de la obra se desconoce.&nbsp;<strong>Los monarcas e<\/strong><strong>st\u00e1n all\u00ed, pero no est\u00e1n all\u00ed<\/strong>.<\/p>\n\n\n\n<p>Estos aspectos de la obra \u2014la puerta abierta y los rostros reales en el espejo fantasmag\u00f3rico\u2014 han llevado a muchos observadores a sospechar que en el cuadro hay mucho m\u00e1s en acci\u00f3n de lo que el ojo alcanza a ver.<\/p>\n\n\n\n<p>La presencia \u00abausente\u00bb del rey y la reina, que aparecen en el cuadro pero no en la escena, obliga a concluir que es una obra filos\u00f3fica sobre la sustancia de la&nbsp;<em>sustancia<\/em>&nbsp;y la proximidad del aqu\u00ed y ahora, tanto como una imagen congelada de una escena de la animada vida palaciega.<\/p>\n\n\n\n<p>El acertijo de su reflejo asegura que no seamos espectadores pasivos, sino que busquemos activamente comprender en qu\u00e9 parte del mundo se encuentran.<\/p>\n\n\n\n<ul class=\"wp-block-list\"><li><a href=\"https:\/\/www.bbc.com\/mundo\/noticias-50355098\">5 enigmas que rodean a \u00abLas meninas\u00bb, el cuadro m\u00e1s ic\u00f3nico del Museo del Prado de Madrid<\/a><\/li><\/ul>\n\n\n\n<p>\u00bfLos coloca el espejo donde estamos nosotros, como sujetos de un retrato que Vel\u00e1zquez est\u00e1 pintando?<\/p>\n\n\n\n<p>\u00bfO el espejo est\u00e1 mostrando lo que ya est\u00e1 en ese gran lienzo, del que solo vemos el reverso? Esta segunda opci\u00f3n har\u00eda que la imagen en el espejo sea un reflejo imaginario de la superficie de un cuadro imaginario que retrata personajes cuyos paraderos solo podemos imaginar.<\/p>\n\n\n\n<h2 class=\"wp-block-heading\" id=\"Un-punto-de-fuga-que-se-desvanece\">Un punto de fuga que se desvanece<\/h2>\n\n\n\n<p>\u00abLas Meninas\u00bb juega con nuestra mente y nuestra retina.<\/p>\n\n\n\n<p>Por un lado, las l\u00edneas de perspectiva del lienzo convergen y arrastran nuestra mirada hacia un punto de fuga, que es la puerta.<\/p>\n\n\n\n<p>Pero por otro, el espejo empuja nuestra atenci\u00f3n hacia la parte posterior de la pintura, para evaluar la posible posici\u00f3n de los espectros reales.<\/p>\n\n\n\n<p><strong>Se nos arrastra constantemente hacia dentro y hacia fuera de la obra<\/strong>, mientras que la habitaci\u00f3n que Vel\u00e1zquez dibuja se convierte en una extra\u00f1a dimensi\u00f3n el\u00e1stica que es a la vez transitoria y eterna, un reino tangible, pero tambi\u00e9n brumoso e imaginario.<\/p>\n\n\n\n<p>Las im\u00e1genes de Vel\u00e1zquez tienen un efecto casi psicotr\u00f3pico en nosotros. Propician un estado casi de trance al que la pintura ha llevado al p\u00fablico generaci\u00f3n tras generaci\u00f3n.<\/p>\n\n\n\n<p>Quiz\u00e1 estemos describiendo una alucinaci\u00f3n o una visi\u00f3n m\u00edstica antes que una pintura.<\/p>\n\n\n\n<h2 class=\"wp-block-heading\" id=\"El-jarro\">El jarro<\/h2>\n\n\n\n<p>F\u00e1cil de ignorar en el cruce de perspectivas \u00f3pticas, filos\u00f3ficas y psicol\u00f3gicas que se entreveran en el cuadro, hay un objeto que quiz\u00e1 ofrezca una pista material del efecto pretendido por la alucin\u00f3gena obra maestra de Vel\u00e1zquez sobre nuestra conciencia:&nbsp;<strong>un vibrante punto rojo<\/strong>&nbsp;en la forma de un peque\u00f1o jarro.<\/p>\n\n\n\n<figure class=\"wp-block-image\"><img decoding=\"async\" src=\"https:\/\/ichef.bbci.co.uk\/news\/640\/cpsprodpb\/042F\/production\/_115217010_jarro.jpg\" alt=\"Infanta Margarita y una sirviente en el cuadro &quot;Las Meninas&quot;.\"\/><figcaption>Pie de foto,El peque\u00f1o jarro rojo puede pasar desapercibido, pero tiene un significado revelador.<\/figcaption><\/figure>\n\n\n\n<p>Este modesto jarro, que una sirviente suplicante le ofrece a la joven infanta (y a nosotros) en una bandeja de plata, deber\u00eda haber sido reconocido por los contempor\u00e1neos como la materializaci\u00f3n de las propiedades que alteran el cuerpo y la mente.<\/p>\n\n\n\n<p>Conocida como b\u00facaro, esa simple pieza de barro era uno de los objetos de artesan\u00eda m\u00e1s codiciados entre los que los exploradores espa\u00f1oles del Nuevo Mundo llevaban de vuelta al viejo en los siglos XVI y XVII.<\/p>\n\n\n\n<p>Seg\u00fan el historiador del arte Byron Ellsworth Hamann, que ha estudiado minuciosamente el origen de muchos de los objetos que aparecen en los cuadros de Vel\u00e1zquez, incluida la bandeja de plata de \u00abLas Meninas\u00bb,&nbsp;<strong>el brillo caracter\u00edstico del&nbsp;<\/strong><strong>jarro&nbsp;<\/strong><strong>y el tono rojizo lo distinguen como un producto de Guadalajara, M\u00e9xico<\/strong>.<\/p>\n\n\n\n<p>Una mezcla secreta de especias locales horneadas en la arcilla cuando se fabric\u00f3 el florero aseguraban que cualquier l\u00edquido que contuviera estuviera delicadamente perfumado.<\/p>\n\n\n\n<p>Pero se sab\u00eda que el b\u00facaro cumpl\u00eda otra funci\u00f3n m\u00e1s sorprendente.<\/p>\n\n\n\n<h2 class=\"wp-block-heading\" id=\"Alucinaciones\">Alucinaciones<\/h2>\n\n\n\n<p>En los c\u00edrculos aristocr\u00e1ticos espa\u00f1oles del siglo XVII se convirti\u00f3 en una especie de moda que las ni\u00f1as y mujeres j\u00f3venes mordisquearan los bordes de estos jarros de arcilla porosa y lentamente los devoraran por completo.<\/p>\n\n\n\n<figure class=\"wp-block-image\"><img decoding=\"async\" src=\"https:\/\/ichef.bbci.co.uk\/news\/640\/cpsprodpb\/A06F\/production\/_115217014_museo.jpg\" alt=\"Visitantes mirando &quot;Las Meninas&quot; en el Museo del Prado.\"\/><figcaption>Pie de foto,\u00bbLas Meninas\u00bb causa fascinaci\u00f3n desde hace m\u00e1s de 300 a\u00f1os.<\/figcaption><\/figure>\n\n\n\n<p>Una consecuencia qu\u00edmica de consumir la arcilla extranjera era un&nbsp;<strong>dram\u00e1tico aclaramiento de la piel<\/strong>&nbsp;hasta adquirir un tono casi fantasmal, lo que en aquella \u00e9poca era una aspiraci\u00f3n est\u00e9tica y una demostraci\u00f3n de riqueza y de que el sustento de uno no depend\u00eda de un trabajo realizado bajo el sol que oscurec\u00eda la piel.<\/p>\n\n\n\n<p>Por extra\u00f1o que parezca, consumir arcilla de b\u00facaro era menos peligroso que algunas alternativas contempor\u00e1neas, como untarse la cara con una pasta veneciana hecha de plomo, vinagre y agua, que resultaba en envenenamiento de la sangre, p\u00e9rdida de cabello y muerte.<\/p>\n\n\n\n<p>Pero la ingesti\u00f3n de arcilla de b\u00facaro tambi\u00e9n causaba la reducci\u00f3n peligrosa de gl\u00f3bulos rojos, par\u00e1lisis de los m\u00fasculos y la destrucci\u00f3n del h\u00edgado.<\/p>\n\n\n\n<p><strong>Tambi\u00e9n provocaba alucinaciones.&nbsp;<\/strong>Seg\u00fan la autobiograf\u00eda de una pintora y m\u00edstica contempor\u00e1nea, Estefan\u00eda de la Encarnaci\u00f3n, publicada en Madrid en 1631, la adicci\u00f3n a morder b\u00facaros resultaba en una mayor conciencia espiritual.<\/p>\n\n\n\n<p>La mujer dice que le tom\u00f3 \u00abun a\u00f1o completo\u00bb librarse \u00abde este vicio\u00bb, pero que el efecto narc\u00f3tico le provocaba visiones que le permitieron \u00abver a Dios con mayor claridad\u00bb.<\/p>\n\n\n\n<h2 class=\"wp-block-heading\" id=\"S\u00edmbolo-del-ocaso-imperial\">S\u00edmbolo del ocaso imperial<\/h2>\n\n\n\n<p>Cuando mapeamos los efectos fisiol\u00f3gicos y psicotr\u00f3picos de la dependencia del b\u00facaro en el rompecabezas de \u00abLas Meninas\u00bb, la pintura adquiere un significado nuevo y quiz\u00e1s incluso m\u00e1s inquietante.<\/p>\n\n\n\n<figure class=\"wp-block-image\"><img decoding=\"async\" src=\"https:\/\/ichef.bbci.co.uk\/news\/640\/cpsprodpb\/FB0F\/production\/_115217246_cuadro.jpg\" alt=\"Diego Vel\u00e1zquez en &quot;Las Meninas&quot;.\"\/><figcaption>Pie de foto,Vel\u00e1zquez parece apuntar al color rojo de su paleta, del mismo que habr\u00eda salido el b\u00facaro del cuadro.<\/figcaption><\/figure>\n\n\n\n<p>La conciencia alterada de la Infanta, cuyos dedos rodean al b\u00facaro (\u00bflo acaba de mordisquear?), se expande repentinamente desde el epicentro de la acci\u00f3n del lienzo a toda la mentalidad del cuadro.<\/p>\n\n\n\n<p>Adem\u00e1s, podemos ver que el pincel de Vel\u00e1zquez&nbsp;<strong>apunta a una mancha del mismo rojo intenso<\/strong>&nbsp;en su paleta, la misma de la que nace el b\u00facaro.<\/p>\n\n\n\n<ul class=\"wp-block-list\"><li><a href=\"https:\/\/www.bbc.com\/mundo\/noticias-42257437\">La tr\u00e1gica historia de la infanta Margarita, la princesa protagonista de \u00abLas meninas\u00bb y de un \u00abtrap\u00bb que se volvi\u00f3 viral<\/a><\/li><\/ul>\n\n\n\n<p>Fantasmal en su palidez, la Infanta tambi\u00e9n parece levitar desde el suelo, un efecto logrado por la sombra que el artista inserta bajo la basta de su vestido en forma de paraca\u00eddas.<\/p>\n\n\n\n<p>Incluso los padres de la Infanta,<strong>&nbsp;cuyas im\u00e1genes flotan directamente sobre el b\u00facaro<\/strong>, comienzan a parecer esp\u00edritus hologr\u00e1ficos proyectados desde otra dimensi\u00f3n m\u00e1s que meros reflejos en un espejo.<\/p>\n\n\n\n<p>De repente, vemos a \u00abLas Meninas\u00bb como lo que es, no solo una instant\u00e1nea de un momento, sino una meditaci\u00f3n sobre la evanescencia del mundo material y la inevitable evaporaci\u00f3n del yo.<\/p>\n\n\n\n<p>A lo largo de sus casi cuatro d\u00e9cadas de servicio a la corte, Vel\u00e1zquez fue testigo de la disminuci\u00f3n gradual del dominio de Felipe IV. El mundo se le escapaba.<\/p>\n\n\n\n<p>El b\u00facaro, un trofeo de haza\u00f1as coloniales y un poder imperial menguante,<strong>&nbsp;es el s\u00edmbolo perfecto de ese&nbsp;<\/strong><strong>ocaso&nbsp;<\/strong><strong>y del abandono del espejismo del ahora<\/strong>.<\/p>\n\n\n\n<p>El b\u00facaro ancla ingeniosamente la escena confusa y, al mismo tiempo, est\u00e1 directamente implicado en su confusi\u00f3n.<\/p>\n\n\n\n<p>Simult\u00e1neamente f\u00edsico, psicol\u00f3gico y espiritual en sus implicaciones simb\u00f3licas, el b\u00facaro es un ojo de cerradura a trav\u00e9s del cual se puede vislumbrar y desbloquear el significado m\u00e1s profundo de la obra maestra de Vel\u00e1zquez.<\/p>\n\n\n\n<p><em>* Este art\u00edculo fue publicado originalmente en BBC Culture, en ingl\u00e9s, y lo puedes leer aqu\u00ed<\/em>.<\/p>\n\n\n\n<p>Fuente: https:\/\/www.bbc.com\/mundo\/vert-cul-54802890<\/p>\n","protected":false},"excerpt":{"rendered":"<p>Un peque\u00f1o b\u00facaro, jarro, de arcilla de Guadalajara, Jalisco, es comentado por Byron Ellsworth Hamann KELLY GROVIER\/ BBC CULTURE A [&hellip;]<\/p>\n","protected":false},"author":1,"featured_media":1386,"comment_status":"open","ping_status":"open","sticky":false,"template":"","format":"standard","meta":{"site-sidebar-layout":"default","site-content-layout":"","ast-site-content-layout":"default","site-content-style":"default","site-sidebar-style":"default","ast-global-header-display":"","ast-banner-title-visibility":"","ast-main-header-display":"","ast-hfb-above-header-display":"","ast-hfb-below-header-display":"","ast-hfb-mobile-header-display":"","site-post-title":"","ast-breadcrumbs-content":"","ast-featured-img":"","footer-sml-layout":"","theme-transparent-header-meta":"","adv-header-id-meta":"","stick-header-meta":"","header-above-stick-meta":"","header-main-stick-meta":"","header-below-stick-meta":"","astra-migrate-meta-layouts":"default","ast-page-background-enabled":"default","ast-page-background-meta":{"desktop":{"background-color":"var(--ast-global-color-4)","background-image":"","background-repeat":"repeat","background-position":"center center","background-size":"auto","background-attachment":"scroll","background-type":"","background-media":"","overlay-type":"","overlay-color":"","overlay-opacity":"","overlay-gradient":""},"tablet":{"background-color":"","background-image":"","background-repeat":"repeat","background-position":"center center","background-size":"auto","background-attachment":"scroll","background-type":"","background-media":"","overlay-type":"","overlay-color":"","overlay-opacity":"","overlay-gradient":""},"mobile":{"background-color":"","background-image":"","background-repeat":"repeat","background-position":"center center","background-size":"auto","background-attachment":"scroll","background-type":"","background-media":"","overlay-type":"","overlay-color":"","overlay-opacity":"","overlay-gradient":""}},"ast-content-background-meta":{"desktop":{"background-color":"var(--ast-global-color-5)","background-image":"","background-repeat":"repeat","background-position":"center center","background-size":"auto","background-attachment":"scroll","background-type":"","background-media":"","overlay-type":"","overlay-color":"","overlay-opacity":"","overlay-gradient":""},"tablet":{"background-color":"var(--ast-global-color-5)","background-image":"","background-repeat":"repeat","background-position":"center center","background-size":"auto","background-attachment":"scroll","background-type":"","background-media":"","overlay-type":"","overlay-color":"","overlay-opacity":"","overlay-gradient":""},"mobile":{"background-color":"var(--ast-global-color-5)","background-image":"","background-repeat":"repeat","background-position":"center center","background-size":"auto","background-attachment":"scroll","background-type":"","background-media":"","overlay-type":"","overlay-color":"","overlay-opacity":"","overlay-gradient":""}},"footnotes":""},"categories":[8],"tags":[],"class_list":["post-1385","post","type-post","status-publish","format-standard","has-post-thumbnail","hentry","category-noticias"],"_links":{"self":[{"href":"https:\/\/losperiodistas.com.mx\/portal\/wp-json\/wp\/v2\/posts\/1385","targetHints":{"allow":["GET"]}}],"collection":[{"href":"https:\/\/losperiodistas.com.mx\/portal\/wp-json\/wp\/v2\/posts"}],"about":[{"href":"https:\/\/losperiodistas.com.mx\/portal\/wp-json\/wp\/v2\/types\/post"}],"author":[{"embeddable":true,"href":"https:\/\/losperiodistas.com.mx\/portal\/wp-json\/wp\/v2\/users\/1"}],"replies":[{"embeddable":true,"href":"https:\/\/losperiodistas.com.mx\/portal\/wp-json\/wp\/v2\/comments?post=1385"}],"version-history":[{"count":1,"href":"https:\/\/losperiodistas.com.mx\/portal\/wp-json\/wp\/v2\/posts\/1385\/revisions"}],"predecessor-version":[{"id":1387,"href":"https:\/\/losperiodistas.com.mx\/portal\/wp-json\/wp\/v2\/posts\/1385\/revisions\/1387"}],"wp:featuredmedia":[{"embeddable":true,"href":"https:\/\/losperiodistas.com.mx\/portal\/wp-json\/wp\/v2\/media\/1386"}],"wp:attachment":[{"href":"https:\/\/losperiodistas.com.mx\/portal\/wp-json\/wp\/v2\/media?parent=1385"}],"wp:term":[{"taxonomy":"category","embeddable":true,"href":"https:\/\/losperiodistas.com.mx\/portal\/wp-json\/wp\/v2\/categories?post=1385"},{"taxonomy":"post_tag","embeddable":true,"href":"https:\/\/losperiodistas.com.mx\/portal\/wp-json\/wp\/v2\/tags?post=1385"}],"curies":[{"name":"wp","href":"https:\/\/api.w.org\/{rel}","templated":true}]}}